{"id":112766,"date":"2020-05-02T11:15:44","date_gmt":"2020-05-02T08:15:44","guid":{"rendered":"https:\/\/www.enerjigazetesi.ist\/?p=112766"},"modified":"2020-05-02T11:59:25","modified_gmt":"2020-05-02T08:59:25","slug":"aytemiz-doel-elektrikin-paylarini-tamami-ile-aldi","status":"publish","type":"post","link":"https:\/\/www.enerjigazetesi.ist\/en\/aytemiz-doel-elektrikin-paylarini-tamami-ile-aldi\/","title":{"rendered":"(Turkish) &#8217;Aytemiz&#8217; Doel Elektrik&#8217;in Paylar\u0131n\u0131n Tamam\u0131na Sahip Oldu"},"content":{"rendered":"<p class=\"qtranxs-available-languages-message qtranxs-available-languages-message-en\">Sorry, this entry is only available in <a href=\"https:\/\/www.enerjigazetesi.ist\/tr\/wp-json\/wp\/v2\/posts\/112766\" class=\"qtranxs-available-language-link qtranxs-available-language-link-tr\" title=\"Turkish\">Turkish<\/a>. For the sake of viewer convenience, the content is shown below in the alternative language. You may click the link to switch the active language.<\/p><p><\/p>\n<h1>Aytemiz Da\u011f\u0131t\u0131m A.\u015e. taraf\u0131ndan Doel Elektrik Enerjisi Toptan Sat\u0131\u015f A.\u015e.&#8217;nin paylar\u0131n\u0131n tamam\u0131 \u00f6z kaynak de\u011feri 20,9 <img loading=\"lazy\" class=\"alignright wp-image-112768\" src=\"https:\/\/www.enerjigazetesi.ist\/wp-content\/uploads\/2020\/05\/aytemiz-doel-elektrikin-paylarini-tamami-ile-aldi.jpg\" alt=\"\" width=\"320\" height=\"194\" srcset=\"https:\/\/www.enerjigazetesi.ist\/wp-content\/uploads\/2020\/05\/aytemiz-doel-elektrikin-paylarini-tamami-ile-aldi.jpg 806w, https:\/\/www.enerjigazetesi.ist\/wp-content\/uploads\/2020\/05\/aytemiz-doel-elektrikin-paylarini-tamami-ile-aldi-300x182.jpg 300w, https:\/\/www.enerjigazetesi.ist\/wp-content\/uploads\/2020\/05\/aytemiz-doel-elektrikin-paylarini-tamami-ile-aldi-768x465.jpg 768w, https:\/\/www.enerjigazetesi.ist\/wp-content\/uploads\/2020\/05\/aytemiz-doel-elektrikin-paylarini-tamami-ile-aldi-500x303.jpg 500w, https:\/\/www.enerjigazetesi.ist\/wp-content\/uploads\/2020\/05\/aytemiz-doel-elektrikin-paylarini-tamami-ile-aldi-80x48.jpg 80w\" sizes=\"(max-width: 320px) 100vw, 320px\" \/>milyon lira bedel ile devral\u0131nd\u0131.<\/h1>\n<p>Konuya y\u00f6nelik <strong>Kamuyu Ayd\u0131nlatma Platformu&#8217;na (KAP) firma<\/strong> taraf\u0131ndan\u00a0a\u00e7\u0131klama yap\u0131ld\u0131.<\/p>\n<p>Yap\u0131lan a\u00e7\u0131klamada, &#8220;<strong>29.04.2020<\/strong> tarihinde \u015eirketimizin <strong>B Grubu Pay Sahibi Do\u011fan Enerji Yat\u0131r\u0131mlar\u0131 Sanayi ve Ticaret A.\u015e.<\/strong>&#8216;nin <strong>(&#8220;Do\u011fan Enerji&#8221;) %100<\/strong> pay\u0131na sahip oldu\u011fu <strong>Doel Elektrik<\/strong> <strong>Enerjisi Toptan Sat\u0131\u015f A.\u015e.<\/strong>&#8216;nin (&#8220;<strong>DOEL<\/strong>&#8220;)\u00a0 paylar\u0131n\u0131n tamam\u0131 <strong>\u00f6zkaynak de\u011feri 20.974.195,- T\u00fcrk Liras\u0131 bedelle<\/strong> \u015eirketimiz taraf\u0131ndan devral\u0131nm\u0131\u015ft\u0131r.\u201d a\u00e7\u0131klamalar\u0131na yer verildi.<\/p>","protected":false},"excerpt":{"rendered":"<p>Sorry, this entry is only available in Turkish. For the sake of viewer convenience, the content is shown below in the alternative language. You may click the link to switch the active language. Aytemiz Da\u011f\u0131t\u0131m A.\u015e. taraf\u0131ndan Doel Elektrik Enerjisi Toptan Sat\u0131\u015f A.\u015e.&#8217;nin paylar\u0131n\u0131n tamam\u0131 \u00f6z kaynak de\u011feri 20,9 milyon lira bedel ile devral\u0131nd\u0131. Konuya [&hellip;]<\/p>\n","protected":false},"author":1,"featured_media":112768,"comment_status":"open","ping_status":"open","sticky":false,"template":"","format":"standard","meta":[],"categories":[51,53,44],"tags":[52407,20431,70997,70995,70996,70998,52674,52259,60520,53153],"views":147,"_links":{"self":[{"href":"https:\/\/www.enerjigazetesi.ist\/en\/wp-json\/wp\/v2\/posts\/112766"}],"collection":[{"href":"https:\/\/www.enerjigazetesi.ist\/en\/wp-json\/wp\/v2\/posts"}],"about":[{"href":"https:\/\/www.enerjigazetesi.ist\/en\/wp-json\/wp\/v2\/types\/post"}],"author":[{"embeddable":true,"href":"https:\/\/www.enerjigazetesi.ist\/en\/wp-json\/wp\/v2\/users\/1"}],"replies":[{"embeddable":true,"href":"https:\/\/www.enerjigazetesi.ist\/en\/wp-json\/wp\/v2\/comments?post=112766"}],"version-history":[{"count":0,"href":"https:\/\/www.enerjigazetesi.ist\/en\/wp-json\/wp\/v2\/posts\/112766\/revisions"}],"wp:featuredmedia":[{"embeddable":true,"href":"https:\/\/www.enerjigazetesi.ist\/en\/wp-json\/wp\/v2\/media\/112768"}],"wp:attachment":[{"href":"https:\/\/www.enerjigazetesi.ist\/en\/wp-json\/wp\/v2\/media?parent=112766"}],"wp:term":[{"taxonomy":"category","embeddable":true,"href":"https:\/\/www.enerjigazetesi.ist\/en\/wp-json\/wp\/v2\/categories?post=112766"},{"taxonomy":"post_tag","embeddable":true,"href":"https:\/\/www.enerjigazetesi.ist\/en\/wp-json\/wp\/v2\/tags?post=112766"}],"curies":[{"name":"wp","href":"https:\/\/api.w.org\/{rel}","templated":true}]}}