{"id":112697,"date":"2020-04-30T13:20:26","date_gmt":"2020-04-30T10:20:26","guid":{"rendered":"https:\/\/www.enerjigazetesi.ist\/?p=112697"},"modified":"2020-04-30T13:21:30","modified_gmt":"2020-04-30T10:21:30","slug":"yeni-tuketicinin-dnasi-ceo-clup-online-summitte-masaya-yatirildi","status":"publish","type":"post","link":"https:\/\/www.enerjigazetesi.ist\/en\/yeni-tuketicinin-dnasi-ceo-clup-online-summitte-masaya-yatirildi\/","title":{"rendered":"(Turkish) Yeni T\u00fcketicinin DNA\u2019s\u0131 &#8216;CEO Clup Online Summit&#8217;te Masaya Yat\u0131r\u0131ld\u0131"},"content":{"rendered":"<p class=\"qtranxs-available-languages-message qtranxs-available-languages-message-en\">Sorry, this entry is only available in <a href=\"https:\/\/www.enerjigazetesi.ist\/tr\/wp-json\/wp\/v2\/posts\/112697\" class=\"qtranxs-available-language-link qtranxs-available-language-link-tr\" title=\"Turkish\">Turkish<\/a>. For the sake of viewer convenience, the content is shown below in the alternative language. You may click the link to switch the active language.<\/p><p><\/p>\n<h1><strong>Capital ve Ekonomist dergilerinin \u00f6nc\u00fcl\u00fc<\/strong><strong>\u011f<\/strong><strong>\u00fc<\/strong><strong>nde, Vodafone Business sponsorlu<\/strong><strong>\u011f<\/strong><strong>unda ger<\/strong><strong>\u00e7<\/strong><strong>ekle<\/strong><strong>\u015f<\/strong><strong>tirilen CEO Club Online Summit<\/strong><strong>\u2019<\/strong><strong>in 3&#8217;\u00fcnc\u00fc<\/strong><strong>\u00a0bulu<\/strong><strong>\u015f<\/strong><strong>mas<\/strong><strong>\u0131<\/strong><strong>nda koronavir<\/strong><strong>\u00fc<\/strong><strong>s salg<\/strong><strong>\u0131<\/strong><strong>n<\/strong><strong>\u0131<\/strong><strong>yla de<\/strong><strong>\u011f<\/strong><strong>i<\/strong><strong>\u015f<\/strong><strong>en t<\/strong><strong>\u00fc<\/strong><strong>ketici al<\/strong><strong>\u0131\u015f<\/strong><strong>kanl<\/strong><strong>\u0131<\/strong><strong>klar<\/strong><strong>\u0131<\/strong><strong> ve yeni d<\/strong><strong>\u00f6<\/strong><strong>nemdeki t<\/strong><strong>\u00fc<\/strong><strong>keticinin kodlar<\/strong><strong>\u0131<\/strong><strong> ele al<\/strong><strong>\u0131<\/strong><strong>nd<\/strong><strong>\u0131<\/strong><strong>. Vodafone T\u00fcrkiye <\/strong><strong>\u0130<\/strong><strong>cra Kurulu Ba<\/strong><strong>\u015f<\/strong><strong>kan Yard<\/strong><strong>\u0131<\/strong><strong>mc<\/strong><strong>\u0131<\/strong><strong>s<\/strong><strong>\u0131<\/strong><strong> Meltem Bakiler <\/strong><strong>\u015e<\/strong><strong>ahin, P&amp;G T\u00fcrkiye, Kafkasya ve Orta Asya Y\u00f6netim Kurulu Ba<\/strong><strong>\u015f<\/strong><strong>kan<\/strong><strong>\u0131<\/strong><strong> Tankut Turnao<\/strong><strong>\u011f<\/strong><strong>lu ve Nielsen T<\/strong><strong>\u00fc<\/strong><strong>rkiye Genel M<\/strong><strong>\u00fc<\/strong><strong>d<\/strong><strong>\u00fc<\/strong><strong>r<\/strong><strong>\u00fc<\/strong><strong> ve Do<\/strong><strong>\u011f<\/strong><strong>u Avrupa, Rusya, Ortado<\/strong><strong>\u011f<\/strong><strong>u ve Afrika Perakende Grup Ba<\/strong><strong>\u015f<\/strong><strong>kan Yard<\/strong><strong>\u0131<\/strong><strong>mc<\/strong><strong>\u0131<\/strong><strong>s<\/strong><strong>\u0131<\/strong><strong> Didem <\/strong><strong>\u015e<\/strong><strong>ekerel Erdo<\/strong><strong>\u011f<\/strong><strong>an, <\/strong><strong>\u2018<\/strong><strong>Yeni T<\/strong><strong>\u00fc<\/strong><strong>keticinin DNA<\/strong><strong>\u2019<\/strong><strong>s<\/strong><strong>\u0131<\/strong><strong>\u201d<\/strong><strong> ba<\/strong><strong>\u015f<\/strong><strong>l<\/strong><strong>\u0131<\/strong><strong>kl<\/strong><strong>\u0131<\/strong><strong> zirvede perakende sekt<\/strong><strong>\u00f6<\/strong><strong>r<\/strong><strong>\u00fc<\/strong><strong> ve e-ticarette geli<\/strong><strong>\u015f<\/strong><strong>meler, t<\/strong><strong>\u00fc<\/strong><strong>keticinin talepleri do<\/strong><strong>\u011f<\/strong><strong>rultusunda ya<\/strong><strong>\u015f<\/strong><strong>anan d<\/strong><strong>\u00f6<\/strong><strong>n<\/strong><strong>\u00fc<\/strong><strong>\u015f<\/strong><strong>\u00fc<\/strong><strong>m ve salg<\/strong><strong>\u0131<\/strong><strong>n sonras<\/strong><strong>\u0131<\/strong><strong> d<\/strong><strong>\u00f6<\/strong><strong>neme ili<\/strong><strong>\u015f<\/strong><strong>kin beklenti ve <\/strong><strong>\u00f6<\/strong><strong>ng<\/strong><strong>\u00f6<\/strong><strong>r<\/strong><strong>\u00fc<\/strong><strong>leri de<\/strong><strong>\u011f<\/strong><strong>erlendirdi.<\/strong><\/h1>\n<p><strong>30 Nisan 2020<\/strong> \u2013 <strong>Capital ve Ekonomist<\/strong> dergilerinin \u00f6nc\u00fcl\u00fc\u011f\u00fcnde, <strong>Vodafone Business<\/strong> sponsorlu\u011funda d\u00fczenlenen <strong>CEO Club Online Summit<\/strong>, i\u015f d\u00fcnyas\u0131n\u0131n bulu\u015fma noktas\u0131 olmaya devam ediyor. <strong>Online CEO Club toplant\u0131lar\u0131<\/strong>n\u0131n \u00fc\u00e7\u00fcnc\u00fcs\u00fcnde <strong>koronavir\u00fcs salg\u0131n\u0131 d\u00f6nemi<\/strong>nde <img loading=\"lazy\" class=\"alignright wp-image-112699\" src=\"https:\/\/www.enerjigazetesi.ist\/wp-content\/uploads\/2020\/04\/yeni-tuketicinin-dnasi-ceo-clup-online-summitte-masaya-yatirildi.jpg\" alt=\"\" width=\"320\" height=\"180\" srcset=\"https:\/\/www.enerjigazetesi.ist\/wp-content\/uploads\/2020\/04\/yeni-tuketicinin-dnasi-ceo-clup-online-summitte-masaya-yatirildi.jpg 868w, https:\/\/www.enerjigazetesi.ist\/wp-content\/uploads\/2020\/04\/yeni-tuketicinin-dnasi-ceo-clup-online-summitte-masaya-yatirildi-300x169.jpg 300w, https:\/\/www.enerjigazetesi.ist\/wp-content\/uploads\/2020\/04\/yeni-tuketicinin-dnasi-ceo-clup-online-summitte-masaya-yatirildi-768x432.jpg 768w, https:\/\/www.enerjigazetesi.ist\/wp-content\/uploads\/2020\/04\/yeni-tuketicinin-dnasi-ceo-clup-online-summitte-masaya-yatirildi-500x281.jpg 500w, https:\/\/www.enerjigazetesi.ist\/wp-content\/uploads\/2020\/04\/yeni-tuketicinin-dnasi-ceo-clup-online-summitte-masaya-yatirildi-80x45.jpg 80w\" sizes=\"(max-width: 320px) 100vw, 320px\" \/>perakende sekt\u00f6r\u00fcnde ya\u015fanan <strong>de\u011fi\u015fim ve d\u00f6n\u00fc\u015f\u00fcm, de\u011fi\u015fen t\u00fcketici al\u0131\u015fkanl\u0131klar\u0131<\/strong> \u00e7er\u00e7evesinde ele al\u0131n\u0131rken yeni d\u00f6nemin t\u00fcketici profili konu\u015fuldu.<\/p>\n<p>Ekonomist Dergisi Yay\u0131n Y\u00f6netmeni <strong>Talat Ye<\/strong><strong>\u015f<\/strong><strong>ilo<\/strong><strong>\u011f<\/strong><strong>lu<\/strong>\u2019nun a\u00e7\u0131l\u0131\u015f konu\u015fmas\u0131yla ba\u015flayan <strong>CEO Club Online Summit,<\/strong> <strong>Vodafone T\u00fcrkiye <\/strong><strong>\u0130<\/strong><strong>cra Kurulu Ba<\/strong><strong>\u015f<\/strong><strong>kan Yard<\/strong><strong>\u0131<\/strong><strong>mc<\/strong><strong>\u0131<\/strong><strong>s<\/strong><strong>\u0131<\/strong><strong> Meltem Bakiler <\/strong><strong>\u015e<\/strong><strong>ahin, P&amp;G T\u00fcrkiye, Kafkasya ve Orta Asya Y\u00f6netim Kurulu Ba<\/strong><strong>\u015f<\/strong><strong>kan<\/strong><strong>\u0131<\/strong><strong> Tankut Turnao<\/strong><strong>\u011f<\/strong><strong>lu <\/strong>ve <strong>Nielsen T\u00fcrkiye Genel M\u00fcd\u00fcr\u00fc ve Do<\/strong><strong>\u011f<\/strong><strong>u Avrupa, Rusya, Ortado<\/strong><strong>\u011f<\/strong><strong>u ve Afrika Perakende Grup Ba<\/strong><strong>\u015f<\/strong><strong>kan Yard<\/strong><strong>\u0131<\/strong><strong>mc<\/strong><strong>\u0131<\/strong><strong>s<\/strong><strong>\u0131<\/strong><strong> Didem <\/strong><strong>\u015e<\/strong><strong>ekerel Erdo<\/strong><strong>\u011f<\/strong><strong>an<\/strong><strong>\u2019<\/strong><strong>\u0131<\/strong><strong>n<\/strong> kat\u0131ld\u0131\u011f\u0131<strong> Yeni D\u00fcnyada <\/strong><strong>\u0130\u015f<\/strong><strong> Yap<\/strong><strong>\u0131\u015f<\/strong> <strong>\u015e<\/strong><strong>ekillerimiz: Yeni T<\/strong><strong>\u00fc<\/strong><strong>keticinin DNA<\/strong><strong>\u2019<\/strong><strong>s<\/strong><strong>\u0131<\/strong> temal\u0131 online sohbetle devam etti.Online CEO Club\u2019da perakende sekt\u00f6r\u00fc ve e-ticarette geli\u015fmeler, t\u00fcketicinin talepleri do\u011frultusunda ya\u015fanan d\u00f6n\u00fc\u015f\u00fcm ve salg\u0131n sonras\u0131 d\u00f6neme ili\u015fkin beklenti ve \u00f6ng\u00f6r\u00fclerle dijitalle\u015fmenin t\u00fcm bu s\u00fcre\u00e7lerdeki \u00f6nemi tart\u0131\u015f\u0131ld\u0131.<\/p>\n<h2><strong>Meltem Bakiler <\/strong><strong>\u015e<\/strong><strong>ahin: T\u00fcketici al<\/strong><strong>\u0131\u015f<\/strong><strong>kanl<\/strong><strong>\u0131<\/strong><strong>klar<\/strong><strong>\u0131<\/strong><strong>ndaki de<\/strong><strong>\u011f<\/strong><strong>i<\/strong><strong>\u015f<\/strong><strong>im telekom sekt<\/strong><strong>\u00f6<\/strong><strong>r<\/strong><strong>\u00fc<\/strong><strong>ne de yans<\/strong><strong>\u0131<\/strong><strong>d<\/strong><strong>\u0131<\/strong><\/h2>\n<p><strong>Koronavir\u00fcs salg\u0131n\u0131<\/strong>n\u0131n <strong>ekonomiden siyasete, e\u011fitimden t\u00fcketime t\u00fcm alanlarda<\/strong> k\u00f6kl\u00fc de\u011fi\u015fimler yaratt\u0131\u011f\u0131n\u0131 belirten<strong> Vodafone T\u00fcrkiye <\/strong><strong>\u0130<\/strong><strong>cra Kurulu Ba<\/strong><strong>\u015f<\/strong><strong>kan Yard<\/strong><strong>\u0131<\/strong><strong>mc<\/strong><strong>\u0131<\/strong><strong>s<\/strong><strong>\u0131<\/strong><strong> Meltem Bakiler <\/strong><strong>\u015e<\/strong><strong>ahin,<\/strong> <em>hem i\u015fletmelerin hem t\u00fcketicilerin<\/em> dijitalle\u015fmenin \u00f6nemini net bir \u015fekilde g\u00f6rd\u00fc\u011f\u00fcn\u00fc vurgulad\u0131. <strong>Meltem Bakiler \u015eahin<\/strong>, <span style=\"text-decoration: underline;\">\u015f\u00f6yle konu\u015ftu:<\/span><\/p>\n<p>\u201cHayat\u0131m\u0131zda art\u0131k <strong>\u2018yeni normal\u2019<\/strong> diye bir kavram var. \u0130\u00e7inde bulundu\u011fumuz yeni d\u00f6nemde <strong>t\u00fcketim al\u0131\u015fkanlar\u0131m\u0131z<\/strong> da de\u011fi\u015fti. Hem kulland\u0131\u011f\u0131m\u0131z \u00fcr\u00fcnlerde hem de sat\u0131n ald\u0131\u011f\u0131m\u0131z kanallarda de\u011fi\u015fim g\u00f6zlemliyoruz. S\u00fcre\u00e7 i\u00e7erisinde son t\u00fcketiciye d\u00f6nen, <strong>ev i\u00e7i t\u00fcketime odaklanan<\/strong>, daha b\u00fcy\u00fck hacimli \u00fcr\u00fcnleri h\u0131zl\u0131 ve hijyenik \u015fekilde teslim eden firmalar pozitif bir \u015fekilde ayr\u0131\u015ft\u0131. T\u00fcketici al\u0131\u015fkanl\u0131klar\u0131ndaki <strong>de\u011fi\u015fim telekom sekt\u00f6r\u00fcne<\/strong> de yans\u0131d\u0131. <strong>Ticaret ve al\u0131\u015fveri\u015f online<\/strong> kanala kayd\u0131. Evine ilk kez <strong>internet alanlar\u0131n<\/strong> say\u0131s\u0131nda <strong>yukar\u0131 y\u00f6nl\u00fc bir ivme<\/strong> devam ediyor. Evden \/<strong>uzaktan \u00e7al\u0131\u015fan ki\u015fi say\u0131s\u0131<\/strong>n\u0131n art\u0131\u015f\u0131 <strong>donan\u0131m, yaz\u0131l\u0131m, VPN ve telekonferans sistemleri<\/strong>ne olan talebi art\u0131rd\u0131. <strong>Evden \u00e7al\u0131\u015fma, uzaktan e\u011fitim<\/strong> gibi etkenler t\u00fcketicilerin data kullan\u0131m al\u0131\u015fkanl\u0131klar\u0131n\u0131 da de\u011fi\u015ftirdi.Salg\u0131n \u00f6ncesinde ak\u015fam saatleri gibi belli zaman dilimlerine y\u0131\u011f\u0131lan kullan\u0131m art\u0131k g\u00fcn i\u00e7ine yay\u0131ld\u0131. Dolay\u0131s\u0131yla sekt\u00f6rde <strong>mobil ve sabit data kullan\u0131m\u0131<\/strong> artt\u0131. Vodafone \u00f6zelinde mobil trafikte <strong>%10<\/strong>, sabitte <strong>%60<\/strong>\u2019a varan art\u0131\u015flar g\u00f6zlemliyoruz. Salg\u0131n sonras\u0131 s\u00fcre\u00e7te ise uzaktan \u00e7al\u0131\u015fman\u0131n rafa kalkmayaca\u011f\u0131, <strong>hibrit bir \u00e7al\u0131\u015fma sistemi<\/strong>ne ge\u00e7ece\u011fimiz g\u00f6r\u00fc\u015f\u00fcndeyiz. Yani ekibin bir k\u0131sm\u0131n\u0131n evden \u00e7al\u0131\u015ft\u0131\u011f\u0131, bir k\u0131sm\u0131n\u0131n sahada, hareket halinde oldu\u011fu, <strong>iki taraf\u0131nda da<\/strong> birbirini besledi\u011fi bir d\u00fczen s\u00f6z konusu olabilir. <strong>Vodafone Business<\/strong> olarak her zaman oldu\u011fu gibi bu s\u00fcre\u00e7lerde de i\u015fletmelerimizin yan\u0131nda olmaya devam edece\u011fiz.\u201d<\/p>","protected":false},"excerpt":{"rendered":"<p>Sorry, this entry is only available in Turkish. For the sake of viewer convenience, the content is shown below in the alternative language. You may click the link to switch the active language. Capital ve Ekonomist dergilerinin \u00f6nc\u00fcl\u00fc\u011f\u00fcnde, Vodafone Business sponsorlu\u011funda ger\u00e7ekle\u015ftirilen CEO Club Online Summit\u2019in 3&#8217;\u00fcnc\u00fc\u00a0bulu\u015fmas\u0131nda koronavir\u00fcs salg\u0131n\u0131yla de\u011fi\u015fen t\u00fcketici al\u0131\u015fkanl\u0131klar\u0131 ve yeni d\u00f6nemdeki [&hellip;]<\/p>\n","protected":false},"author":1,"featured_media":112699,"comment_status":"open","ping_status":"open","sticky":false,"template":"","format":"standard","meta":[],"categories":[51,53],"tags":[66011,57063,70916,70913,25106,52259,66104,69696,70909,70911,70914,48193,70915,70910,24904,70912],"views":91,"_links":{"self":[{"href":"https:\/\/www.enerjigazetesi.ist\/en\/wp-json\/wp\/v2\/posts\/112697"}],"collection":[{"href":"https:\/\/www.enerjigazetesi.ist\/en\/wp-json\/wp\/v2\/posts"}],"about":[{"href":"https:\/\/www.enerjigazetesi.ist\/en\/wp-json\/wp\/v2\/types\/post"}],"author":[{"embeddable":true,"href":"https:\/\/www.enerjigazetesi.ist\/en\/wp-json\/wp\/v2\/users\/1"}],"replies":[{"embeddable":true,"href":"https:\/\/www.enerjigazetesi.ist\/en\/wp-json\/wp\/v2\/comments?post=112697"}],"version-history":[{"count":0,"href":"https:\/\/www.enerjigazetesi.ist\/en\/wp-json\/wp\/v2\/posts\/112697\/revisions"}],"wp:featuredmedia":[{"embeddable":true,"href":"https:\/\/www.enerjigazetesi.ist\/en\/wp-json\/wp\/v2\/media\/112699"}],"wp:attachment":[{"href":"https:\/\/www.enerjigazetesi.ist\/en\/wp-json\/wp\/v2\/media?parent=112697"}],"wp:term":[{"taxonomy":"category","embeddable":true,"href":"https:\/\/www.enerjigazetesi.ist\/en\/wp-json\/wp\/v2\/categories?post=112697"},{"taxonomy":"post_tag","embeddable":true,"href":"https:\/\/www.enerjigazetesi.ist\/en\/wp-json\/wp\/v2\/tags?post=112697"}],"curies":[{"name":"wp","href":"https:\/\/api.w.org\/{rel}","templated":true}]}}