{"id":112669,"date":"2020-04-30T11:06:28","date_gmt":"2020-04-30T08:06:28","guid":{"rendered":"https:\/\/www.enerjigazetesi.ist\/?p=112669"},"modified":"2020-04-30T11:06:28","modified_gmt":"2020-04-30T08:06:28","slug":"ashova-vehbi-koc-vakfi-ile-sosyal-girisimcilik-gunune-ev-sahipligi-yapti","status":"publish","type":"post","link":"https:\/\/www.enerjigazetesi.ist\/en\/ashova-vehbi-koc-vakfi-ile-sosyal-girisimcilik-gunune-ev-sahipligi-yapti\/","title":{"rendered":"(Turkish) &#8217;Ashova&#8217; Vehbi Ko\u00e7 Vakf\u0131 ile Sosyal Giri\u015fimcilik G\u00fcn\u00fc&#8217;ne Ev Sahipli\u011fi Yapt\u0131"},"content":{"rendered":"<p class=\"qtranxs-available-languages-message qtranxs-available-languages-message-en\">Sorry, this entry is only available in <a href=\"https:\/\/www.enerjigazetesi.ist\/tr\/wp-json\/wp\/v2\/posts\/112669\" class=\"qtranxs-available-language-link qtranxs-available-language-link-tr\" title=\"Turkish\">Turkish<\/a>. For the sake of viewer convenience, the content is shown below in the alternative language. You may click the link to switch the active language.<\/p><p><\/p>\n<h1>Ashoka T\u00fcrkiye ev sahipli\u011finde ve Vehbi Ko\u00e7 Vakf\u0131 ortakl\u0131\u011f\u0131nda d\u00fczenlenen Sosyal Giri\u015fimcilik G\u00fcn\u00fc\u2019nde bir araya gelen sivil toplum ve i\u015f d\u00fcnyas\u0131 liderleri, \u201cHerkes fark yaratabilir\u201d dedi.<\/h1>\n<p>D\u00fcnyan\u0131n ilk ve en geni\u015f sosyal giri\u015fimcilik platformu Ashoka, Vehbi Ko\u00e7 Vakf\u0131 ortakl\u0131\u011f\u0131nda, bu sene <strong>3&#8217;\u00fcnc\u00fc<\/strong> kez <strong>Sosyal Giri<\/strong><strong>\u015f<\/strong><strong>imcilik G<\/strong><strong>\u00fc<\/strong><strong>n<\/strong><strong>\u00fc\u2019<\/strong><strong>ne <\/strong>ev sahipli\u011fi yapt\u0131. <strong>28 \u2013 29 Nisan 2020<\/strong> tarihlerinde <img loading=\"lazy\" class=\"alignright wp-image-112671\" src=\"https:\/\/www.enerjigazetesi.ist\/wp-content\/uploads\/2020\/04\/ashova-vehbi-koc-vakfi-ile-sosyal-girisimcilik-gunune-ev-sahipligi-yapti.jpg\" alt=\"\" width=\"340\" height=\"340\" srcset=\"https:\/\/www.enerjigazetesi.ist\/wp-content\/uploads\/2020\/04\/ashova-vehbi-koc-vakfi-ile-sosyal-girisimcilik-gunune-ev-sahipligi-yapti.jpg 488w, https:\/\/www.enerjigazetesi.ist\/wp-content\/uploads\/2020\/04\/ashova-vehbi-koc-vakfi-ile-sosyal-girisimcilik-gunune-ev-sahipligi-yapti-150x150.jpg 150w, https:\/\/www.enerjigazetesi.ist\/wp-content\/uploads\/2020\/04\/ashova-vehbi-koc-vakfi-ile-sosyal-girisimcilik-gunune-ev-sahipligi-yapti-300x300.jpg 300w, https:\/\/www.enerjigazetesi.ist\/wp-content\/uploads\/2020\/04\/ashova-vehbi-koc-vakfi-ile-sosyal-girisimcilik-gunune-ev-sahipligi-yapti-400x400.jpg 400w, https:\/\/www.enerjigazetesi.ist\/wp-content\/uploads\/2020\/04\/ashova-vehbi-koc-vakfi-ile-sosyal-girisimcilik-gunune-ev-sahipligi-yapti-50x50.jpg 50w, https:\/\/www.enerjigazetesi.ist\/wp-content\/uploads\/2020\/04\/ashova-vehbi-koc-vakfi-ile-sosyal-girisimcilik-gunune-ev-sahipligi-yapti-100x100.jpg 100w\" sizes=\"(max-width: 340px) 100vw, 340px\" \/>herkesin kat\u0131l\u0131m\u0131na a\u00e7\u0131k olarak <strong>canl\u0131 yay\u0131nlanan etkinlik<\/strong>te, T\u00fcrkiye\u2019deki sosyal giri\u015fimcilik ekosistemini g\u00fc\u00e7lendirmek i\u00e7in \u00e7al\u0131\u015fan liderler bir araya geldi. <strong>10\u2019dan fazla<\/strong> \u015fehirden yakla\u015f\u0131k <strong>200 ki\u015finin<\/strong> kat\u0131ld\u0131\u011f\u0131 \u00e7evrimi\u00e7i oturumlarda, d\u00f6n\u00fc\u015fen sistemler ve de\u011fi\u015fen d\u00fcnya d\u00fczenisosyal giri\u015fimcilik penceresinden de\u011ferlendirildi. Etkinli\u011fin onur konuklar\u0131 aras\u0131nda ise, <strong>Ashoka<\/strong> ve<strong> Schwab Fellow<\/strong>\u2019u olmas\u0131n\u0131n yan\u0131 s\u0131ra \u00e7ocuklar ve gen\u00e7lerin g\u00fc\u00e7lendirilmesi konusunda d\u00fcnya \u00e7ap\u0131nda pek \u00e7ok <strong>sivil toplum projesi<\/strong>nin liderli\u011fini \u00fcstlenen <strong>Jeroo Billimoria<\/strong>, <strong>KONDA<\/strong> Genel M\u00fcd\u00fcr\u00fc <strong>Bekir A\u011f\u0131rd\u0131r<\/strong> ve <strong>Ashoka Support Network \u00dcyesi<\/strong> ve Eczac\u0131ba\u015f\u0131 Holding Y\u00f6netim Kurulu Ba\u015fkan Yard\u0131mc\u0131s\u0131 <strong>Faruk Eczac\u0131ba\u015f\u0131<\/strong> yer ald\u0131.<\/p>\n<h2><strong>Erdal Y<\/strong><strong>\u0131<\/strong><strong>ld<\/strong><strong>\u0131<\/strong><strong>r<\/strong><strong>\u0131<\/strong><strong>m: <\/strong><strong>\u201c<\/strong><strong>Sosyal sorunlara sistemsel <\/strong><strong>\u00e7\u00f6<\/strong><strong>z<\/strong><strong>\u00fc<\/strong><strong>mler <\/strong><strong>\u00fc<\/strong><strong>retme noktas<\/strong><strong>\u0131<\/strong><strong>nda, hay<\/strong><strong>\u0131<\/strong><strong>rseverlik alan<\/strong><strong>\u0131<\/strong><strong>n<\/strong><strong>\u0131<\/strong><strong> gittik<\/strong><strong>\u00e7<\/strong><strong>e g<\/strong><strong>\u00fc\u00e7<\/strong><strong>lendiren sosyal giri<\/strong><strong>\u015f<\/strong><strong>imcili<\/strong><strong>\u011f<\/strong><strong>i T<\/strong><strong>\u00fc<\/strong><strong>rkiye<\/strong><strong>\u2019<\/strong><strong>de destekliyor olmaktan b<\/strong><strong>\u00fc<\/strong><strong>y<\/strong><strong>\u00fc<\/strong><strong>k gurur ve mutluluk duyuyoruz.<\/strong><strong>\u201d<\/strong><\/h2>\n<p>Etkinli\u011fin a\u00e7\u0131l\u0131\u015f konu\u015fmas\u0131n\u0131 yapan <strong>Vehbi Ko\u00e7 Vakf<\/strong><strong>\u0131<\/strong><strong> Genel M<\/strong><strong>\u00fc<\/strong><strong>d<\/strong><strong>\u00fc<\/strong><strong>r<\/strong><strong>\u00fc<\/strong><strong> Erdal Y<\/strong><strong>\u0131<\/strong><strong>ld<\/strong><strong>\u0131<\/strong><strong>r<\/strong><strong>\u0131<\/strong><strong>m<\/strong>, 3 y\u0131l \u00f6nce Ashoka T\u00fcrkiye ekibinin sosyal giri\u015fimcilik g\u00fcn\u00fc hayaline Vehbi Ko\u00e7 Vakf\u0131 olarak ortak olduklar\u0131n\u0131 vurgularken, s\u00f6zlerini \u015f\u00f6yle s\u00fcrd\u00fcrd\u00fc: \u201cAshoka T\u00fcrkiye ile sosyal giri\u015fimcilik alan\u0131ndaki ortakl\u0131\u011f\u0131m\u0131z, ekosistemi g\u00fc\u00e7lendirmek ve yayg\u0131nla\u015ft\u0131rmak \u00fczere geni\u015f bir grup kurulu\u015f ile y\u00fcr\u00fctt\u00fc\u011f\u00fcm\u00fcz \u2018T\u00fcrkiye Sosyal Giri\u015fimcilik A\u011f\u0131\u2019 program\u0131 kapsam\u0131nda da ba\u015far\u0131yla devam ediyor. Bu 3&#8217;\u00fcnc\u00fc Sosyal Giri\u015fimcilik G\u00fcn\u00fc\u2019nde bir kez daha anl\u0131yoruz ki, zorla\u015fan ve de\u011fi\u015fen ko\u015fullara ra\u011fmen sosyal giri\u015fimcilik alan\u0131n\u0131n \u00f6nemi her ge\u00e7en g\u00fcn art\u0131yor. \u00d6zellikle global olarak i\u00e7inde bulundu\u011fumuz bu gibi kriz d\u00f6nemlerinde, sosyal giri\u015fimlerin sorunlara h\u0131zl\u0131 tepki verebilme yetenekleri ve s\u00fcrd\u00fcr\u00fclebilirliklerini sa\u011flayan finansal modelleri sayesinde geleneksel yap\u0131lara g\u00f6re daha dayan\u0131kl\u0131 olduklar\u0131na ve daha esnek davrand\u0131klar\u0131na \u015fahit oluyoruz. <strong>Sosyal sorunlara sistemsel \u00e7\u00f6z\u00fcmler<\/strong> \u00fcretme noktas\u0131nda, hay\u0131rseverlik alan\u0131n\u0131 gittik\u00e7e g\u00fc\u00e7lendiren bu melez modeli T\u00fcrkiye\u2019de destekliyor olmaktan <strong>b\u00fcy\u00fck gurur ve mutluluk<\/strong> duyuyoruz \u201d dedi.<\/p>\n<h2><strong>Zeynep Meydano<\/strong><strong>\u011f<\/strong><strong>lu: <\/strong><strong>\u201c<\/strong><strong>Herkesin fark yaratabilece<\/strong><strong>\u011f<\/strong><strong>i bir T<\/strong><strong>\u00fc<\/strong><strong>rkiye i<\/strong><strong>\u00e7<\/strong><strong>in sekt<\/strong><strong>\u00f6<\/strong><strong>rler ve akt<\/strong><strong>\u00f6<\/strong><strong>rler aras<\/strong><strong>\u0131<\/strong><strong> i<\/strong><strong>\u015f<\/strong><strong> birliklerine ihtiyac<\/strong><strong>\u0131<\/strong><strong>m<\/strong><strong>\u0131<\/strong><strong>z var<\/strong><strong>\u201d<\/strong><\/h2>\n<p><strong>Ashoka T\u00fcrkiye \u00dclke Direkt\u00f6r\u00fc Zeynep Meydano<\/strong><strong>\u011f<\/strong><strong>lu <\/strong>ise \u201c40 y\u0131ll\u0131k k\u00fcresel deneyimimiz ve T\u00fcrkiye\u2019deki sosyal giri\u015fimcilik dahil \u00e7e\u015fitli sekt\u00f6rlerden payda\u015flarla yak\u0131ndan \u00e7al\u0131\u015fmalar\u0131m\u0131z bize \u015funu g\u00f6steriyor: \u0130\u00e7ine do\u011fdu\u011fumuz ko\u015fullar, e\u011fitim durumumuz, mesle\u011fimiz ne olursa olsun toplumsal sorunlar\u0131n \u00e7\u00f6z\u00fclmesi i\u00e7in farkl\u0131 a\u015famalarda rol alan bizlerin ihtiya\u00e7lar\u0131 ortak. Sosyal Giri\u015fimcilik G\u00fcn\u00fc\u2019n\u00fc tasarlarken bu ihtiya\u00e7lar\u0131 g\u00f6z \u00f6n\u00fcnde bulunduruyoruz. Derinle\u015fmesi i\u00e7in odak ve zaman gereken konular\u0131 kaps\u00fcller halinde sunuyoruz. T\u00fcrkiye\u2019nin d\u00f6rt bir yan\u0131ndan, toplumsal sorunlar\u0131n \u00e7\u00f6z\u00fcm\u00fc i\u00e7in \u00e7al\u0131\u015fan <strong>200\u2019e yak\u0131n kat\u0131l\u0131mc\u0131y\u0131<\/strong> bu \u00e7\u00f6z\u00fcm kaps\u00fclleri etraf\u0131nda bir araya getirmenin ve d\u00f6n\u00fc\u015ft\u00fcrenlerin d\u00f6n\u00fc\u015fece\u011fi f\u0131rsatlar\u0131n g\u00fcc\u00fcne inan\u0131yoruz. <strong>Vehbi Ko\u00e7 Vakf\u0131<\/strong>\u2019n\u0131n sosyal giri\u015fimcilik ekosistemine katk\u0131lar\u0131 \u015f\u00fcphesiz ki \u00e7ok k\u0131ymetli. <strong>Vehbi Ko\u00e7 Vakf\u0131<\/strong> \u00fc\u00e7 senedir Ashoka T\u00fcrkiye\u2019nin <strong>Sosyal Giri\u015fimcilik Program\u0131<\/strong>\u2019n\u0131n stratejik destek\u00e7isi. Ayn\u0131 zamanda ortaklar\u0131ndan oldu\u011fumuz T\u00fcrkiye Sosyal Giri\u015fimcilik A\u011f\u0131\u2019n\u0131n da y\u00fcr\u00fct\u00fcc\u00fcs\u00fc. Herkesin fark yaratabilece\u011fi bir T\u00fcrkiye i\u00e7in sekt\u00f6rler ve akt\u00f6rler aras\u0131 bu gibi i\u015f birliklerine ihtiyac\u0131m\u0131z var\u201d dedi.<\/p>\n<h2><strong>Sosyal Giri<\/strong><strong>\u015f<\/strong><strong>imcilik G<\/strong><strong>\u00fc<\/strong><strong>n<\/strong><strong>\u00fc<\/strong><strong>, 3&#8217;\u00fcnc\u00fc<\/strong><strong>\u00a0y<\/strong><strong>\u0131<\/strong><strong>l<\/strong><strong>\u0131<\/strong><strong>nda sosyal giri<\/strong><strong>\u015f<\/strong><strong>imciler, ekosistem payda<\/strong><strong>\u015f<\/strong><strong>lar<\/strong><strong>\u0131<\/strong><strong> ve i<\/strong><strong>\u015f<\/strong><strong> d<\/strong><strong>\u00fc<\/strong><strong>nyas<\/strong><strong>\u0131<\/strong><strong> liderlerine ilham verirken, yeni ara<\/strong><strong>\u00e7<\/strong><strong>lar ve ba<\/strong><strong>\u011f<\/strong><strong>lant<\/strong><strong>\u0131<\/strong><strong>lar sunmaya devam ediyor.<\/strong><\/h2>\n<p><strong>10 farkl\u0131 at\u00f6lye<\/strong>nin d\u00fczenlendi\u011fi ve alan\u0131nda uzman <strong>20 konu\u015fmac\u0131n\u0131n<\/strong> kat\u0131ld\u0131\u011f\u0131 Sosyal Giri\u015fimcilik G\u00fcn\u00fc, <strong>Zeynep Meydanog\u0306lu<\/strong> ve <strong>Jeroo Billimoria<\/strong>\u2019n\u0131n \u201cBelirsizlig\u0306in Ortas\u0131ndan Sistem Do\u0308nu\u0308s\u0327u\u0308mu\u0308ne\u201d ba\u015fl\u0131kl\u0131 oturumuyla ba\u015flad\u0131. Program s\u00fcresince <strong>Zorlu Holding<\/strong>\u2019in katk\u0131lar\u0131yla \u201cToplumsal Do\u0308nu\u0308s\u0327u\u0308m ic\u0327in Genc\u0327lik Hareketi at\u00f6lyesi ve <strong>Kearney T\u00fcrkiye<\/strong>\u2019nin deste\u011fi ile \u201cCovid-19&#8217;un Etkisi ve Sosyal Giri\u015fimcilere Getirdi\u011fi F\u0131rsatlar\u201d at\u00f6lyeleri ger\u00e7ekle\u015ftirildi. <strong>Melis Alphan<\/strong>\u2019n\u0131n moderat\u00f6rl\u00fc\u011f\u00fcn\u00fc \u00fcstlendi\u011fi \u201cBir Sistem Do\u0308nu\u0308s\u0327u\u0308mu\u0308 Hikayesi: Kad\u0131n\u0131n I\u0307nsan Haklar\u0131\u201d oturumunun konu\u011fu Kad\u0131n Haklar\u0131 Sivi Toplum \u00d6rg\u00fct\u00fc KAMER\u2019in kurucusu ve ayn\u0131 zamanda bir Ashoka Fellow\u2019u olan <strong>Nebahat Akkoc\u0327<\/strong> olurken, \u201cKorona Gu\u0308nlerinde Tu\u0308rkiye&#8217;yi Okumak\u201d ba\u015fl\u0131\u011f\u0131 alt\u0131nda ger\u00e7ekle\u015ftiriken oturumda <strong>Mirg\u00fcn Cabas<\/strong>\u2019\u0131n konu\u011fu ara\u015ft\u0131rma ve dan\u0131\u015fmanl\u0131k \u015firketi KONDA Genel M\u00fcd\u00fcr\u00fc <strong>Bekir A\u011f\u0131rd\u0131r<\/strong> oldu. Etkinli\u011fin kapan\u0131\u015f\u0131nda ise <strong>Fridays For Future T\u00fcrkiye<\/strong> ekibinden <strong>Selin Go\u0308ren<\/strong> \u201cElimden Gelenin En I\u0307yisini Yap\u0131yorum\u201d ba\u015fl\u0131kl\u0131 oturumda <strong>Ashoka Fellow<\/strong>\u2019u ve <strong>Change.org<\/strong>\u2019un T\u00fcrkiye Direkt\u00f6r\u00fc <strong>Dr. Uygar O\u0308zesmi<\/strong>\u2019yi a\u011f\u0131rlad\u0131.<\/p>\n<p>Canl\u0131 yay\u0131nlanan etkinli\u011fin kay\u0131tlar\u0131na, dileyen herkes <strong>Ashoka T\u00fcrkiye Youtube kanal\u0131<\/strong>ndan ula\u015fabilmektedir.<\/p>","protected":false},"excerpt":{"rendered":"<p>Sorry, this entry is only available in Turkish. For the sake of viewer convenience, the content is shown below in the alternative language. You may click the link to switch the active language. Ashoka T\u00fcrkiye ev sahipli\u011finde ve Vehbi Ko\u00e7 Vakf\u0131 ortakl\u0131\u011f\u0131nda d\u00fczenlenen Sosyal Giri\u015fimcilik G\u00fcn\u00fc\u2019nde bir araya gelen sivil toplum ve i\u015f d\u00fcnyas\u0131 liderleri, [&hellip;]<\/p>\n","protected":false},"author":1,"featured_media":112672,"comment_status":"open","ping_status":"open","sticky":false,"template":"","format":"standard","meta":[],"categories":[51,53],"tags":[70852,70856,70854,70861,52259,60078,57589,70865,70862,70863,70864,70866,70855,70860,70853,70857,70859,60073,70858],"views":190,"_links":{"self":[{"href":"https:\/\/www.enerjigazetesi.ist\/en\/wp-json\/wp\/v2\/posts\/112669"}],"collection":[{"href":"https:\/\/www.enerjigazetesi.ist\/en\/wp-json\/wp\/v2\/posts"}],"about":[{"href":"https:\/\/www.enerjigazetesi.ist\/en\/wp-json\/wp\/v2\/types\/post"}],"author":[{"embeddable":true,"href":"https:\/\/www.enerjigazetesi.ist\/en\/wp-json\/wp\/v2\/users\/1"}],"replies":[{"embeddable":true,"href":"https:\/\/www.enerjigazetesi.ist\/en\/wp-json\/wp\/v2\/comments?post=112669"}],"version-history":[{"count":0,"href":"https:\/\/www.enerjigazetesi.ist\/en\/wp-json\/wp\/v2\/posts\/112669\/revisions"}],"wp:featuredmedia":[{"embeddable":true,"href":"https:\/\/www.enerjigazetesi.ist\/en\/wp-json\/wp\/v2\/media\/112672"}],"wp:attachment":[{"href":"https:\/\/www.enerjigazetesi.ist\/en\/wp-json\/wp\/v2\/media?parent=112669"}],"wp:term":[{"taxonomy":"category","embeddable":true,"href":"https:\/\/www.enerjigazetesi.ist\/en\/wp-json\/wp\/v2\/categories?post=112669"},{"taxonomy":"post_tag","embeddable":true,"href":"https:\/\/www.enerjigazetesi.ist\/en\/wp-json\/wp\/v2\/tags?post=112669"}],"curies":[{"name":"wp","href":"https:\/\/api.w.org\/{rel}","templated":true}]}}