{"id":112604,"date":"2020-04-29T18:47:28","date_gmt":"2020-04-29T15:47:28","guid":{"rendered":"https:\/\/www.enerjigazetesi.ist\/?p=112604"},"modified":"2020-04-29T18:47:28","modified_gmt":"2020-04-29T15:47:28","slug":"koronavirus-karantina-gunlerimizde-doga-ve-hayvanlar-da-unutulmadi","status":"publish","type":"post","link":"https:\/\/www.enerjigazetesi.ist\/en\/koronavirus-karantina-gunlerimizde-doga-ve-hayvanlar-da-unutulmadi\/","title":{"rendered":"(Turkish) &#8217;Koronavir\u00fcs Karantina G\u00fcnlerimizde Do\u011fa ve Hayvanlar da Unutulmad\u0131!"},"content":{"rendered":"<p class=\"qtranxs-available-languages-message qtranxs-available-languages-message-en\">Sorry, this entry is only available in <a href=\"https:\/\/www.enerjigazetesi.ist\/tr\/wp-json\/wp\/v2\/posts\/112604\" class=\"qtranxs-available-language-link qtranxs-available-language-link-tr\" title=\"Turkish\">Turkish<\/a>. For the sake of viewer convenience, the content is shown below in the alternative language. You may click the link to switch the active language.<\/p><p><\/p>\n<h1>G\u00f6lba\u015f\u0131 Belediyesi ekipleri taraf\u0131ndan G\u00f6lba\u015f\u0131 halk\u0131 i\u00e7in \u00e7al\u0131\u015fmalar s\u00fcrd\u00fcr\u00fcl\u00fcrken sokak hayvanlar\u0131 ve do\u011fa da g\u00f6z ard\u0131 edilmiyor.<\/h1>\n<p>\u0130l\u00e7enin bir\u00e7ok yerinde <strong>temizlik ve dezenfektan i\u015flemleri<\/strong> s\u00fcrerken, <strong>sokak hayvanlar\u0131 ve do\u011fay\u0131<\/strong> da ihmal etmeyen <strong>G\u00f6lba\u015f\u0131 Belediyesi<\/strong> \u00e7al\u0131\u015fmalar\u0131na h\u0131z kesmeden devam ediyor. Tedbiri elden b\u0131rakmayan <strong>ekipler, evlerde kald\u0131\u011f\u0131m\u0131z bu g\u00fcnlerde G\u00f6lba\u015f\u0131 sokak hayvanlar\u0131n\u0131<\/strong> unutmayarak <img loading=\"lazy\" class=\"alignright wp-image-112606\" src=\"https:\/\/www.enerjigazetesi.ist\/wp-content\/uploads\/2020\/04\/koronavirus-karantina-gunlerimizde-doga-ve-hayvanlar-da-unutulmadi-2.jpg\" alt=\"\" width=\"320\" height=\"213\" srcset=\"https:\/\/www.enerjigazetesi.ist\/wp-content\/uploads\/2020\/04\/koronavirus-karantina-gunlerimizde-doga-ve-hayvanlar-da-unutulmadi-2.jpg 732w, https:\/\/www.enerjigazetesi.ist\/wp-content\/uploads\/2020\/04\/koronavirus-karantina-gunlerimizde-doga-ve-hayvanlar-da-unutulmadi-2-300x200.jpg 300w, https:\/\/www.enerjigazetesi.ist\/wp-content\/uploads\/2020\/04\/koronavirus-karantina-gunlerimizde-doga-ve-hayvanlar-da-unutulmadi-2-500x333.jpg 500w, https:\/\/www.enerjigazetesi.ist\/wp-content\/uploads\/2020\/04\/koronavirus-karantina-gunlerimizde-doga-ve-hayvanlar-da-unutulmadi-2-75x50.jpg 75w, https:\/\/www.enerjigazetesi.ist\/wp-content\/uploads\/2020\/04\/koronavirus-karantina-gunlerimizde-doga-ve-hayvanlar-da-unutulmadi-2-450x300.jpg 450w\" sizes=\"(max-width: 320px) 100vw, 320px\" \/><strong>mama yard\u0131m\u0131<\/strong>nda bulunuyor.<\/p>\n<p><strong>Mogan G\u00f6l\u00fc<\/strong>\u2019n\u00fc ziyaret ederek <strong>parkta ve g\u00f6l \u00e7evresinde<\/strong> d\u00fczenlenmeler ile ilgili incelemelerde bulunan G\u00f6lba\u015f\u0131 Belediye Ba\u015fkan\u0131 <strong>Ramazan \u015eim\u015fek<\/strong> devam eden \u00e7al\u0131\u015fmalar\u0131 da yak\u0131ndan inceledi. Sokak hayvanlar\u0131 i\u00e7in haz\u0131rlanan paketleri de <strong>Mogan\u2019da <\/strong>yer alan\u00a0hayvanlar ile payla\u015fan \u015eim\u015fek<span style=\"text-decoration: underline;\"> yapt\u0131\u011f\u0131 a\u00e7\u0131klamada:<\/span><\/p>\n<p>\u201cEvlerimizde kald\u0131\u011f\u0131m\u0131z bu g\u00fcnlerde <strong>do\u011fam\u0131za ve sokak hayvanlar\u0131m\u0131za<\/strong> da sahip \u00e7\u0131kmam\u0131z gerekiyor. \u00d6zellikle bu g\u00fcnlerde <strong>can dostlar\u0131m\u0131z<\/strong>\u0131n bizlere daha \u00e7ok ihtiyac\u0131 var. Buradan <strong>G\u00f6lba\u015f\u0131 halk\u0131<\/strong>m\u0131za da seslenmek istiyoruz. Kap\u0131n\u0131z\u0131n \u00f6n\u00fcnden <strong>bir kap suyu<\/strong> ve <strong>kalan yemeklerinizi<\/strong> sizlerde eksik etmeyin. <strong>Do\u011fa bizlerin elinde ya\u015fayacak<\/strong>, <strong>gelecek bizlerle \u015fekillenecek<\/strong>\u201d ifadelerini kulland\u0131.<\/p>","protected":false},"excerpt":{"rendered":"<p>Sorry, this entry is only available in Turkish. For the sake of viewer convenience, the content is shown below in the alternative language. You may click the link to switch the active language. G\u00f6lba\u015f\u0131 Belediyesi ekipleri taraf\u0131ndan G\u00f6lba\u015f\u0131 halk\u0131 i\u00e7in \u00e7al\u0131\u015fmalar s\u00fcrd\u00fcr\u00fcl\u00fcrken sokak hayvanlar\u0131 ve do\u011fa da g\u00f6z ard\u0131 edilmiyor. \u0130l\u00e7enin bir\u00e7ok yerinde temizlik ve [&hellip;]<\/p>\n","protected":false},"author":1,"featured_media":112607,"comment_status":"open","ping_status":"open","sticky":false,"template":"","format":"standard","meta":[],"categories":[53],"tags":[70783,52259,70511,70785,70782,70781,70784,70786,70780,70787,57125,37032,70779],"views":121,"_links":{"self":[{"href":"https:\/\/www.enerjigazetesi.ist\/en\/wp-json\/wp\/v2\/posts\/112604"}],"collection":[{"href":"https:\/\/www.enerjigazetesi.ist\/en\/wp-json\/wp\/v2\/posts"}],"about":[{"href":"https:\/\/www.enerjigazetesi.ist\/en\/wp-json\/wp\/v2\/types\/post"}],"author":[{"embeddable":true,"href":"https:\/\/www.enerjigazetesi.ist\/en\/wp-json\/wp\/v2\/users\/1"}],"replies":[{"embeddable":true,"href":"https:\/\/www.enerjigazetesi.ist\/en\/wp-json\/wp\/v2\/comments?post=112604"}],"version-history":[{"count":0,"href":"https:\/\/www.enerjigazetesi.ist\/en\/wp-json\/wp\/v2\/posts\/112604\/revisions"}],"wp:featuredmedia":[{"embeddable":true,"href":"https:\/\/www.enerjigazetesi.ist\/en\/wp-json\/wp\/v2\/media\/112607"}],"wp:attachment":[{"href":"https:\/\/www.enerjigazetesi.ist\/en\/wp-json\/wp\/v2\/media?parent=112604"}],"wp:term":[{"taxonomy":"category","embeddable":true,"href":"https:\/\/www.enerjigazetesi.ist\/en\/wp-json\/wp\/v2\/categories?post=112604"},{"taxonomy":"post_tag","embeddable":true,"href":"https:\/\/www.enerjigazetesi.ist\/en\/wp-json\/wp\/v2\/tags?post=112604"}],"curies":[{"name":"wp","href":"https:\/\/api.w.org\/{rel}","templated":true}]}}