{"id":11256,"date":"2013-05-26T12:01:10","date_gmt":"2013-05-26T09:01:10","guid":{"rendered":"https:\/\/www.enerjigazetesi.ist\/?p=11256"},"modified":"2013-05-26T12:01:20","modified_gmt":"2013-05-26T09:01:20","slug":"cevreci-belediyeye-cevreci-otomobil","status":"publish","type":"post","link":"https:\/\/www.enerjigazetesi.ist\/en\/cevreci-belediyeye-cevreci-otomobil\/","title":{"rendered":"(Turkish) \u00c7evreci Belediyeye \u00c7evreci Otomobil&#8230;"},"content":{"rendered":"<p class=\"qtranxs-available-languages-message qtranxs-available-languages-message-en\">Sorry, this entry is only available in <a href=\"https:\/\/www.enerjigazetesi.ist\/tr\/wp-json\/wp\/v2\/posts\/11256\" class=\"qtranxs-available-language-link qtranxs-available-language-link-tr\" title=\"Turkish\">Turkish<\/a>. For the sake of viewer convenience, the content is shown below in the alternative language. You may click the link to switch the active language.<\/p><p><strong>Manisa Belediyesi \u00e7evre kirlili\u011finin \u00f6n\u00fcne ge\u00e7ebilmek ve yak\u0131t giderlerinin minimum seviyeye indirilmesi amac\u0131yla Manisa Ordu A\u015e&#8217;den 5 adet elektrikli otomobil sat\u0131n ald\u0131. Manisa Belediyesi&#8217;nin hizmetlerinde kullan\u0131lacak olan ara\u00e7lar\u0131n teslimi K\u00fclt\u00fcr Merkezi&#8217;nde ger\u00e7ekle\u015ftirilen t\u00f6renle ger\u00e7ekle\u015ftirildi.<\/strong><\/p>\n<p>\u00c7evreye olan duyarl\u0131l\u0131\u011f\u0131n\u0131 her platformda ifade eden ve bu konuda \u00f6nemli ad\u0131mlar atan Manisa Belediyesi, kentte \u00e7evre kirlili\u011finin \u00f6n\u00fcne ge\u00e7mek ve bu konuda duyarl\u0131l\u0131k olu\u015fmas\u0131 a\u00e7\u0131s\u0131ndan Manisa Ordu A\u015f&#8217;den 5 adet elektrikli otomobil sat\u0131n ald\u0131. K\u00fclt\u00fcr Merkezi&#8217;nde d\u00fczenlenen t\u00f6renle ara\u00e7lar\u0131n anahtarlar\u0131 Renault Mais Genel M\u00fcd\u00fcr\u00fc \u0130brahim Aybar taraf\u0131ndan Belediye Ba\u015fkan\u0131 Cengiz Erg\u00fcn&#8217;e teslim edildi. Ara\u00e7lar\u0131n teslim t\u00f6renine Vali Yard\u0131mc\u0131s\u0131 Mesut Eser, Belediye Ba\u015fkan\u0131 Cengiz Erg\u00fcn, Belediye Ba\u015fkan Yard\u0131mc\u0131lar\u0131 Nursel Ustamehmeto\u011flu, Funda Solak, Belediye Meclis \u00dcyesi H\u00fcseyin K\u00f6ro\u011flu, Vergi Dairesi Ba\u015fkan\u0131 Y\u0131lmaz \u00c7akan, Renault Mais Genel M\u00fcd\u00fcr\u00fc \u0130brahim Aybar ile birlikte Ordu A\u015e temsilcileri ve \u00e7ok say\u0131da davetli kat\u0131ld\u0131. Ara\u00e7 teslim t\u00f6reni \u00f6ncesinde Renault Mais Genel M\u00fcd\u00fcr\u00fc \u0130brahim Aybar, elektrik enerjisiyle \u00e7al\u0131\u015fan ara\u00e7lar ile ilgili olarak k\u0131sa bir sunum ger\u00e7ekle\u015ftirdi.<\/p>\n<p><a href=\"https:\/\/www.enerjigazetesi.ist\/wp-content\/uploads\/2013\/05\/cevreci-belediye-cevreci-otomobil.jpg\"><img loading=\"lazy\" class=\"alignright size-medium wp-image-11257\" title=\"cevreci-belediye-cevreci-otomobil\" src=\"https:\/\/www.enerjigazetesi.ist\/wp-content\/uploads\/2013\/05\/cevreci-belediye-cevreci-otomobil-300x181.jpg\" alt=\"\" width=\"300\" height=\"181\" srcset=\"https:\/\/www.enerjigazetesi.ist\/wp-content\/uploads\/2013\/05\/cevreci-belediye-cevreci-otomobil-300x181.jpg 300w, https:\/\/www.enerjigazetesi.ist\/wp-content\/uploads\/2013\/05\/cevreci-belediye-cevreci-otomobil-80x48.jpg 80w, https:\/\/www.enerjigazetesi.ist\/wp-content\/uploads\/2013\/05\/cevreci-belediye-cevreci-otomobil.jpg 480w\" sizes=\"(max-width: 300px) 100vw, 300px\" \/><\/a>D\u00fcnyada olas\u0131 bir \u00e7evre felaketine kendilerinin de otomobil sekt\u00f6r\u00fc olarak duyarl\u0131 olduklar\u0131n\u0131 ve katk\u0131da bulunduklar\u0131n\u0131 ifade eden Aybar, &#8220;Renault markas\u0131n\u0131n \u00f6nc\u00fcs\u00fc oldu\u011fu elektrik motorlu otomobiller devrimsel nitelikte yeni bir teknoloji. Fluence Z.E. kullanarak Manisa Belediyesi&#8217;nin de insan sa\u011fl\u0131\u011f\u0131 ve \u00e7evreyi korumaya destek olmas\u0131ndan dolay\u0131 mutluluk duyuyoruz&#8221; dedi.<\/p>\n<p><strong>\u00c7evre Kirlili\u011fi Konusuna B\u00fcy\u00fck \u00d6nem Veriyoruz<\/strong><\/p>\n<p>Belediye Ba\u015fkan\u0131 Cengiz Erg\u00fcn&#8217;de elektrikli ara\u00e7lar\u0131n teslim t\u00f6reninde yapt\u0131\u011f\u0131 a\u00e7\u0131klamada \u00e7evre kirlili\u011fi konusuna Manisa Belediyesi olarak b\u00fcy\u00fck \u00f6nem verdiklerini s\u00f6yledi. D\u00fcnya&#8217;n\u0131n s\u00fcratle kirlendi\u011fine dikkat \u00e7eken Ba\u015fkan Erg\u00fcn, &#8220;Elbette bu \u00e7evre kirlili\u011finde en \u00f6nemli etkeni fosil yak\u0131tlar\u0131n t\u00fcketilmesi sonucunda ortaya \u00e7\u0131kan zararl\u0131 gazlar olu\u015fturuyor. Bu kapsamda geli\u015fen teknolojide son y\u0131llarda \u00f6zellikle ta\u015f\u0131tlarda elektrik enerjisinin alternatif kaynak olarak kullan\u0131lmas\u0131 g\u00fcndeme geldi. \u0130\u015fte bu noktada bug\u00fcn i\u00e7inde bulundu\u011fumuz organizasyonda tan\u0131t\u0131m\u0131 yap\u0131lan ara\u00e7lar \u00f6nemli bir s\u00fcreci ba\u015flatt\u0131. Toplumlar art\u0131k alternatif enerji kaynaklar\u0131na y\u00f6nelirken, yerel y\u00f6netimler olarak bizlerde bu enerji kaynaklar\u0131n\u0131 kullanmak i\u00e7in projeler geli\u015ftiriyoruz. Yap\u0131lan yat\u0131r\u0131mlarda \u00e7evresel etkiyi \u00f6n plana alarak \u00e7al\u0131\u015fmalar\u0131m\u0131z\u0131 \u00e7evreye duyarl\u0131 sistemlerle yap\u0131yoruz&#8221; diye konu\u015ftu.<\/p>\n<p><strong>\u00c7evre Standartlar\u0131na Uygun Toplu Ula\u015f\u0131m Ara\u00e7lar\u0131<\/strong><\/p>\n<p>Manisa&#8217;da yak\u0131n zamanda Toplu Ula\u015f\u0131mda D\u00f6n\u00fc\u015f\u00fcme gittiklerini de hat\u0131rlatan Ba\u015fkan Erg\u00fcn, &#8220;Toplu ula\u015f\u0131m ara\u00e7lar\u0131n\u0131n d\u00f6n\u00fc\u015f\u00fcm\u00fc s\u0131ras\u0131nda se\u00e7ilen ara\u00e7lar, Avrupa Birli\u011fini \u00c7evre Standartlar\u0131na uygun olarak se\u00e7ildi. \u00d6zelikle b\u00fcy\u00fck \u015fehirlerde toplu ula\u015f\u0131m arac\u0131 say\u0131s\u0131n\u0131n fazlal\u0131\u011f\u0131 g\u00f6z \u00fcn\u00fcne al\u0131nd\u0131\u011f\u0131nda toplu ula\u015f\u0131m ara\u00e7lar\u0131ndan \u00e7\u0131kan at\u0131k gazlar\u0131n\u0131n verdi\u011fi zarar\u0131 daha iyi anl\u0131yoruz. N\u00fcfusu her ge\u00e7en g\u00fcn artan Manisa&#8217;da egzoz gazlar\u0131n\u0131n verdi\u011fi zarar\u0131 aza indirgemek i\u00e7in her alanda giri\u015fimlerimizi artt\u0131rd\u0131k&#8221; dedi.<\/p>\n<p><strong>Servis Ara\u00e7lar\u0131na Ya\u015f S\u0131n\u0131r\u0131<\/strong><\/p>\n<p>\u00c7evre kirlili\u011finin \u00f6n\u00fcne ge\u00e7ilmesi noktas\u0131nda Manisa&#8217;da a\u011f\u0131rl\u0131kl\u0131 olarak bulunan servis ara\u00e7lar\u0131 ile ilgili olarak ta \u00e7e\u015fitli \u00f6nlemler al\u0131nd\u0131\u011f\u0131n\u0131 ifade eden Ba\u015fkan Erg\u00fcn, &#8220;\u00d6rne\u011fin kentimizde a\u011f\u0131rl\u0131kl\u0131 olan servis ara\u00e7lar\u0131na ya\u015f s\u0131n\u0131r getirmek i\u00e7in \u00e7al\u0131\u015fma ba\u015flat\u0131ld\u0131. Bu y\u0131l i\u00e7inde de belli y\u0131l\u0131 ge\u00e7mi\u015f ara\u00e7lar\u0131n trafikten \u00e7\u0131kar\u0131lmas\u0131 i\u00e7in \u00e7al\u0131\u015fma ba\u015flatt\u0131k. Hemen her g\u00fcn soludu\u011fumuz egzoz gaz\u0131n\u0131 solumamak i\u00e7in bu \u00e7al\u0131\u015fmamam\u0131zda kurumlar\u0131nda bize destek ve katk\u0131da bulunmalar\u0131n\u0131 bekliyoruz&#8221; dedi.<\/p>\n<p><strong>\u0130zmir&#8217;in T\u0131bbi At\u0131\u011f\u0131n\u0131 Manisa Topluyor<\/strong><\/p>\n<p>Manisa Belediyesi olarak g\u00f6reve geldikleri g\u00fcnden bu yana \u00e7evreye olan duyarl\u0131l\u0131\u011f\u0131 artt\u0131rmak i\u00e7in projeler geli\u015ftirdiklerini dile getiren Ba\u015fkan Erg\u00fcn, &#8220;\u00c7e\u015fitli gecikmeler olsa da Kat\u0131 At\u0131k Bertaraf Tesisi ve At\u0131k Su Ar\u0131tma Tesisimizin kapasitesinin artt\u0131r\u0131lmas\u0131 noktas\u0131nda kararl\u0131 ad\u0131mlar att\u0131k. T\u0131bbi At\u0131k Tesisi&#8217;ni de kurarak \u00e7evre i\u00e7in \u00f6nemli bir tehdit unsuru olu\u015fturan t\u0131bbi at\u0131klar\u0131n g\u00fcvenli toplanmas\u0131n\u0131 sa\u011flad\u0131k. Bug\u00fcn Ege B\u00f6lgesi&#8217;nde \u0130zmir&#8217;in dahi t\u0131bbi at\u0131klar\u0131n\u0131 biz topluyoruz. Bununda bilinmesini istiyorum&#8221; dedi.<\/p>\n<p><strong>Ye\u015fil Alanlar Artt\u0131r\u0131ld\u0131<\/strong><\/p>\n<p>Manisa&#8217;da ye\u015fil alanlar\u0131n g\u00fcn ge\u00e7tik\u00e7e \u00e7o\u011fald\u0131\u011f\u0131n\u0131n da alt\u0131n\u0131 \u00e7izen Belediye Ba\u015fkan\u0131 Cengiz Erg\u00fcn, &#8220;Egzoz gazlar\u0131ndan \u00e7\u0131kan zararl\u0131 gazlar havay\u0131 kirletirken, bizde ye\u015fil alanlar\u0131n say\u0131s\u0131n\u0131 her ge\u00e7en g\u00fcn artt\u0131rarak havay\u0131 temizleyici \u00f6zelli\u011finden faydaland\u0131k. \u015eimdi de de\u011fi\u015fim slogan\u0131yla hareket eden Manisa Belediyesi&#8217;nde yine bir de\u011fi\u015fime imza at\u0131yoruz. Renault taraf\u0131ndan \u00fcretilen elektrikli ara\u00e7lar\u0131n belediyemize kazand\u0131r\u0131lmas\u0131 noktas\u0131nda \u00f6nemli bir ad\u0131m\u0131 atman\u0131n mutlulu\u011funu ya\u015f\u0131yoruz&#8221; \u015feklinde konu\u015ftu.<\/p>\n<p><strong>Di\u011fer Kurumlara \u00d6rnek Olmal\u0131<\/strong><\/p>\n<p>T\u00fcrkiye&#8217;de \u00fcretimi yap\u0131lan ve tamam\u0131yla yerli \u00fcretim olan Renault Fluence Z.E&#8217;nin Manisa sokaklar\u0131nda gezmesinin belediyenin \u00e7evreye olan duyarl\u0131l\u0131\u011f\u0131n\u0131n bir g\u00f6stergesi olaca\u011f\u0131n\u0131 belirten Ba\u015fkan Erg\u00fcn, &#8220;Bunun yan\u0131 s\u0131ra att\u0131\u011f\u0131m\u0131z bu ad\u0131m\u0131n di\u011fer kurumlara da \u00f6rnek olaca\u011f\u0131n\u0131 umuyoruz. Manisa Belediyesi olarak ekonomik ve \u00e7evresel katk\u0131s\u0131 b\u00fcy\u00fck olan elektrikli ara\u00e7lar\u0131n kullan\u0131m\u0131n\u0131 artt\u0131rmak i\u00e7in elimizden geleni yapmaya haz\u0131r\u0131z. Sadece mevcut firman\u0131n de\u011fil, di\u011fer firmalar\u0131nda benzer projelerine destek verece\u011fimizin bilinmesini isterim. Bizim i\u00e7in \u00f6nemli olan D\u00fcnya&#8217;ya faydal\u0131 olacak \u00e7al\u0131\u015fmalara ortak olmakt\u0131r. Manisa Belediyesi olarak \u00e7evreye duyarl\u0131, \u00e7evre temizli\u011fine katk\u0131 sa\u011flayacak projelere her zaman destek verdik. Bundan sonra da vermeye haz\u0131r\u0131z&#8221; dedi.<\/p>\n<p><strong>Ara\u00e7lar\u0131n Anahtarlar\u0131n\u0131 Teslim Ald\u0131<\/strong><\/p>\n<p>Konu\u015fmalar\u0131n ard\u0131ndan Renault Mais Genel M\u00fcd\u00fcr\u00fc \u0130brahim Aybar, Vali Yard\u0131mc\u0131s\u0131 Mesut Eser ve Belediye Ba\u015fkan\u0131 Cengiz Erg\u00fcn&#8217;e \u00e7evreye duyarl\u0131l\u0131klar\u0131ndan dolay\u0131 te\u015fekk\u00fcr plaketi ile birlikte elektrikli ara\u00e7lar\u0131n minyat\u00fcrlerini verdi. Aybar daha sonra Manisa Belediyesi taraf\u0131ndan al\u0131nan 5 adet arac\u0131n anahtar\u0131n\u0131 Belediye Ba\u015fkan\u0131 Cengiz Erg\u00fcn&#8217;e teslim etti. Daha sonra Vali Yard\u0131mc\u0131s\u0131 Eser, Ba\u015fkan Erg\u00fcn ve di\u011fer protokol \u00fcyeleri elektrikli ara\u00e7lar\u0131n test s\u00fcr\u00fc\u015f\u00fcn\u00fc ger\u00e7ekle\u015ftirdi.<\/p>\n<p>Kaynak: <a href=\"http:\/\/www.energyworld.com.tr\/root.vol?title=cevreci-belediyeye-cevreci-otomobil&amp;exec=page&amp;nid=540612\" target=\"_blank\">Energy World<\/a><\/p>","protected":false},"excerpt":{"rendered":"<p>Sorry, this entry is only available in Turkish. For the sake of viewer convenience, the content is shown below in the alternative language. You may click the link to switch the active language.Manisa Belediyesi \u00e7evre kirlili\u011finin \u00f6n\u00fcne ge\u00e7ebilmek ve yak\u0131t giderlerinin minimum seviyeye indirilmesi amac\u0131yla Manisa Ordu A\u015e&#8217;den 5 adet elektrikli otomobil sat\u0131n ald\u0131. Manisa [&hellip;]<\/p>\n","protected":false},"author":1,"featured_media":11257,"comment_status":"open","ping_status":"open","sticky":false,"template":"","format":"standard","meta":[],"categories":[51,53],"tags":[2530,2050,68,1270,63,67,165,2191,5530],"views":682,"_links":{"self":[{"href":"https:\/\/www.enerjigazetesi.ist\/en\/wp-json\/wp\/v2\/posts\/11256"}],"collection":[{"href":"https:\/\/www.enerjigazetesi.ist\/en\/wp-json\/wp\/v2\/posts"}],"about":[{"href":"https:\/\/www.enerjigazetesi.ist\/en\/wp-json\/wp\/v2\/types\/post"}],"author":[{"embeddable":true,"href":"https:\/\/www.enerjigazetesi.ist\/en\/wp-json\/wp\/v2\/users\/1"}],"replies":[{"embeddable":true,"href":"https:\/\/www.enerjigazetesi.ist\/en\/wp-json\/wp\/v2\/comments?post=11256"}],"version-history":[{"count":2,"href":"https:\/\/www.enerjigazetesi.ist\/en\/wp-json\/wp\/v2\/posts\/11256\/revisions"}],"predecessor-version":[{"id":11259,"href":"https:\/\/www.enerjigazetesi.ist\/en\/wp-json\/wp\/v2\/posts\/11256\/revisions\/11259"}],"wp:featuredmedia":[{"embeddable":true,"href":"https:\/\/www.enerjigazetesi.ist\/en\/wp-json\/wp\/v2\/media\/11257"}],"wp:attachment":[{"href":"https:\/\/www.enerjigazetesi.ist\/en\/wp-json\/wp\/v2\/media?parent=11256"}],"wp:term":[{"taxonomy":"category","embeddable":true,"href":"https:\/\/www.enerjigazetesi.ist\/en\/wp-json\/wp\/v2\/categories?post=11256"},{"taxonomy":"post_tag","embeddable":true,"href":"https:\/\/www.enerjigazetesi.ist\/en\/wp-json\/wp\/v2\/tags?post=11256"}],"curies":[{"name":"wp","href":"https:\/\/api.w.org\/{rel}","templated":true}]}}