{"id":112535,"date":"2020-04-28T16:14:10","date_gmt":"2020-04-28T13:14:10","guid":{"rendered":"https:\/\/www.enerjigazetesi.ist\/?p=112535"},"modified":"2020-04-28T16:15:25","modified_gmt":"2020-04-28T13:15:25","slug":"filli-boyadan-koronaviruse-karsi-16-milyon-liralik-buyuk-destek-paketi","status":"publish","type":"post","link":"https:\/\/www.enerjigazetesi.ist\/en\/filli-boyadan-koronaviruse-karsi-16-milyon-liralik-buyuk-destek-paketi\/","title":{"rendered":"(Turkish) Filli Boya\u2019dan Koronavir\u00fcs\u2019e Kar\u015f\u0131 16 Milyon Liral\u0131k B\u00fcy\u00fck Destek Paketi"},"content":{"rendered":"<p class=\"qtranxs-available-languages-message qtranxs-available-languages-message-en\">Sorry, this entry is only available in <a href=\"https:\/\/www.enerjigazetesi.ist\/tr\/wp-json\/wp\/v2\/posts\/112535\" class=\"qtranxs-available-language-link qtranxs-available-language-link-tr\" title=\"Turkish\">Turkish<\/a>. For the sake of viewer convenience, the content is shown below in the alternative language. You may click the link to switch the active language.<\/p><p><\/p>\n<h1><strong>Filli Boya taraf\u0131ndan koronavir\u00fcsle m\u00fccadele kapsam<\/strong><strong>\u0131<\/strong><strong>nda toplamda 16 milyon TL<\/strong><strong>\u2019<\/strong><strong>lik destek paketi hayata ge<\/strong><strong>\u00e7<\/strong><strong>irildi. Biz Bize Yeteriz T<\/strong><strong>\u00fc<\/strong><strong>rkiyem Milli Dayan<\/strong><strong>\u0131\u015f<\/strong><strong>ma Kampanyas<\/strong><strong>\u0131<\/strong><strong>\u2019<\/strong><strong>na 2 milyon liral<\/strong><strong>\u0131<\/strong><strong>k destekte bulunan Filli Boya, <\/strong><strong>\u00f6<\/strong><strong>\u011f<\/strong><strong>rencilerimizin yeni d\u00f6neme tertemiz ve hijyenik <\/strong><strong>\u015f<\/strong><strong>artlarda ba<\/strong><strong>\u015f<\/strong><strong>layabilmesi i<\/strong><strong>\u00e7<\/strong><strong>in Milli E<\/strong><strong>\u011f<\/strong><strong>itim Bakanl<\/strong><strong>\u0131\u011f\u0131<\/strong><strong>\u2019<\/strong><strong>na 10 milyon lira de<\/strong><strong>\u011f<\/strong><strong>erinde, 2 milyon metrekare alan<\/strong><strong>\u0131<\/strong><strong>n boyanabilece<\/strong><strong>\u011f<\/strong><strong>i boya yard<\/strong><strong>\u0131<\/strong><strong>m<\/strong><strong>\u0131<\/strong><strong> yapt<\/strong><strong>\u0131<\/strong><strong>. Filli Boya ayr<\/strong><strong>\u0131<\/strong><strong>ca 25 bin adet g<\/strong><strong>\u0131<\/strong><strong>da destek kolisini Filli Ustalar<\/strong><strong>\u2019<\/strong><strong>\u0131<\/strong><strong>n evlerine da<\/strong><strong>\u011f\u0131<\/strong><strong>tarak her zaman yanlar<\/strong><strong>\u0131<\/strong><strong>nda oldu<\/strong><strong>\u011f<\/strong><strong>unu g<\/strong><strong>\u00f6<\/strong><strong>sterdi. <\/strong><\/h1>\n<p>\u00dclkemizin beraberli\u011fe en fazla ihtiya\u00e7 duydu\u011fu, <strong>dayan\u0131\u015fma ve i\u015f birli\u011fi<\/strong> ile <strong>koronavir\u00fcs salg\u0131n\u0131<\/strong>n\u0131 yenmeye \u00e7al\u0131\u015ft\u0131\u011f\u0131 bu g\u00fcnlerde <strong>Filli Boya<\/strong>\u2019dan b\u00fcy\u00fck bir destek geldi. Toplumun her kesimine dokunan <strong>3 destek paketi<\/strong>ni hayata ge\u00e7iren <strong>Filli Boya<\/strong> bu kapsamda <strong>Biz Bize Yeteriz T\u00fcrkiyem Milli <img loading=\"lazy\" class=\"alignright wp-image-112538\" src=\"https:\/\/www.enerjigazetesi.ist\/wp-content\/uploads\/2020\/04\/filli-boyadan-koronaviruse-karsi-16-milyon-liralik-buyuk-destek-paketi.jpg\" alt=\"\" width=\"320\" height=\"409\" srcset=\"https:\/\/www.enerjigazetesi.ist\/wp-content\/uploads\/2020\/04\/filli-boyadan-koronaviruse-karsi-16-milyon-liralik-buyuk-destek-paketi.jpg 382w, https:\/\/www.enerjigazetesi.ist\/wp-content\/uploads\/2020\/04\/filli-boyadan-koronaviruse-karsi-16-milyon-liralik-buyuk-destek-paketi-235x300.jpg 235w, https:\/\/www.enerjigazetesi.ist\/wp-content\/uploads\/2020\/04\/filli-boyadan-koronaviruse-karsi-16-milyon-liralik-buyuk-destek-paketi-313x400.jpg 313w, https:\/\/www.enerjigazetesi.ist\/wp-content\/uploads\/2020\/04\/filli-boyadan-koronaviruse-karsi-16-milyon-liralik-buyuk-destek-paketi-39x50.jpg 39w\" sizes=\"(max-width: 320px) 100vw, 320px\" \/>Dayan\u0131\u015fma Kampanyas\u0131<\/strong>&#8216;na 2 milyon liral\u0131k katk\u0131da bulundu.<\/p>\n<p><strong>Filli Boya<\/strong> ayr\u0131ca <strong>Milli E\u011fitim Bakanl\u0131\u011f\u0131<\/strong> ile imzalad\u0131\u011f\u0131 protokol kapsam\u0131nda <strong>Koronavir\u00fcs\u2019e kar\u015f\u0131 al\u0131nan tedbirler<\/strong> do\u011frultusunda okullar\u0131ndan ayr\u0131 kalan \u00e7ocuklar\u0131m\u0131z\u0131 da d\u00fc\u015f\u00fcnd\u00fc. <strong>Filli Boya<\/strong> i\u00e7inde bulundu\u011fumuz zor d\u00f6nemde okullar\u0131m\u0131z\u0131n fiziki ko\u015fullar\u0131n\u0131 <strong>iyile\u015ftirmek, hijyenik olarak<\/strong> \u00f6n\u00fcm\u00fczdeki e\u011fitim \u00f6\u011fretim y\u0131l\u0131na haz\u0131r hale getirmek ve \u00e7ocuklara umut a\u015f\u0131lamak i\u00e7in <strong>10 milyon lira<\/strong> de\u011ferinde, <strong>2 milyon metrekare<\/strong> alan\u0131n boyanabilece\u011fi <strong>boya yard\u0131m\u0131<\/strong> yapt\u0131. Bu destekle \u00f6\u011frenciler e\u011fitime<strong> yeni renkleriyle ve tertemiz olarak<\/strong> merhaba diyecek.<\/p>\n<p><strong>Filli Boya<\/strong> 3&#8217;\u00fcnc\u00fc olarak ise, <strong>ya\u015fanan zorlu d\u00f6nemde<\/strong> en \u00f6nemli i\u015f ortaklar\u0131ndan g\u00f6rd\u00fc\u011f\u00fc ve daralan gelirleri sebebiyle her zamankinden daha fazla destek olunmas\u0131 gerekti\u011fine inand\u0131\u011f\u0131 <strong>boya ustalar\u0131na da<\/strong> katk\u0131 sa\u011fl\u0131yor. Filli Boya bu do\u011frultuda, <strong>Filli Ustalar<\/strong> ve <strong>ailelerinin<\/strong> temel ihtiya\u00e7lar\u0131n\u0131 kar\u015f\u0131layacak <strong>25 bin g\u0131da destek kolisi<\/strong>ni ustalar\u0131n evlerine da\u011f\u0131tt\u0131.<\/p>\n<h2><strong>BU S\u00dcREC<\/strong><strong>\u0130<\/strong><strong> DAYANI<\/strong><strong>\u015e<\/strong><strong>MA <\/strong><strong>\u0130<\/strong><strong>LE A<\/strong><strong>\u015e<\/strong><strong>AB<\/strong><strong>\u0130<\/strong><strong>L<\/strong><strong>\u0130<\/strong><strong>R<\/strong><strong>\u0130<\/strong><strong>Z<\/strong><strong>\u2026<\/strong><\/h2>\n<p>Ya\u015fanan geli\u015fmelerle birlikte duygu ve d\u00fc\u015f\u00fcncelerini dile getiren <strong>Betek Boya<\/strong> Genel M\u00fcd\u00fcr\u00fc <strong>Tayfun K\u00fc\u00e7\u00fcko\u011flu<\/strong>; <em>\u201c<\/em>Sadece \u00fclkemiz de\u011fil, t\u00fcm d\u00fcnya b\u00fcy\u00fck bir s\u0131navdan ge\u00e7iyor. Daha \u00f6nce hi\u00e7 ya\u015famad\u0131\u011f\u0131m\u0131z, <strong>b\u00fcy\u00fck ve k\u00fcresel bir sorunla<\/strong> bo\u011fu\u015fuyoruz. Bu s\u00fcreci ancak <strong>birlik, beraberlik ve dayan\u0131\u015fma<\/strong> i\u00e7inde a\u015fabiliriz. Bug\u00fcn \u2018ben\u2019 de\u011fil, \u2018biz\u2019 demenin ne kadar do\u011fru bir haslet oldu\u011funu bir kez daha g\u00f6r\u00fcyoruz. <strong>Betek Boya<\/strong> olarak bu s\u00fcre\u00e7te \u00fclkemiz ve insan\u0131m\u0131z i\u00e7in her zaman oldu\u011fu gibi \u00fcst\u00fcm\u00fcze d\u00fc\u015feni yap\u0131yoruz. Bu kapsamda <strong>Biz Bize Yeteriz T\u00fcrkiyem Milli Dayan\u0131\u015fma Kampanyas\u0131<\/strong>\u2019na <strong>2 milyon liral\u0131k<\/strong> destekte bulunduk. \u015eu anda okullar\u0131ndan uzak olan \u00e7ocuklar\u0131m\u0131za umut olmak, onlar\u0131 bu zor d\u00f6nemde biraz da heyecanland\u0131rmak istedik. Bu ama\u00e7la \u00e7ocuklar\u0131m\u0131z\u0131n yeni <strong>e\u011fitim \u00f6\u011fretim y\u0131l\u0131nda<\/strong> daha iyi \u015fartlarda e\u011fitim alabilmesi i\u00e7in <strong>10 milyon lira<\/strong> de\u011ferinde, <strong>2 milyon metrekare<\/strong> alan\u0131n boyanabilece\u011fi<strong> boyay\u0131 okullar\u0131m\u0131za<\/strong> g\u00f6nderdik. Bu sayede e\u011fitimlerine \u00e7ok daha <strong>renkli ve hijyenik<\/strong> bir \u015fekilde devam etmi\u015f olacaklar. Yine her zaman oldu\u011fu gibi bu d\u00f6nemde de en b\u00fcy\u00fck payda\u015flar\u0131m\u0131zdan <strong>boya ustalar\u0131m\u0131z<\/strong>\u0131n da yan\u0131nday\u0131z. Bu anlay\u0131\u015fla <strong>25 bin adet g\u0131da destek kolisi<\/strong>ni Filli Ustalar\u0131n evlerine ula\u015ft\u0131rd\u0131k\u201d dedi.<\/p>","protected":false},"excerpt":{"rendered":"<p>Sorry, this entry is only available in Turkish. For the sake of viewer convenience, the content is shown below in the alternative language. You may click the link to switch the active language. Filli Boya taraf\u0131ndan koronavir\u00fcsle m\u00fccadele kapsam\u0131nda toplamda 16 milyon TL\u2019lik destek paketi hayata ge\u00e7irildi. Biz Bize Yeteriz T\u00fcrkiyem Milli Dayan\u0131\u015fma Kampanyas\u0131\u2019na 2 [&hellip;]<\/p>\n","protected":false},"author":1,"featured_media":112539,"comment_status":"open","ping_status":"open","sticky":false,"template":"","format":"standard","meta":[],"categories":[53,52],"tags":[15768,70712,70713,52259,26559,58103,3118,70715,70714,70717,66104,70711,70718,632,631,70716,793],"views":117,"_links":{"self":[{"href":"https:\/\/www.enerjigazetesi.ist\/en\/wp-json\/wp\/v2\/posts\/112535"}],"collection":[{"href":"https:\/\/www.enerjigazetesi.ist\/en\/wp-json\/wp\/v2\/posts"}],"about":[{"href":"https:\/\/www.enerjigazetesi.ist\/en\/wp-json\/wp\/v2\/types\/post"}],"author":[{"embeddable":true,"href":"https:\/\/www.enerjigazetesi.ist\/en\/wp-json\/wp\/v2\/users\/1"}],"replies":[{"embeddable":true,"href":"https:\/\/www.enerjigazetesi.ist\/en\/wp-json\/wp\/v2\/comments?post=112535"}],"version-history":[{"count":0,"href":"https:\/\/www.enerjigazetesi.ist\/en\/wp-json\/wp\/v2\/posts\/112535\/revisions"}],"wp:featuredmedia":[{"embeddable":true,"href":"https:\/\/www.enerjigazetesi.ist\/en\/wp-json\/wp\/v2\/media\/112539"}],"wp:attachment":[{"href":"https:\/\/www.enerjigazetesi.ist\/en\/wp-json\/wp\/v2\/media?parent=112535"}],"wp:term":[{"taxonomy":"category","embeddable":true,"href":"https:\/\/www.enerjigazetesi.ist\/en\/wp-json\/wp\/v2\/categories?post=112535"},{"taxonomy":"post_tag","embeddable":true,"href":"https:\/\/www.enerjigazetesi.ist\/en\/wp-json\/wp\/v2\/tags?post=112535"}],"curies":[{"name":"wp","href":"https:\/\/api.w.org\/{rel}","templated":true}]}}