{"id":112455,"date":"2020-04-27T10:10:44","date_gmt":"2020-04-27T07:10:44","guid":{"rendered":"https:\/\/www.enerjigazetesi.ist\/?p=112455"},"modified":"2020-04-27T10:10:44","modified_gmt":"2020-04-27T07:10:44","slug":"sektorlerdeki-onceligimiz-istihdamin-korunmasi-ve-kesintisiz-enerji-arzidir","status":"publish","type":"post","link":"https:\/\/www.enerjigazetesi.ist\/en\/sektorlerdeki-onceligimiz-istihdamin-korunmasi-ve-kesintisiz-enerji-arzidir\/","title":{"rendered":"(Turkish) &#8221;Sekt\u00f6rlerdeki \u00d6nceli\u011fimiz \u0130stihdam\u0131n Korunmas\u0131 ve Kesintisiz Enerji Arz\u0131d\u0131r&#8221;"},"content":{"rendered":"<p class=\"qtranxs-available-languages-message qtranxs-available-languages-message-en\">Sorry, this entry is only available in <a href=\"https:\/\/www.enerjigazetesi.ist\/tr\/wp-json\/wp\/v2\/posts\/112455\" class=\"qtranxs-available-language-link qtranxs-available-language-link-tr\" title=\"Turkish\">Turkish<\/a>. For the sake of viewer convenience, the content is shown below in the alternative language. You may click the link to switch the active language.<\/p><p><\/p>\n<h1>Enerji ve Tabii Kaynaklar Bakan\u0131 Fatih D\u00f6nmez, kesintisiz enerji hizmetinin \u00f6nemine vurgu yaparak, &#8220;T\u00fcm sekt\u00f6rlerde \u00f6nceli\u011fimiz istihdam\u0131n korunmas\u0131 ve kesintisiz enerji arz\u0131d\u0131r. Bu kapsamda teknik, teknolojik, yasal ve bilimsel tedbirleri kararl\u0131l\u0131kla uygulamaya devam edece\u011fiz.&#8221; ifadelerini kulland\u0131.<\/h1>\n<p>Bakan D\u00f6nmez, yapt\u0131\u011f\u0131 a\u00e7\u0131klamada, yeni tip <strong>koronavir\u00fcs (COVID-19) salg\u0131n\u0131<\/strong>yla m\u00fccadelede vatanda\u015flar\u0131n ihtiya\u00e7lar\u0131n\u0131 tam anlam\u0131yla kar\u015f\u0131lamak i\u00e7in <strong>her alanda \u00e7al\u0131\u015fmalar\u0131<\/strong> aral\u0131ks\u0131z <img loading=\"lazy\" class=\"alignright wp-image-112457\" src=\"https:\/\/www.enerjigazetesi.ist\/wp-content\/uploads\/2020\/04\/sektorlerdeki-onceligimiz-istihdamin-korunmasi-ve-kesintisiz-enerji-arzidir-2.jpg\" alt=\"\" width=\"320\" height=\"197\" srcset=\"https:\/\/www.enerjigazetesi.ist\/wp-content\/uploads\/2020\/04\/sektorlerdeki-onceligimiz-istihdamin-korunmasi-ve-kesintisiz-enerji-arzidir-2.jpg 791w, https:\/\/www.enerjigazetesi.ist\/wp-content\/uploads\/2020\/04\/sektorlerdeki-onceligimiz-istihdamin-korunmasi-ve-kesintisiz-enerji-arzidir-2-300x185.jpg 300w, https:\/\/www.enerjigazetesi.ist\/wp-content\/uploads\/2020\/04\/sektorlerdeki-onceligimiz-istihdamin-korunmasi-ve-kesintisiz-enerji-arzidir-2-768x474.jpg 768w, https:\/\/www.enerjigazetesi.ist\/wp-content\/uploads\/2020\/04\/sektorlerdeki-onceligimiz-istihdamin-korunmasi-ve-kesintisiz-enerji-arzidir-2-500x308.jpg 500w, https:\/\/www.enerjigazetesi.ist\/wp-content\/uploads\/2020\/04\/sektorlerdeki-onceligimiz-istihdamin-korunmasi-ve-kesintisiz-enerji-arzidir-2-80x50.jpg 80w\" sizes=\"(max-width: 320px) 100vw, 320px\" \/>s\u00fcrd\u00fcrd\u00fcklerini belirtti.<\/p>\n<p><strong>Salg\u0131n\u0131n kontrol alt\u0131nda tutulmas\u0131<\/strong> i\u00e7in evde kalman\u0131n hayati \u00f6nemde oldu\u011funu ifade eden D\u00f6nmez, <strong>enerji alan\u0131nda da bir\u00e7ok tedbir<\/strong> al\u0131nd\u0131\u011f\u0131n\u0131 ifade etti.<\/p>\n<p>Bakan D\u00f6nmez, hafta ba\u015f\u0131ndan itibaren <strong>elektrik ve do\u011fal gaz sekt\u00f6r\u00fc<\/strong>yle bug\u00fcn de <strong>madencilik sekt\u00f6r\u00fc<\/strong>, <strong>sivil toplum kurulu\u015flar\u0131 ve sendika temsilcileri<\/strong>yle <strong>video konferans<\/strong>lar ger\u00e7ekle\u015ftirdiklerini bildirdi.<\/p>\n<h2>Elektrik ve gazda hizmetler kesintisiz devam edecek<\/h2>\n<p>Vatanda\u015flar\u0131n evde kald\u0131klar\u0131 s\u00fcre boyunca <strong>elektrik ve do\u011fal gaz hizmetleri<\/strong>nin Cumhurba\u015fkan\u0131 <strong>Recep Tayyip Erdo\u011fan<\/strong>&#8216;\u0131n talimatlar\u0131yla kesintisiz ve <strong>g\u00fcvenli \u015fekilde devam edece\u011fini<\/strong> vurgulayan D\u00f6nmez, <span style=\"text-decoration: underline;\">\u015funlar\u0131 belirtti:<\/span><\/p>\n<p>&#8220;Bunu sa\u011flamak amac\u0131yla bu hafta ba\u015f\u0131nda \u00f6nce elektrik sekt\u00f6r\u00fcm\u00fcz\u00fcn temsilcileriyle \u00e7al\u0131\u015fmalar\u0131m\u0131z\u0131 de\u011ferlendirdik. <strong>Bilim Kurulumuz<\/strong>un tavsiyeleri do\u011frultusunda devletimizin vatanda\u015flar\u0131m\u0131z\u0131n sa\u011fl\u0131\u011f\u0131n\u0131 korumak i\u00e7in yapt\u0131\u011f\u0131 <strong>&#8216;Evde Kal&#8217; \u00e7a\u011fr\u0131s\u0131<\/strong>n\u0131n anlam kazanmas\u0131 i\u00e7in <strong>kesintisiz enerji hizmeti<\/strong>nin \u00f6nemine vurgu yapt\u0131k. <strong>Elektrik \u00fcretim, iletim, da\u011f\u0131t\u0131m ve ar\u0131za tespit-tamir s\u00fcre\u00e7leri<\/strong>nin aksamadan devam etmesi i\u00e7in al\u0131nan \u00f6nlemleri bir kez daha ele ald\u0131k. Yapt\u0131\u011f\u0131m\u0131z \u00e7al\u0131\u015fmalarla <strong>elektrik arz\u0131n\u0131n s\u00fcrekli ve sorunsuz s\u00fcrd\u00fcr\u00fclmesi<\/strong> i\u00e7in alaca\u011f\u0131m\u0131z yeni \u00f6nlemlerle birlikte \u00e7al\u0131\u015fmalar\u0131m\u0131za h\u0131z verdik. Att\u0131\u011f\u0131m\u0131z bu ad\u0131mlar sayesinde <strong>elektrik arz\u0131 aksamadan<\/strong> s\u00fcrecek.&#8221;<\/p>\n<p>D\u00f6nmez, <strong>elektrik sekt\u00f6r\u00fcn\u00fcn<\/strong> ard\u0131ndan <strong>do\u011fal gaz sekt\u00f6r\u00fcyle g\u00f6r\u00fc\u015f\u00fcld\u00fc\u011f\u00fcn\u00fc<\/strong> ve <strong>kesintisiz arz i\u00e7in at\u0131lan ad\u0131mlar\u0131n<\/strong> g\u00f6zen ge\u00e7irildi\u011fini belirtti.<\/p>\n<p>Potansiyel ar\u0131zalar\u0131n k\u0131sa s\u00fcrede <strong>ortadan kald\u0131r\u0131lmas\u0131 <\/strong>ve<strong> sekt\u00f6r \u00e7al\u0131\u015fanlar\u0131n\u0131n g\u00fcvenli\u011fi<\/strong> i\u00e7in <strong>Sa\u011fl\u0131k Bakanl\u0131\u011f\u0131<\/strong> taraf\u0131ndan belirlenen <strong>tedbirlerin uygulanmas\u0131 konusunda<\/strong> kararl\u0131l\u0131\u011f\u0131n hem <strong>elektrik<\/strong> hem de <strong>do\u011falgaz<\/strong> sekt\u00f6r\u00fcyle payla\u015f\u0131ld\u0131\u011f\u0131n\u0131 aktaran D\u00f6nmez, &#8220;Herkes bilsin ki vatanda\u015flar\u0131m\u0131z\u0131n ve <strong>sekt\u00f6r \u00e7al\u0131\u015fanlar\u0131m\u0131z\u0131n g\u00fcvenli\u011fi ve sa\u011fl\u0131\u011f\u0131<\/strong> bizler i\u00e7in her zaman ilk s\u0131rada olmaya devam edecek.&#8221; ifadesini kulland\u0131.<\/p>\n<p>D\u00f6nmez, <strong>madencilikte<\/strong> de \u00e7al\u0131\u015fan <strong>sa\u011fl\u0131\u011f\u0131 ve g\u00fcvenli\u011fi<\/strong> ad\u0131na bilimsel \u00f6neriler do\u011frultusunda at\u0131lan ad\u0131mlar\u0131 <strong>i\u015f\u00e7i ve i\u015fveren temsilcileri<\/strong>yle birlikte ele almak i\u00e7in bir araya geldiklerinin alt\u0131n\u0131 \u00e7izerek, <span style=\"text-decoration: underline;\">\u015funlar\u0131 dile getirdi:<\/span><\/p>\n<p>&#8220;Madencilerimizin <strong>salg\u0131ndan etkilenmemeleri ve sa\u011fl\u0131klar\u0131n\u0131 korumalar\u0131<\/strong> ad\u0131na ald\u0131\u011f\u0131m\u0131z tedbirlerimize taviz vermeden devam ediyoruz. G\u00f6r\u00fc\u015fmemizde madencilerimizin taleplerini ele ald\u0131k ve <strong>\u00e7\u00f6z\u00fcm yollar\u0131 konusunda<\/strong> isti\u015farelerde bulunduk. Sorunlar\u0131n \u00e7\u00f6z\u00fcm\u00fc konusunda <strong>i\u015f\u00e7i, i\u015fveren ve sendikalarla birlikte<\/strong> hareket ediyoruz. \u0130\u015f\u00e7imizin haklar\u0131n\u0131 <strong>her \u015fart ve ko\u015fulda korumaya<\/strong> devam edece\u011fiz. T\u00fcm sekt\u00f6rlerde <strong>\u00f6nceli\u011fimiz istihdam\u0131n korunmas\u0131 ve kesintisiz enerji<\/strong> arz\u0131d\u0131r. Bu kapsamda <strong>teknik, teknolojik, yasal ve bilimsel tedbirleri<\/strong> kararl\u0131l\u0131kla uygulamaya devam edece\u011fiz. Kararl\u0131l\u0131\u011f\u0131m\u0131zla <strong>T\u00fcrkiye\u2019nin enerjisi<\/strong> her zaman y\u00fcksek kalacak. T\u00fcrkiye\u2019nin enerjisi <strong>COVID-19<\/strong>\u2019u yenmeye yeter.&#8221;<\/p>","protected":false},"excerpt":{"rendered":"<p>Sorry, this entry is only available in Turkish. For the sake of viewer convenience, the content is shown below in the alternative language. You may click the link to switch the active language. Enerji ve Tabii Kaynaklar Bakan\u0131 Fatih D\u00f6nmez, kesintisiz enerji hizmetinin \u00f6nemine vurgu yaparak, &#8220;T\u00fcm sekt\u00f6rlerde \u00f6nceli\u011fimiz istihdam\u0131n korunmas\u0131 ve kesintisiz enerji arz\u0131d\u0131r. [&hellip;]<\/p>\n","protected":false},"author":1,"featured_media":112458,"comment_status":"open","ping_status":"open","sticky":false,"template":"","format":"standard","meta":[],"categories":[46,51,53],"tags":[67254,54036,52566,53114,70635,68609,53315,2063,2204,70634],"views":100,"_links":{"self":[{"href":"https:\/\/www.enerjigazetesi.ist\/en\/wp-json\/wp\/v2\/posts\/112455"}],"collection":[{"href":"https:\/\/www.enerjigazetesi.ist\/en\/wp-json\/wp\/v2\/posts"}],"about":[{"href":"https:\/\/www.enerjigazetesi.ist\/en\/wp-json\/wp\/v2\/types\/post"}],"author":[{"embeddable":true,"href":"https:\/\/www.enerjigazetesi.ist\/en\/wp-json\/wp\/v2\/users\/1"}],"replies":[{"embeddable":true,"href":"https:\/\/www.enerjigazetesi.ist\/en\/wp-json\/wp\/v2\/comments?post=112455"}],"version-history":[{"count":0,"href":"https:\/\/www.enerjigazetesi.ist\/en\/wp-json\/wp\/v2\/posts\/112455\/revisions"}],"wp:featuredmedia":[{"embeddable":true,"href":"https:\/\/www.enerjigazetesi.ist\/en\/wp-json\/wp\/v2\/media\/112458"}],"wp:attachment":[{"href":"https:\/\/www.enerjigazetesi.ist\/en\/wp-json\/wp\/v2\/media?parent=112455"}],"wp:term":[{"taxonomy":"category","embeddable":true,"href":"https:\/\/www.enerjigazetesi.ist\/en\/wp-json\/wp\/v2\/categories?post=112455"},{"taxonomy":"post_tag","embeddable":true,"href":"https:\/\/www.enerjigazetesi.ist\/en\/wp-json\/wp\/v2\/tags?post=112455"}],"curies":[{"name":"wp","href":"https:\/\/api.w.org\/{rel}","templated":true}]}}