{"id":112370,"date":"2020-04-24T15:47:36","date_gmt":"2020-04-24T12:47:36","guid":{"rendered":"https:\/\/www.enerjigazetesi.ist\/?p=112370"},"modified":"2020-04-24T15:51:19","modified_gmt":"2020-04-24T12:51:19","slug":"karantinadaki-avrupa-ulkelerinin-enerji-talebi-azalisini-surduruyor","status":"publish","type":"post","link":"https:\/\/www.enerjigazetesi.ist\/en\/karantinadaki-avrupa-ulkelerinin-enerji-talebi-azalisini-surduruyor\/","title":{"rendered":"(Turkish) Karantinadaki Avrupa \u00dclkelerinin Enerji Talebi Azal\u0131\u015f\u0131n\u0131 S\u00fcrd\u00fcr\u00fcyor"},"content":{"rendered":"<p class=\"qtranxs-available-languages-message qtranxs-available-languages-message-en\">Sorry, this entry is only available in <a href=\"https:\/\/www.enerjigazetesi.ist\/tr\/wp-json\/wp\/v2\/posts\/112370\" class=\"qtranxs-available-language-link qtranxs-available-language-link-tr\" title=\"Turkish\">Turkish<\/a>. For the sake of viewer convenience, the content is shown below in the alternative language. You may click the link to switch the active language.<\/p><p><\/p>\n<h1>Korona vir\u00fcs salg\u0131n\u0131n\u0131 engellemeye y\u00f6nelik karantina kapsam\u0131na al\u0131nan bir\u00e7ok Avrupa \u00fclkesinde elektrik talebi giderek d\u00fc\u015f\u00fc\u015f\u00fcn\u00fc s\u00fcrd\u00fcr\u00fcrken talepler \u0130talya&#8217;da % 26, Hollanda&#8217;da % 22 ve \u0130spanya&#8217;da % 19 oran\u0131nda azald\u0131.<\/h1>\n<p><strong>Avrupa Elektrik \u0130letim Sistemi \u0130\u015fleticileri Birli\u011fi (ENTSO-E)<\/strong> verilerinden elde edilen bilgiye <img loading=\"lazy\" class=\"alignright wp-image-112376\" src=\"https:\/\/www.enerjigazetesi.ist\/wp-content\/uploads\/2020\/04\/karantinadaki-avrupa-ulkelerinin-enerji-talebi-azalisini-surduruyor.jpg\" alt=\"\" width=\"320\" height=\"214\" srcset=\"https:\/\/www.enerjigazetesi.ist\/wp-content\/uploads\/2020\/04\/karantinadaki-avrupa-ulkelerinin-enerji-talebi-azalisini-surduruyor.jpg 731w, https:\/\/www.enerjigazetesi.ist\/wp-content\/uploads\/2020\/04\/karantinadaki-avrupa-ulkelerinin-enerji-talebi-azalisini-surduruyor-300x200.jpg 300w, https:\/\/www.enerjigazetesi.ist\/wp-content\/uploads\/2020\/04\/karantinadaki-avrupa-ulkelerinin-enerji-talebi-azalisini-surduruyor-500x334.jpg 500w, https:\/\/www.enerjigazetesi.ist\/wp-content\/uploads\/2020\/04\/karantinadaki-avrupa-ulkelerinin-enerji-talebi-azalisini-surduruyor-75x50.jpg 75w, https:\/\/www.enerjigazetesi.ist\/wp-content\/uploads\/2020\/04\/karantinadaki-avrupa-ulkelerinin-enerji-talebi-azalisini-surduruyor-450x300.jpg 450w\" sizes=\"(max-width: 320px) 100vw, 320px\" \/>g\u00f6re, <strong>mart<\/strong> ay\u0131n\u0131n <strong>2&#8217;inci haftas\u0131<\/strong> itibar\u0131 ile ilk olarak <strong>\u0130talya<\/strong>&#8216;da gerilemeye ba\u015flayan <strong>elektrik talebi<\/strong>nde,<strong> ay sonunda<\/strong> t\u00fcm k\u0131tada bir azalma ya\u015fand\u0131.\u00a0<strong>Avrupa&#8217;da<\/strong> bir\u00e7ok \u00fclkede <strong>Kovid-19 \u00f6nlemleri<\/strong> sebebiyle <strong>elektrik talebi<\/strong>nde gerileme g\u00f6r\u00fcl\u00fcrken <strong>Kuzey Avrupa \u00fclkeleri<\/strong>nde ise elektrik talebindeki art\u0131\u015f s\u00fcrd\u00fc.<\/p>\n<p><strong>Elektrik talebi<\/strong>nde ya\u015fanan bu etkinin as\u0131l olarak <strong>nisan ay\u0131nda<\/strong> ya\u015fanaca\u011f\u0131n\u0131 s\u00f6yleyen <em>EMBER Elektrik Analistleri<\/em>nden <strong>Dave Jones Jones<\/strong>, &#8220;Talepteki d\u00fc\u015f\u00fc\u015f <strong>k\u00f6m\u00fcr ve do\u011fal gazdan elektrik \u00fcretimi<\/strong>ni ciddi oranda azaltarak <strong>r\u00fczgar, g\u00fcne\u015f, hidroelektrik ve n\u00fckleer santrallerin<\/strong> g\u00fc\u00e7 \u00fcretimi art\u0131\u015f\u0131n\u0131 s\u00fcrd\u00fcrecektir. B\u00f6ylece elektrik talebinde <strong>% 10-20<\/strong>\u00a0oran\u0131ndaki bu d\u00fc\u015f\u00fc\u015f,le birlikte fosil kaynakl\u0131 enerji \u00fcretiminde \u00e7ok daha b\u00fcy\u00fck bir azalma ya\u015fanabilir.&#8221; dedi.<\/p>","protected":false},"excerpt":{"rendered":"<p>Sorry, this entry is only available in Turkish. For the sake of viewer convenience, the content is shown below in the alternative language. You may click the link to switch the active language. Korona vir\u00fcs salg\u0131n\u0131n\u0131 engellemeye y\u00f6nelik karantina kapsam\u0131na al\u0131nan bir\u00e7ok Avrupa \u00fclkesinde elektrik talebi giderek d\u00fc\u015f\u00fc\u015f\u00fcn\u00fc s\u00fcrd\u00fcr\u00fcrken talepler \u0130talya&#8217;da % 26, Hollanda&#8217;da % [&hellip;]<\/p>\n","protected":false},"author":1,"featured_media":112376,"comment_status":"open","ping_status":"open","sticky":false,"template":"","format":"standard","meta":[],"categories":[51,53],"tags":[70543,70545,5070,52674,52259,65791,70544,68730,68896,51092,54979],"views":90,"_links":{"self":[{"href":"https:\/\/www.enerjigazetesi.ist\/en\/wp-json\/wp\/v2\/posts\/112370"}],"collection":[{"href":"https:\/\/www.enerjigazetesi.ist\/en\/wp-json\/wp\/v2\/posts"}],"about":[{"href":"https:\/\/www.enerjigazetesi.ist\/en\/wp-json\/wp\/v2\/types\/post"}],"author":[{"embeddable":true,"href":"https:\/\/www.enerjigazetesi.ist\/en\/wp-json\/wp\/v2\/users\/1"}],"replies":[{"embeddable":true,"href":"https:\/\/www.enerjigazetesi.ist\/en\/wp-json\/wp\/v2\/comments?post=112370"}],"version-history":[{"count":0,"href":"https:\/\/www.enerjigazetesi.ist\/en\/wp-json\/wp\/v2\/posts\/112370\/revisions"}],"wp:featuredmedia":[{"embeddable":true,"href":"https:\/\/www.enerjigazetesi.ist\/en\/wp-json\/wp\/v2\/media\/112376"}],"wp:attachment":[{"href":"https:\/\/www.enerjigazetesi.ist\/en\/wp-json\/wp\/v2\/media?parent=112370"}],"wp:term":[{"taxonomy":"category","embeddable":true,"href":"https:\/\/www.enerjigazetesi.ist\/en\/wp-json\/wp\/v2\/categories?post=112370"},{"taxonomy":"post_tag","embeddable":true,"href":"https:\/\/www.enerjigazetesi.ist\/en\/wp-json\/wp\/v2\/tags?post=112370"}],"curies":[{"name":"wp","href":"https:\/\/api.w.org\/{rel}","templated":true}]}}