{"id":112344,"date":"2020-04-24T14:11:12","date_gmt":"2020-04-24T11:11:12","guid":{"rendered":"https:\/\/www.enerjigazetesi.ist\/?p=112344"},"modified":"2020-04-24T14:12:36","modified_gmt":"2020-04-24T11:12:36","slug":"23-nisandaki-trafik-konulu-bilgi-yarismasinda-renkli-sahneler-yasandi","status":"publish","type":"post","link":"https:\/\/www.enerjigazetesi.ist\/en\/23-nisandaki-trafik-konulu-bilgi-yarismasinda-renkli-sahneler-yasandi\/","title":{"rendered":"(Turkish) 23 Nisan\u2019daki Trafik Konulu Bilgi Yar\u0131\u015fmas\u0131 Renkli Anlara Sahne Oldu"},"content":{"rendered":"<p class=\"qtranxs-available-languages-message qtranxs-available-languages-message-en\">Sorry, this entry is only available in <a href=\"https:\/\/www.enerjigazetesi.ist\/tr\/wp-json\/wp\/v2\/posts\/112344\" class=\"qtranxs-available-language-link qtranxs-available-language-link-tr\" title=\"Turkish\">Turkish<\/a>. For the sake of viewer convenience, the content is shown below in the alternative language. You may click the link to switch the active language.<\/p><p><\/p>\n<h1><strong>\u2018Trafikte K\u00fc\u00e7\u00fck Hata Yoktur\u2019 sosyal yat<\/strong><strong>\u0131<\/strong><strong>r<\/strong><strong>\u0131<\/strong><strong>m program<\/strong><strong>\u0131<\/strong><strong> kapsam<\/strong><strong>\u0131<\/strong><strong>nda Radyo Trafik <\/strong><strong>\u00fc<\/strong><strong>zerinden 23 Nisan Ulusal Egemenlik ve <\/strong><strong>\u00c7<\/strong><strong>ocuk Bayram<\/strong><strong>\u0131<\/strong><strong>\u2019<\/strong><strong>na <\/strong><strong>\u00f6<\/strong><strong>zel d<\/strong><strong>\u00fc<\/strong><strong>zenlenen bilgi yar<\/strong><strong>\u0131\u015f<\/strong><strong>mas<\/strong><strong>\u0131<\/strong><strong>na kat<\/strong><strong>\u0131<\/strong><strong>lan <\/strong><strong>\u00e7<\/strong><strong>ocuklar hem e<\/strong><strong>\u011f<\/strong><strong>lendi, hem de trafik kurallar<\/strong><strong>\u0131<\/strong><strong>n<\/strong><strong>\u0131<\/strong> <strong>\u00f6<\/strong><strong>\u011f<\/strong><strong>rendi. G<\/strong><strong>\u00fc<\/strong><strong>n sonundaki yar<\/strong><strong>\u0131\u015f<\/strong><strong>man<\/strong><strong>\u0131<\/strong><strong>n finaline canl<\/strong><strong>\u0131<\/strong><strong> olarak ba<\/strong><strong>\u011f<\/strong><strong>lanan TBMM Ba<\/strong><strong>\u015f<\/strong><strong>kan<\/strong><strong>\u0131<\/strong><strong> Mustafa <\/strong><strong>\u015e<\/strong><strong>entop, <\/strong><strong>\u00e7<\/strong><strong>ocuklara sorular y<\/strong><strong>\u00f6<\/strong><strong>neltti.<\/strong><\/h1>\n<p><strong>MEB, Shell T\u00fcrkiye<\/strong> ve <strong>\u0130stanbul Ticaret \u00dcniversitesi<\/strong> i\u015f birli\u011fi ile y\u00fcr\u00fct\u00fclen \u2018Trafikte K\u00fc\u00e7\u00fck Hata Yoktur\u2019 <strong>sosyal yat\u0131r\u0131m program\u0131<\/strong> \u00e7ocuklara <strong>erken ya\u015fta trafik bilincini a\u015f\u0131lamaya<\/strong> devam ediyor. <strong>23 Nisan Ulusal Egemenlik ve \u00c7ocuk Bayram\u0131<\/strong>&#8216;na \u00f6zel olarak d\u00fczenlenen bilgi yar\u0131\u015fmas\u0131, <strong>Radyo Trafik&#8217;teki Trafikte K\u00fc\u00e7\u00fck Hata Yoktur<\/strong> program\u0131nda canl\u0131 olarak yay\u0131nland\u0131. G\u00fcn boyu devam <img loading=\"lazy\" class=\"alignright wp-image-112346\" src=\"https:\/\/www.enerjigazetesi.ist\/wp-content\/uploads\/2020\/04\/23-nisandaki-trafik-konulu-bilgi-yarismasinda-renkli-sahneler-yasandi.jpg\" alt=\"\" width=\"320\" height=\"180\" srcset=\"https:\/\/www.enerjigazetesi.ist\/wp-content\/uploads\/2020\/04\/23-nisandaki-trafik-konulu-bilgi-yarismasinda-renkli-sahneler-yasandi.jpg 868w, https:\/\/www.enerjigazetesi.ist\/wp-content\/uploads\/2020\/04\/23-nisandaki-trafik-konulu-bilgi-yarismasinda-renkli-sahneler-yasandi-300x169.jpg 300w, https:\/\/www.enerjigazetesi.ist\/wp-content\/uploads\/2020\/04\/23-nisandaki-trafik-konulu-bilgi-yarismasinda-renkli-sahneler-yasandi-768x432.jpg 768w, https:\/\/www.enerjigazetesi.ist\/wp-content\/uploads\/2020\/04\/23-nisandaki-trafik-konulu-bilgi-yarismasinda-renkli-sahneler-yasandi-500x281.jpg 500w, https:\/\/www.enerjigazetesi.ist\/wp-content\/uploads\/2020\/04\/23-nisandaki-trafik-konulu-bilgi-yarismasinda-renkli-sahneler-yasandi-80x45.jpg 80w\" sizes=\"(max-width: 320px) 100vw, 320px\" \/>eden yar\u0131\u015fmaya kat\u0131lan <strong>\u00e7ocuklar trafik kurallar\u0131n\u0131<\/strong> e\u011flenceli bir \u015fekilde \u00f6\u011frenirken, s\u00fcrprizlerin de sahibi oldu.<\/p>\n<p>G\u00fcn sonunda hem <strong>Radyo Trafik<\/strong>\u2019ten, hem de radyonun <strong>Youtube kanal\u0131ndan<\/strong> g\u00f6r\u00fcnt\u00fcl\u00fc olarak ger\u00e7ekle\u015fen yar\u0131\u015fman\u0131n finaline kat\u0131lan TBMM Ba\u015fkan\u0131 <strong>Mustafa \u015eentop<\/strong>, \u00e7ocuklara trafik konulu sorular y\u00f6neltti. <strong>Prof. Dr. Mustafa Il\u0131cal\u0131<\/strong>, \u0130stanbul \u0130l Milli E\u011fitim M\u00fcd\u00fcr\u00fc <strong>Levent Yaz\u0131c\u0131<\/strong>, \u0130\u00e7i\u015fleri Bakanl\u0131\u011f\u0131 Trafik Planlama ve Destek Daire Ba\u015fkan\u0131 <strong>Mehmet Yavuz<\/strong> \u0130stanbul Ticaret \u00dcniversitesi Rekt\u00f6r\u00fc <strong>Prof. Dr. Y\u00fccel O\u011furlu<\/strong>, Shell T\u00fcrkiye Ba\u015fkan\u0131 <strong>Ahmet Erdem<\/strong> ve Getir Kurucu Orta\u011f\u0131 <strong>Tuncay T\u00fctek<\/strong>\u2019in de kat\u0131ld\u0131\u011f\u0131 yay\u0131n e\u011flenceli anlara sahne oldu.<\/p>\n<p><strong>\u2018Trafikte K\u00fc\u00e7\u00fck Hata Yoktur\u2019<\/strong> sosyal yat\u0131r\u0131m program\u0131 <strong>Milli E\u011fitim Bakanl\u0131\u011f\u0131<\/strong>, <strong>Shell T\u00fcrkiye<\/strong> ve <strong>\u0130stanbul Ticaret \u00dcniversitesi<\/strong> taraf\u0131ndan \u00e7ocuklar\u0131n trafik kurallar\u0131n\u0131 tam anlam\u0131yla bilen, uygulayan ve bu konuda <strong>sorumluluk alan bireyler<\/strong> olarak yeti\u015fmelerine katk\u0131 sa\u011flamak amac\u0131yla hayata ge\u00e7irildi. <strong>Prof. Dr. Mustafa Il\u0131cal\u0131<\/strong> liderlik etti\u011fi \u00fcniversite b\u00fcnyesindeki <strong>Ula\u015ft\u0131rma Sistemleri Uygulama ve Ara\u015ft\u0131rma Merkezi<\/strong>\u2019nin katk\u0131lar\u0131yla ger\u00e7ekle\u015ftirilen etkinliklerle \u00e7ocuklar <strong>trafik konusunda bilin\u00e7lendiriliyor, ailelerin ise trafik kurallar\u0131na uymalar\u0131<\/strong> te\u015fvik ediliyor.<\/p>","protected":false},"excerpt":{"rendered":"<p>Sorry, this entry is only available in Turkish. For the sake of viewer convenience, the content is shown below in the alternative language. You may click the link to switch the active language. \u2018Trafikte K\u00fc\u00e7\u00fck Hata Yoktur\u2019 sosyal yat\u0131r\u0131m program\u0131 kapsam\u0131nda Radyo Trafik \u00fczerinden 23 Nisan Ulusal Egemenlik ve \u00c7ocuk Bayram\u0131\u2019na \u00f6zel d\u00fczenlenen bilgi yar\u0131\u015fmas\u0131na [&hellip;]<\/p>\n","protected":false},"author":1,"featured_media":112346,"comment_status":"open","ping_status":"open","sticky":false,"template":"","format":"standard","meta":[],"categories":[51,53],"tags":[49663,52259,70531,58602,632,70530,70532,4018,67457,70456],"views":260,"_links":{"self":[{"href":"https:\/\/www.enerjigazetesi.ist\/en\/wp-json\/wp\/v2\/posts\/112344"}],"collection":[{"href":"https:\/\/www.enerjigazetesi.ist\/en\/wp-json\/wp\/v2\/posts"}],"about":[{"href":"https:\/\/www.enerjigazetesi.ist\/en\/wp-json\/wp\/v2\/types\/post"}],"author":[{"embeddable":true,"href":"https:\/\/www.enerjigazetesi.ist\/en\/wp-json\/wp\/v2\/users\/1"}],"replies":[{"embeddable":true,"href":"https:\/\/www.enerjigazetesi.ist\/en\/wp-json\/wp\/v2\/comments?post=112344"}],"version-history":[{"count":0,"href":"https:\/\/www.enerjigazetesi.ist\/en\/wp-json\/wp\/v2\/posts\/112344\/revisions"}],"wp:featuredmedia":[{"embeddable":true,"href":"https:\/\/www.enerjigazetesi.ist\/en\/wp-json\/wp\/v2\/media\/112346"}],"wp:attachment":[{"href":"https:\/\/www.enerjigazetesi.ist\/en\/wp-json\/wp\/v2\/media?parent=112344"}],"wp:term":[{"taxonomy":"category","embeddable":true,"href":"https:\/\/www.enerjigazetesi.ist\/en\/wp-json\/wp\/v2\/categories?post=112344"},{"taxonomy":"post_tag","embeddable":true,"href":"https:\/\/www.enerjigazetesi.ist\/en\/wp-json\/wp\/v2\/tags?post=112344"}],"curies":[{"name":"wp","href":"https:\/\/api.w.org\/{rel}","templated":true}]}}