{"id":112297,"date":"2020-04-23T23:09:24","date_gmt":"2020-04-23T20:09:24","guid":{"rendered":"https:\/\/www.enerjigazetesi.ist\/?p=112297"},"modified":"2020-04-23T23:12:23","modified_gmt":"2020-04-23T20:12:23","slug":"turkiye-cevre-platformu-turcep-sorun-kuresel-cozum-de-kuresel","status":"publish","type":"post","link":"https:\/\/www.enerjigazetesi.ist\/en\/turkiye-cevre-platformu-turcep-sorun-kuresel-cozum-de-kuresel\/","title":{"rendered":"T\u00fcrkiye \u00c7evre Platformu ( T\u00dcR\u00c7EP )"},"content":{"rendered":"<p class=\"qtranxs-available-languages-message qtranxs-available-languages-message-en\">Sorry, this entry is only available in <a href=\"https:\/\/www.enerjigazetesi.ist\/tr\/wp-json\/wp\/v2\/posts\/112297\" class=\"qtranxs-available-language-link qtranxs-available-language-link-tr\" title=\"Turkish\">Turkish<\/a>. For the sake of viewer convenience, the content is shown below in the alternative language. You may click the link to switch the active language.<\/p><p><\/p>\n<h1>Korona COV\u0130D-19 G\u00f6zle g\u00f6r\u00fclemeyecek kadar k\u00fc\u00e7\u00fck bir vir\u00fcs. Birka\u00e7 ay i\u00e7erisinde D\u00fcnya\u2019da t\u00fcm ya\u015fam\u0131 adeta durdurdu. Sadece durdurmakla kalmay\u0131p k\u0131sa bir s\u00fcre i\u00e7inde, insano\u011flunun \u00e7izdi\u011fi t\u00fcm s\u0131n\u0131rlar\u0131 ve okyanuslar\u0131 h\u0131zla ge\u00e7ip D\u00fcnya\u2019n\u0131n neredeyse t\u00fcm\u00fcnde 185 \u00fclkede milyonlarca insana ula\u015farak bula\u015ft\u0131.<\/h1>\n<p>D\u00fcnya\u2019daki <strong>dola\u015f\u0131m\u0131 s\u00fcr\u00fcyor, nereye kadar s\u00fcrece\u011fi, ne zaman duraca\u011f\u0131<\/strong> hen\u00fcz belli de\u011fil. An itibariyle, <strong>200 bine yak\u0131n insan\u0131n ya\u015fam\u0131n\u0131<\/strong> sonland\u0131rd\u0131. Daha da k\u00f6t\u00fcs\u00fc <strong>yar\u0131n ve sonras\u0131nda<\/strong> ne olaca\u011f\u0131n\u0131 kimse bilmiyor. Somut bir \u015fey s\u00f6yleyemiyor.<\/p>\n<p><img loading=\"lazy\" class=\"alignright wp-image-112300\" src=\"https:\/\/www.enerjigazetesi.ist\/wp-content\/uploads\/2020\/04\/turkiye-cevre-platformu-turcep-sorun-kuresel-cozum-de-kuresel-2.jpg\" alt=\"\" width=\"320\" height=\"180\" srcset=\"https:\/\/www.enerjigazetesi.ist\/wp-content\/uploads\/2020\/04\/turkiye-cevre-platformu-turcep-sorun-kuresel-cozum-de-kuresel-2.jpg 867w, https:\/\/www.enerjigazetesi.ist\/wp-content\/uploads\/2020\/04\/turkiye-cevre-platformu-turcep-sorun-kuresel-cozum-de-kuresel-2-300x169.jpg 300w, https:\/\/www.enerjigazetesi.ist\/wp-content\/uploads\/2020\/04\/turkiye-cevre-platformu-turcep-sorun-kuresel-cozum-de-kuresel-2-768x432.jpg 768w, https:\/\/www.enerjigazetesi.ist\/wp-content\/uploads\/2020\/04\/turkiye-cevre-platformu-turcep-sorun-kuresel-cozum-de-kuresel-2-500x281.jpg 500w, https:\/\/www.enerjigazetesi.ist\/wp-content\/uploads\/2020\/04\/turkiye-cevre-platformu-turcep-sorun-kuresel-cozum-de-kuresel-2-80x45.jpg 80w\" sizes=\"(max-width: 320px) 100vw, 320px\" \/>\u0130nsano\u011flu t\u00fcm <strong>tarihsel birikimi, ekonomik ve teknolojik olanaklar\u0131yla<\/strong> aylard\u0131r bu salg\u0131n\u0131 durduram\u0131yor. Durdurmak bir yana kay\u0131plar\u0131 azaltma, kurtarabilece\u011fi can say\u0131s\u0131n\u0131 artt\u0131rmak \u00e7abas\u0131nda.<\/p>\n<p>H\u00fck\u00fcmetler, <strong>\u201cSORUN K\u00dcRESEL, \u00c7\u00d6Z\u00dcM ULUSAL\u201d<\/strong> slogan\u0131yla toplumsal birikimleri, ekonomik g\u00fc\u00e7leri, y\u00f6netim anlay\u0131\u015flar\u0131 ve dayand\u0131klar\u0131 toplumsal ili\u015fkilerin \u00f6ncelikleri ile \u00f6nlemleri ve kurtarma paketlerini tasarlama g\u00f6revini \u00fcstlenerek bu <strong>vir\u00fcs krizi<\/strong> <strong>ile m\u00fccadelede<\/strong> yar\u0131\u015f\u0131yorlar. Bilinmeyen yar\u0131nlara kar\u015f\u0131n <strong>bu \u00e7abalar ve bu paketler<\/strong> bile \u00f6n\u00fcm\u00fczdeki y\u0131llarda <strong>toplumlar\u0131 ve ekonomileri \u015fekillendirecek<\/strong>, yeniden yap\u0131land\u0131racak bir \u00f6l\u00e7e\u011fe daha \u015fimdiden ula\u015fm\u0131\u015f durumda.<\/p>\n<p>Halbuki \u0130nsano\u011flu <strong>bu t\u00fcrden salg\u0131nlara<\/strong> yabanc\u0131 de\u011fil. \u0130nsanl\u0131k, tarihi boyunca bir\u00e7ok <strong>salg\u0131n hastal\u0131klarla ve afetlerle<\/strong> y\u00fczle\u015fmi\u015f. Yerel ya da <strong>b\u00f6lgesel \u00f6l\u00e7ekli krizlerle<\/strong> sanc\u0131lan\u0131p s\u00fcrd\u00fcr\u00fclemez hale geldi\u011finde, <strong>e\u015fitsiz geli\u015fim ve \u00fcretici g\u00fc\u00e7ler<\/strong> seviyesine ve sanc\u0131n\u0131n \u015fiddetine ba\u011fl\u0131 olarak yeni toplum bi\u00e7imlerine <strong>evrilmi\u015f ya da lokal<\/strong> olarak yok olup gitmi\u015ftir.<\/p>\n<p><strong>\u0130nsanl\u0131k tarihi boyunca<\/strong> ya\u015fanan salg\u0131nlar\u0131n, \u00e7a\u011f\u0131m\u0131zda k\u00fcresel boyutlara ula\u015fmas\u0131,<strong> uluslar, yerel co\u011frafyalar hatta k\u0131talarla s\u0131n\u0131rl\u0131 kalmamas\u0131<\/strong> g\u00fcn\u00fcm\u00fczde krizlerin \u00e7\u00f6z\u00fcm\u00fcn\u00fcn k\u00fcresel bir dayan\u0131\u015fmay\u0131 gerektirdi\u011fini a\u00e7\u0131k\u00e7a g\u00f6zler \u00f6n\u00fcne sermektedir.<\/p>\n<p>Ya\u015fanmakta olan kriz, <strong>k\u00fcresel ba\u011flant\u0131lar\u0131<\/strong> daha bir g\u00f6r\u00fcn\u00fcr k\u0131lm\u0131\u015f, ulusal ve b\u00f6lgesel d\u00fczeylerde daha esnek bir toplum vizyonunu g\u00fc\u00e7lendirmi\u015f, ayn\u0131 zamanda \u00fclkelerin <strong>ko\u015fullar\u0131 ve kapasiteleri aras\u0131ndaki<\/strong> b\u00fcy\u00fck farkl\u0131l\u0131klar\u0131 bir kez daha a\u00e7\u0131kl\u0131kla ortaya \u00e7\u0131karm\u0131\u015ft\u0131r.<\/p>\n<p>Bu nedenle de ya\u015fanmakta olan <strong>krizi a\u015fabilmek i\u00e7in uluslararas\u0131 i\u015f birli\u011fi<\/strong> gerekmektedir ve <strong>krizle m\u00fccadele k\u00fcresel ortak ba\u011f\u0131ml\u0131l\u0131k ve sorumluluk<\/strong> d\u00fczeyinde olmal\u0131d\u0131r. K\u00fcresel \u00f6l\u00e7ekteki yat\u0131r\u0131mlar\u0131n, en savunmas\u0131z \u00fclkeler ve topluluklar da dahil olmak \u00fczere, ihtiya\u00e7 duyulan her yere <strong>y\u00f6nlendirilmesi gereklilikten<\/strong> \u00f6te adeta bir zorunluluktur.<\/p>\n<p><strong>Krizin ald\u0131\u011f\u0131 boyut ve ilerleme s\u00fcreci<\/strong>, k\u00fcresel \u00f6l\u00e7ekte bir dayan\u0131\u015fmay\u0131 gerekli k\u0131lmakla birlikte, krizin nedenlerini ertelemeden belirleyip, zaman kaybetmeden ortadan kald\u0131rmay\u0131 \u00f6ng\u00f6ren tedbirleri cesaretle uygulamay\u0131 zorunlu k\u0131l\u0131yor.<\/p>\n<p>Bug\u00fcn, <strong>t\u00fcm gezegeni tehdit eden<\/strong> ve y\u00fcz binlerce can alan, almaya da devam eden<strong> korona vir\u00fcs salg\u0131n\u0131n\u0131n nedeni<\/strong>ni <strong>iklim krizinin sonu\u00e7lar\u0131<\/strong>ndan ayr\u0131 d\u00fc\u015f\u00fcnemeyiz.<\/p>\n<p><strong>Kapitalist-Emperyalist sistem<\/strong>in, \u00f6zellikle <strong>20&#8217;inci y\u00fczy\u0131l<\/strong>\u0131n 2&#8217;inci yar\u0131s\u0131 ve sonras\u0131nda bunal\u0131mlar\u0131n\u0131 a\u015fabilmek amac\u0131yla bilimsel geli\u015fmenin \u00fcr\u00fcn\u00fc, geli\u015fmi\u015f teknolojiyi de kullanarak <strong>t\u00fckenmez k\u00e2r h\u0131rs\u0131<\/strong> ile do\u011faya kar\u015f\u0131 a\u00e7\u0131lan <strong>kontrols\u00fcz bir sava\u015f d\u00fczeyinde<\/strong> do\u011fal de\u011ferleri ya\u011fmalamas\u0131 ve talan\u0131yla olu\u015fan <strong>k\u00fcresel iklim de\u011fi\u015fikli\u011fi, koronavir\u00fcs krizi<\/strong> gibi krizlerin k\u00fcresel \u00f6l\u00e7ekte olu\u015fmas\u0131na neden olmu\u015ftur. Ve g\u00f6r\u00fcnen odur ki <strong>korona ve benzeri vir\u00fcslerin yaratt\u0131\u011f\u0131<\/strong> krizler ne ilktir ne de son olacakt\u0131r.<\/p>\n<p><strong>\u0130klim krizi ve sonu\u00e7lar\u0131<\/strong> t\u00fcm gezegeni etkilemekte, ba\u015fta can kay\u0131plar\u0131 olmak \u00fczere s\u0131n\u0131r tan\u0131mayan kay\u0131plara neden olmakta, <strong>ekonomiler \u00e7\u00f6kmekte, ba\u015fa \u00e7\u0131k\u0131lamayan salg\u0131n hastal\u0131klar insanl\u0131\u011f\u0131n gelece\u011fini tehdit<\/strong> etmektedir.<\/p>\n<p><strong>Ola\u011fan\u00fcst\u00fc atmosfer olaylar\u0131, kas\u0131rgalar, hortumlar, ya\u011f\u0131\u015f rejimlerinin d\u00fczensizli\u011fi, seller, kurakl\u0131k ve \u00e7\u00f6lle\u015fme, eriyen buzullar ve y\u00fckselen denizler, s\u00f6nd\u00fcr\u00fclemeyen b\u00fcy\u00fck orman yang\u0131nlar\u0131, yok edilen ekosistemler, kuruyan g\u00f6ller, kaybedilen su kaynaklar\u0131, kirletilen hava, su, toprak adeta insanl\u0131\u011f\u0131 sona do\u011fru s\u00fcr\u00fckleyen<\/strong> olgular olarak ve daha s\u0131kla\u015fan periyotlarda ya\u015fanmaktad\u0131r.<\/p>\n<p>Fosil yak\u0131tlar\u0131n ba\u015fta<strong> k\u00f6m\u00fcrl\u00fc termik santraller<\/strong> olmak \u00fczere yaratt\u0131\u011f\u0131 hava kirlili\u011fi y\u00fczlerce kilometreye yay\u0131lmaktad\u0131r. Buralarda ya\u015fayan insanlar kolayca <strong>akci\u011fer ve di\u011fer kronik hastal\u0131klara<\/strong> yakalanmakta ve salg\u0131nda ilk hedef olmaktad\u0131rlar.<\/p>\n<p><strong>K\u00f6m\u00fcr, petrol ve do\u011falgaz\u0131n Ula\u015f\u0131m, Sanayi ve Konut sekt\u00f6rleri<\/strong>nde kullan\u0131m\u0131 hem K\u00fcresel \u0130klimi de\u011fi\u015ftirmekte ve hem de yaratt\u0131\u011f\u0131 <strong>hava Kirlili\u011fi<\/strong> her y\u0131l milyonlarca insan\u0131n \u00f6l\u00fcm\u00fcne yol a\u00e7maktad\u0131r.<\/p>\n<p><strong>Korona vir\u00fcs<\/strong> ise fosil yak\u0131t kullan\u0131m\u0131 sonucu olu\u015fan <strong>Kronik hastal\u0131klara (kanser, t\u00fcberk\u00fcloz, kalp ve akci\u011fer hastal\u0131klar\u0131)<\/strong> yakalanm\u0131\u015f hastalar\u0131 ila\u00e7 kullanmas\u0131na f\u0131rsat vermeden \u00f6ld\u00fcrmektedir.<\/p>\n<p>A\u015f\u0131 \u00e7al\u0131\u015fmalar\u0131n\u0131n en az bir y\u0131l s\u00fcrece\u011fi, ba\u015flang\u0131\u00e7 s\u00fcrecinde yeterli say\u0131da test yap\u0131lamamas\u0131 sonucu erken te\u015fhis konulamamas\u0131 ve Koruyucu Hekimli\u011fin de g\u00f6z ard\u0131 edildi\u011fi \u00fclkelerde, (ki bu \u00fclkelere \u00fclkemizi de dahil etmemiz yanl\u0131\u015f olmayacakt\u0131r) <strong>vir\u00fcsle m\u00fccadele<\/strong>nin bir yandan s\u00fcreyi uzatt\u0131\u011f\u0131, uzataca\u011f\u0131 ve kay\u0131plar\u0131n \u00e7ok daha y\u00fcksek olaca\u011f\u0131 a\u00e7\u0131k\u00e7a g\u00f6r\u00fclmektedir.<\/p>\n<p>Gerekli dersler <strong>al\u0131nmaz ve gerekenler yap\u0131larak nedenleri<\/strong> ortadan kald\u0131r\u0131lamaz ise b\u00f6ylesi <strong>krizler, \u015fiddeti ve \u00f6detece\u011fi faturalar<\/strong> artarak, evrendeki canl\u0131 ya\u015fam t\u00fcrlerini yok edene kadar devam edecektir.<\/p>\n<p><strong>T\u00fcrkiye \u00c7evre Platformu<\/strong>, \u00e7evre kirlili\u011fi ve do\u011fan\u0131n y\u0131k\u0131m\u0131n\u0131n \u00f6nlenmesi i\u00e7in m\u00fccadelenin <strong>ulusal ve evrensel d\u00fczeyde yayg\u0131nla\u015farak<\/strong> ve g\u00fc\u00e7lenerek devam etmesi gereklili\u011fini, var olu\u015funun temel gerek\u00e7esi olarak \u00f6ng\u00f6rm\u00fc\u015f ve kurulu\u015fundan bu yana bu temelde m\u00fccadelesini artarak s\u00fcrd\u00fcrmektedir. \u0130nsan&#8217;la do\u011fa aras\u0131ndaki ili\u015fkiyi <strong>bir b\u00fct\u00fcnl\u00fck d\u00fczeyinde<\/strong> ele alarak Anadolu co\u011frafyas\u0131nda <strong>\u00e7evre ve do\u011fa ile bar\u0131\u015f\u0131k bir ya\u015fam bilincinin<\/strong> geli\u015ftirilmesi, \u00fclkeyi y\u00f6netme sorumlulu\u011funu \u00fcstlenenlerin uyar\u0131lmas\u0131 ve yap\u0131lan yanl\u0131\u015flara kar\u015f\u0131 etkin bir <strong>m\u00fccadelenin s\u00fcrd\u00fcr\u00fclmesi<\/strong> i\u00e7in kesintisiz bir \u00e7aba i\u00e7erisindedir.<\/p>\n<p><strong>T\u00fcrkiye \u00c7evre Platformu ( T\u00dcR\u00c7EP )<\/strong>, kar\u015f\u0131 kar\u015f\u0131ya oldu\u011fumuz <strong>Korona COV\u0130D-19 krizi<\/strong>nin, <strong>\u201cSORUN K\u00dcRESEL, \u00c7\u00d6Z\u00dcM DE K\u00dcRESEL\u201d<\/strong> anlay\u0131\u015f\u0131yla ele al\u0131n\u0131p yerk\u00fcrenin hemen her metrekaresinde \u00e7\u00f6z\u00fcme y\u00f6nelik ad\u0131mlar\u0131n yerel \u00f6l\u00e7ekte, sorumlulukla ertelenmeden at\u0131lmas\u0131n\u0131 bir zorunluluk olarak g\u00f6rmektedir.<\/p>\n<p>Giderek artan <strong>ya\u015fam kayb\u0131 y\u0131k\u0131c\u0131d\u0131r ve topluluklar<\/strong> ile ekonomiler \u00fczerindeki bask\u0131, nedenleri ortadan kald\u0131r\u0131c\u0131 nitelikte ve geni\u015f kapsaml\u0131 stratejileri gerektirecektir. <strong>Enerjiyi, toplumu, ekonomiyi ve \u00e7evreyi benzersiz, b\u00fct\u00fcnc\u00fcl<\/strong> bir sistemin par\u00e7alar\u0131 olarak g\u00f6ren daha geni\u015f bir perspektife ihtiya\u00e7 vard\u0131r.<\/p>\n<p><strong>Krizle m\u00fccadele<\/strong> kapsam\u0131nda at\u0131lan ad\u0131mlar, yap\u0131lan yat\u0131r\u0131mlar harcanan <strong>kamusal kaynaklar, mevcut sosyo-ekonomik yap\u0131lar<\/strong> i\u00e7in bir kurtarma operasyonundan fazlas\u0131n\u0131 sa\u011flamal\u0131d\u0131r.<\/p>\n<p>\u015eimdi, her zamankinden daha fazla, <strong>kamu politikalar\u0131 ve yat\u0131r\u0131m kararlar\u0131, politik kayg\u0131lar<\/strong>dan uzak <strong>s\u00fcrd\u00fcr\u00fclebilir ve adil bir gelecek<\/strong> vizyonu ile uyumlu olmal\u0131d\u0131r.<\/p>\n<p><strong>Salg\u0131nla m\u00fccadele<\/strong> kapsam\u0131nda <strong>te\u015fvik ve iyile\u015ftirme \u00f6nlemleri,<\/strong> ekonomik kalk\u0131nmay\u0131 ve istihdam yaratmay\u0131 <strong>te\u015fvik etmeli, sosyal e\u015fitlik ve refah\u0131 desteklemeli<\/strong> ve <strong>d\u00fcnyay\u0131 iklim a\u00e7\u0131s\u0131ndan<\/strong> g\u00fcvenli bir yola sokmal\u0131d\u0131r.<\/p>\n<p>H\u00fck\u00fcmet, bu zor anda bir dizi \u00e7\u00f6z\u00fcm getirmek i\u00e7in <strong>yenilenebilir enerji bazl\u0131<\/strong> bir <strong>enerji d\u00f6n\u00fc\u015f\u00fcm\u00fc<\/strong>ne ba\u015fvurmal\u0131d\u0131r.<\/p>\n<p><strong>Merkezi olmayan teknolojiler, d\u00f6n\u00fc\u015ft\u00fcr\u00fcc\u00fc sosyal \u00e7\u0131kar\u0131mlarla<\/strong> vatanda\u015flar\u0131n ve topluluklar\u0131n enerji kararlar\u0131na daha fazla kat\u0131l\u0131m\u0131n\u0131 sa\u011flar. Daha da \u00f6nemlisi, <strong>enerji a\u00e7\u0131s\u0131ndan fakir topluluklarda<\/strong> uzaktan <strong>sa\u011fl\u0131k bak\u0131m\u0131<\/strong> i\u00e7in kan\u0131tlanm\u0131\u015f bir <strong>yakla\u015f\u0131m sunar ve kriz m\u00fcdahale<\/strong> s\u00fcrecine kilit bir unsur ekler.<\/p>\n<p>Salg\u0131n hastal\u0131klar\u0131n olmamas\u0131, insanlar\u0131n ve di\u011fer canl\u0131lar\u0131n<strong> salg\u0131nlara yakalanmamas\u0131<\/strong> i\u00e7in kal\u0131c\u0131 \u00e7\u00f6z\u00fcm olarak kronik hastal\u0131klar\u0131n ana nedeni olan fosil yak\u0131tlar\u0131n (k\u00f6m\u00fcr, do\u011falgaz ve petrol) atmosfer i\u00e7inde yak\u0131lmas\u0131 durdurulmal\u0131 ve <strong>%100 Yenilenebilir Enerjiye ge\u00e7ilmeli<\/strong>dir. <strong>Enerjide d\u00f6n\u00fc\u015f\u00fcm s\u00fcreci, yenilenebilir teknolojileri, end\u00fcstrileri canland\u0131rmaya ve yeni i\u015fler yaratmaya<\/strong> yard\u0131mc\u0131 olacak \u015fekilde ve d\u00fczeyde h\u0131zland\u0131r\u0131lmal\u0131d\u0131r.<\/p>\n<p><strong>\u0130nsan ve do\u011fa<\/strong> i\u00e7in ya\u015famsal bir zaruret haline gelen <strong>karbon sal\u0131m\u0131n\u0131n durdurulmas\u0131<\/strong> i\u00e7in \u00fclke olarak yap\u0131lmas\u0131 gerekenler ama s\u0131z, fakats\u0131z derhal uygulanmal\u0131d\u0131r.<\/p>\n<p>Ya\u015fanmakta olan <strong>korona vir\u00fcs krizi s\u00fcreci<\/strong>nde, toplumu evde kalmaya y\u00f6nlendiren tedbirleri f\u0131rsata d\u00f6n\u00fc\u015ft\u00fcrerek <strong>do\u011fal de\u011ferlerin ya\u011fmalanmas\u0131 ve talan\u0131na devam etme \u00e7abalar\u0131<\/strong>n\u0131 ve bunlara f\u0131rsat verenleri esefle ve \u015fiddetle k\u0131n\u0131yoruz.<\/p>\n<p><strong>Hava<\/strong>, <strong>ya\u015fam\u0131 olanakl\u0131<\/strong> ve <strong>s\u00fcrd\u00fcr\u00fclebilir<\/strong> k\u0131lan bir do\u011fa \u00fcr\u00fcn\u00fcd\u00fcr.<\/p>\n<p>Ya\u015fam\u0131 olanakl\u0131 k\u0131lan<strong> su, do\u011fan\u0131n sundu\u011fundan<\/strong> ba\u015fkaca bir bi\u00e7imde hi\u00e7bir \u015fekilde elde edilemeyecek bir \u00fcr\u00fcnd\u00fcr.<\/p>\n<p><strong>Bitkileri ya\u015fama sunan ve tar\u0131m yap\u0131labilen<\/strong> toprak<strong> on binlerce y\u0131la tekab\u00fcl<\/strong> eden bir s\u00fcrecin \u00fcr\u00fcn\u00fcd\u00fcr.<\/p>\n<p><strong>Evrenin nefes almas\u0131<\/strong>n\u0131 olanakl\u0131 <strong>k\u0131lan ve ya\u011f\u0131\u015flar\u0131 bir do\u011fa olay\u0131 olarak<\/strong> evrene sunan ormanlar y\u00fczlerce binlerce y\u0131l\u0131n \u00fcr\u00fcn\u00fcd\u00fcr. <strong>Fosil ormanlar\u0131<\/strong> ise do\u011fa tarihinin ke\u015ffedilmesine hizmet eden d\u00fcnya miras\u0131 olu\u015fumlard\u0131r. <strong>Fosillerin olu\u015fumu<\/strong> milyon y\u0131llar\u0131 alan bir s\u00fcre\u00e7 olup, bilimsel \u00e7al\u0131\u015fmalar neticesinde ya\u015fanm\u0131\u015f jeolojik zamanlara ili\u015fkin <strong>iklim ve bitki t\u00fcrleri<\/strong> hakk\u0131nda bilgi sahibi olunmas\u0131n\u0131 olanakl\u0131 k\u0131lar.<\/p>\n<p>-Bu do\u011fal de\u011ferler hangi nedenle olursa olsun asla t\u00fcketilmemelidir. Do\u011fan\u0131n sundu\u011fu gibi ya\u015fam\u0131n s\u00fcrd\u00fcr\u00fclebilirli\u011fi temelinde kullan\u0131larak <strong>varl\u0131klar\u0131n\u0131 do\u011fal ortamlar\u0131nda<\/strong> s\u00fcrd\u00fcrmelidirler.<\/p>\n<p>-\u00dclkenin d\u00f6rt bir yan\u0131nda <strong>krizin de durduramad\u0131\u011f\u0131<\/strong> orman alanlar\u0131n\u0131n hunharca tahribine, <strong>hangi nedenle olursa olsun<\/strong> derhal son verilmelidir.<\/p>\n<p>&#8211;<strong>Topra\u011f\u0131 ve suyu<\/strong> kullan\u0131lamaz hale getiren <strong>siyan\u00fcrle alt\u0131n ve di\u011fer maden aramalar\u0131<\/strong> derhal yasaklanmal\u0131d\u0131r.<\/p>\n<p>-Tar\u0131m alanlar\u0131n\u0131n <strong>sanayi, yerle\u015fim vb.<\/strong> nedenlerle yok edilmesine olanak verilmemelidir.<\/p>\n<p>&#8211;<strong>Tar\u0131m sekt\u00f6r\u00fc te\u015fvik edilmeli, \u00e7ift\u00e7iler desteklenmeli, yerli tohum odakl\u0131<\/strong> tar\u0131m geli\u015ftirilmeli.<\/p>\n<p>&#8211;<strong>Akarsular\u0131n ve yeralt\u0131 sular\u0131n\u0131n<\/strong> ticari ama\u00e7la t\u00fcketilmesine son verilmelidir.<\/p>\n<p>&#8211;<strong>G\u00f6llerin ve denizlerin kirletilmesi<\/strong> ve hangi ama\u00e7la olursa olsun doldurulmas\u0131 engellenmelidir.<\/p>\n<p>-S\u0131nai \u00fcretim ciddi bir disiplin alt\u0131na al\u0131nmal\u0131d\u0131r. Eski, <strong>kirli teknolojiler<\/strong>le \u00fcretim durdurulmal\u0131d\u0131r. Geli\u015fmi\u015f <strong>temiz teknolojiler<\/strong>le <strong>do\u011fay\u0131 kirletmeyen<\/strong> nitelikte ve \u00f6l\u00e7ekte \u00fcretim esas al\u0131nmal\u0131d\u0131r.<\/p>\n<p>&#8211;<strong>Havaland\u0131rma ve at\u0131k su sistemleri, bilimsel ve teknolojik geli\u015fmi\u015flik<\/strong> \u00e7er\u00e7evesinde vir\u00fcslerin olu\u015fmas\u0131 ve yayg\u0131nla\u015fmas\u0131na olanak b\u0131rakmayacak nitelikte \u00e7\u00f6z\u00fcmler geli\u015ftirilerek yenilenmelidir.<\/p>\n<p>-Sa\u011fl\u0131k sistemimiz <strong>\u201cKoruyucu hekimlik\u201d<\/strong> temelinde yeniden yap\u0131land\u0131r\u0131larak geli\u015ftirilip g\u00fc\u00e7lendirilmelidir.<\/p>\n<p>&#8211;<strong>Krizin yo\u011funla\u015farak<\/strong> yay\u0131lmas\u0131n\u0131 <strong>\u00f6nlemek ve m\u00fccadele<\/strong> s\u00fcrecini olabildi\u011fince k\u0131saltarak kay\u0131plar\u0131 azaltmak i\u00e7in bilimsel olarak \u00f6ng\u00f6r\u00fclen tedbirleri \u00f6ng\u00f6r\u00fcld\u00fc\u011f\u00fc \u00f6l\u00e7ekte ve zaman\u0131nda uygulamaya, <strong>evde kalmaya, krizle m\u00fccadele eden sa\u011fl\u0131k emek\u00e7ilerine ve ya\u015fam\u0131 s\u00fcrd\u00fcr\u00fclebilir k\u0131lma \u00e7abas\u0131<\/strong> i\u00e7erisinde ya\u015fam riski alt\u0131nda hizmet \u00fcreten emek\u00e7ilere destek olmaya devam edilmelidir.<\/p>\n<p>Ya\u015fanmakta olan k\u00fcresel krizle birlikte ve sonras\u0131nda <strong>art\u0131k hi\u00e7bir \u015fey eskisi gibi<\/strong> olmayacakt\u0131r.<\/p>\n<p><strong>B\u00f6ylesi krizlerin tekrar <span style=\"text-decoration: underline;\">ya\u015fanmamas\u0131 i\u00e7in;<\/span><\/strong><\/p>\n<p>-\u0130nsan\u0131n, sahibi oldu\u011funu zannetti\u011fi <strong>do\u011fan\u0131n par\u00e7as\u0131<\/strong> olan canl\u0131lar\u0131n sadece bir t\u00fcrevi oldu\u011funu unutmadan, <strong>Do\u011fa ile bar\u0131\u015f\u0131k<\/strong>, farkl\u0131lar\u0131n bir aradal\u0131\u011f\u0131 temelinde \u00fcretim odakl\u0131, kaynaklar\u0131n kullan\u0131m\u0131nda <strong>e\u015fitlik, hak ve hukuk anlay\u0131\u015f\u0131n\u0131n<\/strong> egemen oldu\u011fu <strong>ekolojik, kat\u0131l\u0131mc\u0131 demokratik<\/strong> bir ya\u015fam bi\u00e7iminin geli\u015ftirilerek <strong>yerel ve k\u00fcresel \u00f6l\u00e7ekte<\/strong> egemen olmas\u0131n\u0131 sa\u011flamak bug\u00fcn\u00fcn insanl\u0131\u011f\u0131n\u0131n \u00f6n\u00fcnde <strong>ertelenemez zorunlu bir g\u00f6rev<\/strong> olarak durmaktad\u0131r.<\/p>\n<p><strong>O zaman,<\/strong><\/p>\n<p><strong>Haydi hep beraber g\u00f6rev ba\u015f\u0131na\u2026\u00a0<\/strong><\/p>\n<p>T\u00dcRK\u0130YE \u00c7EVRE PLATFORMU ( T\u00dcR\u00c7EP )<\/p>","protected":false},"excerpt":{"rendered":"<p>Sorry, this entry is only available in Turkish. For the sake of viewer convenience, the content is shown below in the alternative language. You may click the link to switch the active language. Korona COV\u0130D-19 G\u00f6zle g\u00f6r\u00fclemeyecek kadar k\u00fc\u00e7\u00fck bir vir\u00fcs. Birka\u00e7 ay i\u00e7erisinde D\u00fcnya\u2019da t\u00fcm ya\u015fam\u0131 adeta durdurdu. Sadece durdurmakla kalmay\u0131p k\u0131sa bir s\u00fcre [&hellip;]<\/p>\n","protected":false},"author":1,"featured_media":112301,"comment_status":"open","ping_status":"open","sticky":false,"template":"","format":"standard","meta":[],"categories":[53,52],"tags":[52259,70473,70475,57125,37032,70474,70472],"views":119,"_links":{"self":[{"href":"https:\/\/www.enerjigazetesi.ist\/en\/wp-json\/wp\/v2\/posts\/112297"}],"collection":[{"href":"https:\/\/www.enerjigazetesi.ist\/en\/wp-json\/wp\/v2\/posts"}],"about":[{"href":"https:\/\/www.enerjigazetesi.ist\/en\/wp-json\/wp\/v2\/types\/post"}],"author":[{"embeddable":true,"href":"https:\/\/www.enerjigazetesi.ist\/en\/wp-json\/wp\/v2\/users\/1"}],"replies":[{"embeddable":true,"href":"https:\/\/www.enerjigazetesi.ist\/en\/wp-json\/wp\/v2\/comments?post=112297"}],"version-history":[{"count":0,"href":"https:\/\/www.enerjigazetesi.ist\/en\/wp-json\/wp\/v2\/posts\/112297\/revisions"}],"wp:featuredmedia":[{"embeddable":true,"href":"https:\/\/www.enerjigazetesi.ist\/en\/wp-json\/wp\/v2\/media\/112301"}],"wp:attachment":[{"href":"https:\/\/www.enerjigazetesi.ist\/en\/wp-json\/wp\/v2\/media?parent=112297"}],"wp:term":[{"taxonomy":"category","embeddable":true,"href":"https:\/\/www.enerjigazetesi.ist\/en\/wp-json\/wp\/v2\/categories?post=112297"},{"taxonomy":"post_tag","embeddable":true,"href":"https:\/\/www.enerjigazetesi.ist\/en\/wp-json\/wp\/v2\/tags?post=112297"}],"curies":[{"name":"wp","href":"https:\/\/api.w.org\/{rel}","templated":true}]}}