{"id":112262,"date":"2020-04-23T11:40:41","date_gmt":"2020-04-23T08:40:41","guid":{"rendered":"https:\/\/www.enerjigazetesi.ist\/?p=112262"},"modified":"2020-04-23T11:53:26","modified_gmt":"2020-04-23T08:53:26","slug":"23-nisanda-enerji-gazetesi-webinerlerinin-ilk-konugu-enve-enerji-oluyor","status":"publish","type":"post","link":"https:\/\/www.enerjigazetesi.ist\/en\/23-nisanda-enerji-gazetesi-webinerlerinin-ilk-konugu-enve-enerji-oluyor\/","title":{"rendered":"(Turkish) 23 Nisan&#8217;da &#8216;Enerji Gazetesi Webiner&#8217;lerinin \u0130lk Konu\u011fu &#8216;Enve Enerji&#8217; Oluyor!"},"content":{"rendered":"<p class=\"qtranxs-available-languages-message qtranxs-available-languages-message-en\">Sorry, this entry is only available in <a href=\"https:\/\/www.enerjigazetesi.ist\/tr\/wp-json\/wp\/v2\/posts\/112262\" class=\"qtranxs-available-language-link qtranxs-available-language-link-tr\" title=\"Turkish\">Turkish<\/a>. For the sake of viewer convenience, the content is shown below in the alternative language. You may click the link to switch the active language.<\/p><p><\/p>\n<h1 class=\"LC20lb DKV0Md\">1&#8217;inci B\u00fcy\u00fck Millet Meclisi&#8217;<wbr><\/wbr>nin a\u00e7\u0131ld\u0131\u011f\u0131 ve T\u00fcrk halk\u0131n\u0131n egemenli\u011fini ilan etti\u011fi \u00f6nemli tarihlerimizden olan 23 Nisan Ulusal Egemenlik ve \u00c7ocuk Bayram\u0131&#8217;nda\u00a0Enerji Gazetesi Webiner&#8217;lerinin 1&#8217;incisinin konu\u011fu canl\u0131 yay\u0131n\u0131m\u0131z ile k\u00f6kl\u00fc ge\u00e7mi\u015fe sahip Enerji Verimlili\u011fi Dan\u0131\u015fmanl\u0131k firmalar\u0131ndan &#8216;Enve Enerji&#8217; oluyor.<\/h1>\n<p><strong>23 Nisan 2020<\/strong> Per\u015fembe \/ Saat: <strong>14:00 &#8211; 15:00<\/strong><\/p>\n<h1 class=\"LC20lb DKV0Md\"><img loading=\"lazy\" class=\"alignright wp-image-112232\" src=\"https:\/\/www.enerjigazetesi.ist\/wp-content\/uploads\/2020\/04\/turkiye-enve-ile-enerji-verimliligi-nde-hep-bir-adim-onde.jpg\" alt=\"\" width=\"320\" height=\"176\" srcset=\"https:\/\/www.enerjigazetesi.ist\/wp-content\/uploads\/2020\/04\/turkiye-enve-ile-enerji-verimliligi-nde-hep-bir-adim-onde.jpg 455w, https:\/\/www.enerjigazetesi.ist\/wp-content\/uploads\/2020\/04\/turkiye-enve-ile-enerji-verimliligi-nde-hep-bir-adim-onde-300x165.jpg 300w, https:\/\/www.enerjigazetesi.ist\/wp-content\/uploads\/2020\/04\/turkiye-enve-ile-enerji-verimliligi-nde-hep-bir-adim-onde-80x44.jpg 80w\" sizes=\"(max-width: 320px) 100vw, 320px\" \/><\/h1>\n<h2>Enerji Gazetesi Sohbetleri &#8211; 1: &#8216;\u0130\u015fletmelerde Enerji Verimlili\u011fi \u00c7al\u0131\u015fmalar\u0131&#8217;<\/h2>\n<p>\u0130\u015fletmelerde yap\u0131lan enerji verimlili\u011fi \u00e7al\u0131\u015fmalar\u0131 ve mevzuattaki de\u011fi\u015fiklikler \u00fczerine sohbet ediyoruz. Sizi de Instagram Canl\u0131 Yay\u0131n\u0131m\u0131za Bekleriz! (\u00a0<a href=\"https:\/\/www.instagram.com\/enerjigazetesi\/\" target=\"_blank\" rel=\"nofollow noopener\">https:\/\/www.instagram.com\/enerjigazetesi\/<\/a> )<\/p>\n<p><strong>Moderat\u00f6r: <\/strong><\/p>\n<p><strong>Sena I\u015eIK<\/strong> \/ Enerji Edit\u00f6r\u00fc<\/p>\n<p><strong>Konuklar\u0131m\u0131z:<\/strong><\/p>\n<p><strong>Dr. Cem KARABAL &#8211;\u00a0<\/strong>Enve Enerji \/ Genel M\u00fcd\u00fcr\u00fc<\/p>\n<p><strong>Arzu G\u00dcRKAN &#8211;\u00a0<\/strong>Enve Enerji \/ Genel M\u00fcd\u00fcr Yard\u0131mc\u0131s\u0131<\/p>\n<p>Enve Enerji Hakk\u0131nda Detayl\u0131 Bilgi Almak \u0130\u00e7in:\u00a0<a href=\"http:\/\/enve.com.tr\/anasayfa\" target=\"_blank\" rel=\"nofollow noopener\">http:\/\/enve.com.tr\/anasayfa<\/a>\u00a0web adresini ziyaret edebilirsiniz.<\/p>","protected":false},"excerpt":{"rendered":"<p>Sorry, this entry is only available in Turkish. For the sake of viewer convenience, the content is shown below in the alternative language. You may click the link to switch the active language. 1&#8217;inci B\u00fcy\u00fck Millet Meclisi&#8217;nin a\u00e7\u0131ld\u0131\u011f\u0131 ve T\u00fcrk halk\u0131n\u0131n egemenli\u011fini ilan etti\u011fi \u00f6nemli tarihlerimizden olan 23 Nisan Ulusal Egemenlik ve \u00c7ocuk Bayram\u0131&#8217;nda\u00a0Enerji Gazetesi [&hellip;]<\/p>\n","protected":false},"author":1,"featured_media":112265,"comment_status":"open","ping_status":"open","sticky":false,"template":"","format":"standard","meta":[],"categories":[51,53,52],"tags":[33851,8336,68733,70454,70452,52259,40052,58103,298,47827,70455,66190,793,70453],"views":199,"_links":{"self":[{"href":"https:\/\/www.enerjigazetesi.ist\/en\/wp-json\/wp\/v2\/posts\/112262"}],"collection":[{"href":"https:\/\/www.enerjigazetesi.ist\/en\/wp-json\/wp\/v2\/posts"}],"about":[{"href":"https:\/\/www.enerjigazetesi.ist\/en\/wp-json\/wp\/v2\/types\/post"}],"author":[{"embeddable":true,"href":"https:\/\/www.enerjigazetesi.ist\/en\/wp-json\/wp\/v2\/users\/1"}],"replies":[{"embeddable":true,"href":"https:\/\/www.enerjigazetesi.ist\/en\/wp-json\/wp\/v2\/comments?post=112262"}],"version-history":[{"count":0,"href":"https:\/\/www.enerjigazetesi.ist\/en\/wp-json\/wp\/v2\/posts\/112262\/revisions"}],"wp:featuredmedia":[{"embeddable":true,"href":"https:\/\/www.enerjigazetesi.ist\/en\/wp-json\/wp\/v2\/media\/112265"}],"wp:attachment":[{"href":"https:\/\/www.enerjigazetesi.ist\/en\/wp-json\/wp\/v2\/media?parent=112262"}],"wp:term":[{"taxonomy":"category","embeddable":true,"href":"https:\/\/www.enerjigazetesi.ist\/en\/wp-json\/wp\/v2\/categories?post=112262"},{"taxonomy":"post_tag","embeddable":true,"href":"https:\/\/www.enerjigazetesi.ist\/en\/wp-json\/wp\/v2\/tags?post=112262"}],"curies":[{"name":"wp","href":"https:\/\/api.w.org\/{rel}","templated":true}]}}