{"id":112248,"date":"2020-04-22T16:10:03","date_gmt":"2020-04-22T13:10:03","guid":{"rendered":"https:\/\/www.enerjigazetesi.ist\/?p=112248"},"modified":"2020-04-22T16:17:01","modified_gmt":"2020-04-22T13:17:01","slug":"biz-neredeysek-23-nisan-coskumuz-orada","status":"publish","type":"post","link":"https:\/\/www.enerjigazetesi.ist\/en\/biz-neredeysek-23-nisan-coskumuz-orada\/","title":{"rendered":"(Turkish) Biz Neredeysek 23 Nisan Co\u015fkumuz Orada!"},"content":{"rendered":"<p class=\"qtranxs-available-languages-message qtranxs-available-languages-message-en\">Sorry, this entry is only available in <a href=\"https:\/\/www.enerjigazetesi.ist\/tr\/wp-json\/wp\/v2\/posts\/112248\" class=\"qtranxs-available-language-link qtranxs-available-language-link-tr\" title=\"Turkish\">Turkish<\/a>. For the sake of viewer convenience, the content is shown below in the alternative language. You may click the link to switch the active language.<\/p><p><\/p>\n<h1><strong>Cem Y<\/strong><strong>\u0131<\/strong><strong>lmaz<\/strong><strong>\u2019<\/strong><strong>\u0131<\/strong><strong>n o<\/strong><strong>\u011f<\/strong><strong>lu Kemal ile birlikte rol ald<\/strong><strong>\u0131\u011f\u0131<\/strong><strong> reklam filminde, <\/strong><strong>\u00e7<\/strong><strong>ocuklar<\/strong><strong>\u0131<\/strong><strong>m<\/strong><strong>\u0131<\/strong><strong>z bu anlaml<\/strong><strong>\u0131<\/strong><strong> bayram<\/strong><strong>\u0131<\/strong><strong> evlerinde co<\/strong><strong>\u015f<\/strong><strong>kuyla kutlamaya davet ediliyor.<\/strong><\/h1>\n<p>T\u00fcm T\u00fcrkiye\u2019nin <strong>COVID-19 salg\u0131n\u0131<\/strong> nedeniyle <strong>sosyal izolasyonu s\u00fcrd\u00fcrmesi<\/strong> nedeniyle <strong>23 Nisan Ulusal Egemenlik ve \u00c7ocuk Bayram\u0131<\/strong>, t\u00f6renler yerine bu y\u0131l evlerde, balkonlarda ve pencerelerde kutlanacak. OPET\u2019in uzun biraradan sonra yeniden i\u015fbirli\u011fi yapt\u0131\u011f\u0131 <strong>Cem Y\u0131lmaz<\/strong> ve o\u011flu <strong>Kemal Y\u0131lmaz<\/strong>\u2019\u0131n birlikte rol ald\u0131\u011f\u0131 <strong>reklam filmi<\/strong>nde, <strong>Kemal ve babas\u0131 Cem Y\u0131lmaz<\/strong> t\u00fcm \u00e7ocuklar\u0131, ko\u015fullar <img loading=\"lazy\" class=\"alignright wp-image-112250\" src=\"https:\/\/www.enerjigazetesi.ist\/wp-content\/uploads\/2020\/04\/biz-neredeysek-23-nisan-coskumuz-orada-2.jpg\" alt=\"\" width=\"320\" height=\"180\" srcset=\"https:\/\/www.enerjigazetesi.ist\/wp-content\/uploads\/2020\/04\/biz-neredeysek-23-nisan-coskumuz-orada-2.jpg 868w, https:\/\/www.enerjigazetesi.ist\/wp-content\/uploads\/2020\/04\/biz-neredeysek-23-nisan-coskumuz-orada-2-300x169.jpg 300w, https:\/\/www.enerjigazetesi.ist\/wp-content\/uploads\/2020\/04\/biz-neredeysek-23-nisan-coskumuz-orada-2-768x432.jpg 768w, https:\/\/www.enerjigazetesi.ist\/wp-content\/uploads\/2020\/04\/biz-neredeysek-23-nisan-coskumuz-orada-2-500x281.jpg 500w, https:\/\/www.enerjigazetesi.ist\/wp-content\/uploads\/2020\/04\/biz-neredeysek-23-nisan-coskumuz-orada-2-80x45.jpg 80w\" sizes=\"(max-width: 320px) 100vw, 320px\" \/>ne olursa olsun <strong>23 Nisan<\/strong>\u2019\u0131n <strong>100\u2019\u00fcnc\u00fc<\/strong> y\u0131l\u0131n\u0131 co\u015fkuyla kutlamaya davet ediyor.<\/p>\n<p><strong>Baba-o\u011fulun<\/strong> kendi elleri ile yapt\u0131klar\u0131 malzemelerle s\u00fcsleyerek <strong>23 Nisan co\u015fkusu<\/strong>nu yans\u0131tt\u0131klar\u0131 pencerenin \u00f6n\u00fcnde <strong>Cem Y\u0131lmaz<\/strong> t\u00fcm \u00e7ocuklara \u00e7a\u011fr\u0131da bulunuyor;<\/p>\n<p>\u201cBu \u00fclkenin \u00e7ocuklar\u0131na <strong>\u2018zor\u2019<\/strong> demek zor. Okullarda, meydanlarda olamayaca\u011f\u0131z demek zor\u2026 Zor zamanlarda kazan\u0131lan ulusal egemenlik onlara emanet, bayram\u0131 ise onlara arma\u011fan. 23 Nisanco\u015fkusu meydanlardaolamayacaksaevlerde olacak. S\u0131n\u0131flarda, okullarda kutlanamayacaksabalkonlarda, pencerelerde kutlanacak. Her yer bayraklarla s\u00fcslenecek, hep bir a\u011f\u0131zdan mar\u015flar, \u015fark\u0131lar s\u00f6ylenecek.\u201d<\/p>\n<p>\u2026 \u201cS\u00f6z m\u00fc \u00e7ocuklar?\u201d diye soranCem Y\u0131lmaz\u2019a OPET \u00e7al\u0131\u015fanlar\u0131n\u0131n \u00e7ocuklar\u0131 da bayram\u0131m\u0131z\u0131n 100\u2019\u00fcnc\u00fc y\u0131l\u0131na yak\u0131\u015fan bir co\u015fkuyla s\u00f6z veriyor.<\/p>\n<p>&nbsp;<\/p>\n<p><center><iframe loading=\"lazy\" src=\"https:\/\/www.youtube.com\/embed\/MXf4qteqdJY\" width=\"560\" height=\"315\" frameborder=\"0\" allowfullscreen=\"allowfullscreen\"><\/iframe><\/center>&nbsp;<\/p>\n<p><strong>YILMAZ\u2019IN ROL ARKADA<\/strong><strong>\u015e<\/strong><strong>I K<\/strong><strong>\u00dc\u00c7\u00dc<\/strong><strong>K OPET&#8217;L<\/strong><strong>\u0130<\/strong><strong>LER!<\/strong><\/p>\n<p>Ulu \u00f6nder <strong>Mustafa Kemal Atat\u00fcrk<\/strong>\u2019\u00fcn ola\u011fan\u00fcst\u00fc zor ko\u015fullarda kurdu\u011fu <strong>Cumhuriyet<\/strong>\u2019imizin <strong>100\u2019\u00fcnc\u00fc<\/strong> y\u0131l\u0131na \u00f6zel \u00e7ekilen reklam filminde <strong>Cem Y\u0131lmaz<\/strong> o\u011fluyla ilk kez kamera kar\u015f\u0131s\u0131na ge\u00e7ti. Film, k\u00fc\u00e7\u00fck bir ekiple<strong> sosyal izolasyona ve korunma tedbirleri<\/strong>ne dikkat edilerek \u00e7ekildi. Filmde <strong>OPET \u00e7al\u0131\u015fanlar\u0131<\/strong>n\u0131n \u00e7ocuklar\u0131 da, kendi evlerinde <strong>anne babalar\u0131 ya da yak\u0131nlar\u0131n\u0131n \u00e7ekti\u011fi<\/strong> g\u00f6r\u00fcnt\u00fclerle, ko\u015fullar ne olursa olsun <strong>bayram\u0131m\u0131z\u0131 korumaya ve kutlamaya<\/strong> s\u00f6z veriyorlar.<\/p>","protected":false},"excerpt":{"rendered":"<p>Sorry, this entry is only available in Turkish. For the sake of viewer convenience, the content is shown below in the alternative language. You may click the link to switch the active language. Cem Y\u0131lmaz\u2019\u0131n o\u011flu Kemal ile birlikte rol ald\u0131\u011f\u0131 reklam filminde, \u00e7ocuklar\u0131m\u0131z bu anlaml\u0131 bayram\u0131 evlerinde co\u015fkuyla kutlamaya davet ediliyor. T\u00fcm T\u00fcrkiye\u2019nin COVID-19 [&hellip;]<\/p>\n","protected":false},"author":1,"featured_media":112251,"comment_status":"open","ping_status":"open","sticky":false,"template":"","format":"standard","meta":[],"categories":[53,44],"tags":[70441,49663,52407,66839,68754,59743,52259,70440,31993,70443,70439,53153,50862,70442],"views":193,"_links":{"self":[{"href":"https:\/\/www.enerjigazetesi.ist\/en\/wp-json\/wp\/v2\/posts\/112248"}],"collection":[{"href":"https:\/\/www.enerjigazetesi.ist\/en\/wp-json\/wp\/v2\/posts"}],"about":[{"href":"https:\/\/www.enerjigazetesi.ist\/en\/wp-json\/wp\/v2\/types\/post"}],"author":[{"embeddable":true,"href":"https:\/\/www.enerjigazetesi.ist\/en\/wp-json\/wp\/v2\/users\/1"}],"replies":[{"embeddable":true,"href":"https:\/\/www.enerjigazetesi.ist\/en\/wp-json\/wp\/v2\/comments?post=112248"}],"version-history":[{"count":0,"href":"https:\/\/www.enerjigazetesi.ist\/en\/wp-json\/wp\/v2\/posts\/112248\/revisions"}],"wp:featuredmedia":[{"embeddable":true,"href":"https:\/\/www.enerjigazetesi.ist\/en\/wp-json\/wp\/v2\/media\/112251"}],"wp:attachment":[{"href":"https:\/\/www.enerjigazetesi.ist\/en\/wp-json\/wp\/v2\/media?parent=112248"}],"wp:term":[{"taxonomy":"category","embeddable":true,"href":"https:\/\/www.enerjigazetesi.ist\/en\/wp-json\/wp\/v2\/categories?post=112248"},{"taxonomy":"post_tag","embeddable":true,"href":"https:\/\/www.enerjigazetesi.ist\/en\/wp-json\/wp\/v2\/tags?post=112248"}],"curies":[{"name":"wp","href":"https:\/\/api.w.org\/{rel}","templated":true}]}}