{"id":11217,"date":"2013-05-24T08:49:02","date_gmt":"2013-05-24T05:49:02","guid":{"rendered":"https:\/\/www.enerjigazetesi.ist\/?p=11217"},"modified":"2013-05-24T08:50:54","modified_gmt":"2013-05-24T05:50:54","slug":"yildiz-lisanssiz-elektrik-uretiminde-ust-sinir-25mw-olabilir","status":"publish","type":"post","link":"https:\/\/www.enerjigazetesi.ist\/en\/yildiz-lisanssiz-elektrik-uretiminde-ust-sinir-25mw-olabilir\/","title":{"rendered":"(Turkish) Y\u0131ld\u0131z: Lisanss\u0131z Elektrik \u00dcretiminde \u00dcst S\u0131n\u0131r 2,5MW Olabilir"},"content":{"rendered":"<p class=\"qtranxs-available-languages-message qtranxs-available-languages-message-en\">Sorry, this entry is only available in <a href=\"https:\/\/www.enerjigazetesi.ist\/tr\/wp-json\/wp\/v2\/posts\/11217\" class=\"qtranxs-available-language-link qtranxs-available-language-link-tr\" title=\"Turkish\">Turkish<\/a>. For the sake of viewer convenience, the content is shown below in the alternative language. You may click the link to switch the active language.<\/p><p><strong>Enerji ve Tabii Kaynaklar Bakan\u0131 Taner Y\u0131ld\u0131z,\u00a0\u201dLisansa tabi olmayan T\u00fcrkiye\u2019deki enerji yat\u0131r\u0131mlar\u0131n\u0131n s\u0131n\u0131r\u0131n\u0131 yar\u0131m megawattan, 1 megewatta \u00e7\u0131kard\u0131k. 2,5 megawatta \u00e7\u0131kar\u0131lmas\u0131na dair yetkiyi de bakanlar kuruluna verdik.<a href=\"https:\/\/www.enerjigazetesi.ist\/wp-content\/uploads\/2013\/04\/ruzgar-ve-gunes-enerji-si.jpg\"><img loading=\"lazy\" class=\"alignright size-medium wp-image-10264\" title=\"yildiz-lisanssiz-elektrik-uretiminde-ust-sinir-25mw-olabilir\" src=\"https:\/\/www.enerjigazetesi.ist\/wp-content\/uploads\/2013\/04\/ruzgar-ve-gunes-enerji-si-300x185.jpg\" alt=\"\" width=\"300\" height=\"185\" srcset=\"https:\/\/www.enerjigazetesi.ist\/wp-content\/uploads\/2013\/04\/ruzgar-ve-gunes-enerji-si-300x185.jpg 300w, https:\/\/www.enerjigazetesi.ist\/wp-content\/uploads\/2013\/04\/ruzgar-ve-gunes-enerji-si-80x50.jpg 80w, https:\/\/www.enerjigazetesi.ist\/wp-content\/uploads\/2013\/04\/ruzgar-ve-gunes-enerji-si.jpg 405w\" sizes=\"(max-width: 300px) 100vw, 300px\" \/><\/a><\/strong><\/p>\n<p>T\u00fcrkiye, \u00e7evreye ra\u011fmen de\u011fil \u00e7evre ile beraber enerji yat\u0131r\u0131mlar\u0131n\u0131 geli\u015ftirmek istiyor. Bizim iklim de\u011fi\u015fikli\u011fine olan enerjinin olumsuz katk\u0131s\u0131n\u0131 olabildi\u011fince olumlu moda \u00e7evirmek istiyoruz.<\/p>\n<p>Organize sanayilerine bununla alakal\u0131 \u00e7ok ciddi bir yetki verdik. Herhangi bir s\u0131n\u0131ra tak\u0131lmaks\u0131z\u0131n e\u011fer buradaki organize sanayi kendi ihtiya\u00e7lar\u0131n\u0131 kar\u015f\u0131lamak i\u00e7in, t\u00fcketti\u011fini \u00fcretmek i\u00e7in isterse 10 megawattl\u0131k g\u00fcne\u015f santralini burada kurabilir. Buna mani bir \u015fey yok ve bunun i\u00e7in de lisans almas\u0131na gerek yok.\u201d<\/p>\n<p>Kaynak: <a href=\"http:\/\/enerjienstitusu.com\/2013\/05\/23\/yildiz-lisanssiz-elektrik-uretiminde-ust-sinir-25mw-olabilir\" target=\"_blank\">Enerji Enstit\u00fcs\u00fc<\/a><\/p>","protected":false},"excerpt":{"rendered":"<p>Sorry, this entry is only available in Turkish. For the sake of viewer convenience, the content is shown below in the alternative language. You may click the link to switch the active language.Enerji ve Tabii Kaynaklar Bakan\u0131 Taner Y\u0131ld\u0131z,\u00a0\u201dLisansa tabi olmayan T\u00fcrkiye\u2019deki enerji yat\u0131r\u0131mlar\u0131n\u0131n s\u0131n\u0131r\u0131n\u0131 yar\u0131m megawattan, 1 megewatta \u00e7\u0131kard\u0131k. 2,5 megawatta \u00e7\u0131kar\u0131lmas\u0131na dair yetkiyi [&hellip;]<\/p>\n","protected":false},"author":1,"featured_media":4181,"comment_status":"open","ping_status":"open","sticky":false,"template":"","format":"standard","meta":[],"categories":[53,49,50],"tags":[710,63,67,165,117,13,2401,2282,16,312,667,5505,105],"views":936,"_links":{"self":[{"href":"https:\/\/www.enerjigazetesi.ist\/en\/wp-json\/wp\/v2\/posts\/11217"}],"collection":[{"href":"https:\/\/www.enerjigazetesi.ist\/en\/wp-json\/wp\/v2\/posts"}],"about":[{"href":"https:\/\/www.enerjigazetesi.ist\/en\/wp-json\/wp\/v2\/types\/post"}],"author":[{"embeddable":true,"href":"https:\/\/www.enerjigazetesi.ist\/en\/wp-json\/wp\/v2\/users\/1"}],"replies":[{"embeddable":true,"href":"https:\/\/www.enerjigazetesi.ist\/en\/wp-json\/wp\/v2\/comments?post=11217"}],"version-history":[{"count":3,"href":"https:\/\/www.enerjigazetesi.ist\/en\/wp-json\/wp\/v2\/posts\/11217\/revisions"}],"predecessor-version":[{"id":11220,"href":"https:\/\/www.enerjigazetesi.ist\/en\/wp-json\/wp\/v2\/posts\/11217\/revisions\/11220"}],"wp:featuredmedia":[{"embeddable":true,"href":"https:\/\/www.enerjigazetesi.ist\/en\/wp-json\/wp\/v2\/media\/4181"}],"wp:attachment":[{"href":"https:\/\/www.enerjigazetesi.ist\/en\/wp-json\/wp\/v2\/media?parent=11217"}],"wp:term":[{"taxonomy":"category","embeddable":true,"href":"https:\/\/www.enerjigazetesi.ist\/en\/wp-json\/wp\/v2\/categories?post=11217"},{"taxonomy":"post_tag","embeddable":true,"href":"https:\/\/www.enerjigazetesi.ist\/en\/wp-json\/wp\/v2\/tags?post=11217"}],"curies":[{"name":"wp","href":"https:\/\/api.w.org\/{rel}","templated":true}]}}