{"id":112167,"date":"2020-04-20T22:41:50","date_gmt":"2020-04-20T19:41:50","guid":{"rendered":"https:\/\/www.enerjigazetesi.ist\/?p=112167"},"modified":"2020-04-20T22:41:59","modified_gmt":"2020-04-20T19:41:59","slug":"ilk-iklimce-kitap-yayimlandi","status":"publish","type":"post","link":"https:\/\/www.enerjigazetesi.ist\/en\/ilk-iklimce-kitap-yayimlandi\/","title":{"rendered":"(Turkish) \u0130lk \u0130klimce Kitap Yay\u0131mland\u0131!"},"content":{"rendered":"<p class=\"qtranxs-available-languages-message qtranxs-available-languages-message-en\">Sorry, this entry is only available in <a href=\"https:\/\/www.enerjigazetesi.ist\/tr\/wp-json\/wp\/v2\/posts\/112167\" class=\"qtranxs-available-language-link qtranxs-available-language-link-tr\" title=\"Turkish\">Turkish<\/a>. For the sake of viewer convenience, the content is shown below in the alternative language. You may click the link to switch the active language.<\/p><p><\/p>\n<h1>\u0130klimce Sohbetler, 2019 y\u0131l\u0131nda yap\u0131lan birinci sezonunda Su, Tar\u0131m ve G\u0131da, Afetler ve \u015eehirler ba\u015fl\u0131klar\u0131nda d\u00fczenlenmi\u015fti. \u0130klim krizini ya\u015fayan t\u00fcm iklimda\u015flar, alan\u0131nda uzman isimlerle bir araya gelerek bu k\u00fcresel krize kar\u015f\u0131 ortak \u00e7\u00f6z\u00fcmlerle ortak bir dil \u00fcretmek \u00fczere toplanm\u0131\u015flard\u0131.<\/h1>\n<p>Bu 4 toplant\u0131da konu\u015fulanlar ve \u0130klimce&#8217;ye yap\u0131lan katk\u0131lar, <strong>Bur\u00e7in Ersoy<\/strong>&#8216;un edit\u00f6rl\u00fc\u011f\u00fcnde ve <strong>G\u00f6ksel G\u00fcrsel<\/strong>&#8216;in ill\u00fcstrasyonlar\u0131yla bir kitap haline getirildi. \u0130klimce Sohbetler <strong>1&#8217;inci Sezon<\/strong> kitab\u0131 <strong>e-kitap<\/strong> olarak <a href=\"https:\/\/iklimce.undp.org.tr\/\" target=\"_blank\" rel=\"nofollow noopener\">www.iklimce.undp.org.tr<\/a> adresinden <strong>\u00fccretsiz olarak<\/strong> indirilebiliyor.<\/p>\n<p><strong><img loading=\"lazy\" class=\"alignright wp-image-112169\" src=\"https:\/\/www.enerjigazetesi.ist\/wp-content\/uploads\/2020\/04\/ilk-iklimce-kitap-yayimlandi.jpg\" alt=\"\" width=\"320\" height=\"453\" srcset=\"https:\/\/www.enerjigazetesi.ist\/wp-content\/uploads\/2020\/04\/ilk-iklimce-kitap-yayimlandi.jpg 345w, https:\/\/www.enerjigazetesi.ist\/wp-content\/uploads\/2020\/04\/ilk-iklimce-kitap-yayimlandi-212x300.jpg 212w, https:\/\/www.enerjigazetesi.ist\/wp-content\/uploads\/2020\/04\/ilk-iklimce-kitap-yayimlandi-283x400.jpg 283w, https:\/\/www.enerjigazetesi.ist\/wp-content\/uploads\/2020\/04\/ilk-iklimce-kitap-yayimlandi-35x50.jpg 35w\" sizes=\"(max-width: 320px) 100vw, 320px\" \/>UNDP T\u00fcrkiye<\/strong> Mukim Temsilcisi <strong>Claudio Tomasi<\/strong>, kitapla ilgili \u201c<strong>\u0130klim krizi<\/strong> sadece bir \u00e7evre sorunu de\u011fil, \u015fu anda ya\u015fad\u0131\u011f\u0131m\u0131z <strong>COVID-19 salg\u0131n\u0131<\/strong> gibi ekonomik, sosyal ve \u00e7evresel \u00f6l\u00e7ekte t\u00fcm sistemi etkileyen k\u00fcresel bir kriz. Daha \u00f6nce e\u015fine rastlanmam\u0131\u015f bu krizde <strong>\u2018\u0130klimda\u015flar\u2019<\/strong> olarak hepimiz ayn\u0131 gemideyiz. <strong>\u0130klimce Sohbetler<\/strong>\u2019de ya\u015fad\u0131\u011f\u0131m\u0131z krizlere iklimce bakarak kimseyi geride b\u0131rakmayan \u00e7\u00f6z\u00fcmler ar\u0131yoruz. <strong>Ge\u00e7en sene<\/strong> ilk sezonunu d\u00fczenledi\u011fimiz <strong>\u0130klimce Sohbetler<\/strong>\u2019de payla\u015f\u0131lan bilgi ve \u00e7\u00f6z\u00fcm \u00f6nerilerine bu kitap\u00e7\u0131ktan ula\u015fabilirsiniz. \u0130kinci sezonunda \u00e7evrim i\u00e7i devam eden <strong>\u0130klimce Sohbetler<\/strong>\u2019e kat\u0131lmak i\u00e7in herkesi bizi izlemeye ve <strong>sosyal medyada<\/strong> takip etmeye davet ediyorum,\u201d dedi.<\/p>\n<p><strong>\u0130klimce Sohbetler<\/strong>&#8216;in 2&#8217;inci sezonu ise <strong>07 Nisan<\/strong>&#8216;da <strong>\u0130klimce Sa\u011fl\u0131k bulu\u015fmas\u0131<\/strong>yla ba\u015flad\u0131. <strong>2&#8217;inci bulu\u015fma<\/strong>, <em>21 Nisan saat 20.00<\/em>\u2019de teknoloji yazar\u0131<strong> Serdar Kuzulo\u011flu<\/strong> ile <strong>A\u00e7\u0131k \u0130novasyon Derne\u011fi<\/strong> ve <strong>HacknBreak<\/strong> E\u015f Kurucusu<strong> Zehra Doruk<\/strong>\u2019un kat\u0131l\u0131m\u0131yla <strong>\u0130klimce Teknoloji<\/strong> ba\u015fl\u0131\u011f\u0131 ile yap\u0131lacak. Bu bulu\u015fman\u0131n hemen ard\u0131ndan saat <strong>22.00<\/strong>\u2019de ise, <strong>iklim de\u011fi\u015fikli\u011fi tehdidi<\/strong>ne kar\u015f\u0131 gezegeni kurtarmaya destek olmak i\u00e7in <strong>UNDP<\/strong>\u2019nin geli\u015ftirdi\u011fi <strong>\u201cMission 1.5\u201d<\/strong> \u00e7evrim i\u00e7i oyununun T\u00fcrkiye tan\u0131t\u0131m\u0131, e-spor oyuncusu <strong>Ege Arseven<\/strong>&#8216;in Twitch yay\u0131n\u0131nda sunucu <strong>Burcu Esmersoy<\/strong> ve milli futbolcu <strong>Nuri \u015eahin\u2019<\/strong>in kat\u0131l\u0131m\u0131yla yap\u0131lacak.<\/p>\n<p><strong>\u0130klimce Sohbetler<\/strong>, <strong>05 May\u0131s&#8217;ta<\/strong> \u0130klimce G\u00f6\u00e7 ve <strong>21 May\u0131s&#8217;ta<\/strong> \u0130klimce Habercilik bulu\u015fmalar\u0131yla devam edecek. <strong>Canl\u0131 yay\u0131nlara<\/strong> kat\u0131lmak isteyen iklimda\u015flar\u0131n <strong>iklimcesohbetler.undp.org.tr<\/strong> adresinden <strong>kay\u0131t yapt\u0131rmalar\u0131<\/strong> gerekiyor.<\/p>\n<h2><strong>\u0130<\/strong><strong>KL<\/strong><strong>\u0130<\/strong><strong>MCE S<\/strong><strong>\u00d6<\/strong><strong>ZL<\/strong><strong>\u00dc<\/strong><strong>K<\/strong><\/h2>\n<p><strong>\u0130<\/strong><strong>KL<\/strong><strong>\u0130<\/strong><strong>MCE SOHBETLER:<\/strong> <strong>\u0130klim krizi m\u00fccadele<\/strong>sindeki sorun ve \u00e7\u00f6z\u00fcmlere dair deneyimlerin payla\u015f\u0131ld\u0131\u011f\u0131, bu konuda \u00e7al\u0131\u015fan farkl\u0131 uzmanl\u0131k alanlar\u0131na sahip taraflar ile ortak bir <strong>dilin ve b\u00fct\u00fcnc\u00fcl<\/strong> yakla\u015f\u0131m\u0131n <strong>geli\u015ftirilmesinin hedeflendi\u011fi<\/strong> toplant\u0131lar dizisi.<\/p>\n<p><strong>\u0130<\/strong><strong>KL<\/strong><strong>\u0130<\/strong><strong>MDA<\/strong><strong>\u015e<\/strong><strong>: <\/strong>\u0130klim krizinden etkilenen, bu konuda kafa yoran, eyleme ge\u00e7en ya da ge\u00e7mek isteyen herkes.<\/p>\n<p><strong>\u0130<\/strong><strong>KL<\/strong><strong>\u0130<\/strong><strong>MCE:<\/strong> \u0130klim krizine dair halihaz\u0131rda kullan\u0131lan teknik dilin sadele\u015ftirildi\u011fi ortak bir dil.<\/p>","protected":false},"excerpt":{"rendered":"<p>Sorry, this entry is only available in Turkish. For the sake of viewer convenience, the content is shown below in the alternative language. You may click the link to switch the active language. \u0130klimce Sohbetler, 2019 y\u0131l\u0131nda yap\u0131lan birinci sezonunda Su, Tar\u0131m ve G\u0131da, Afetler ve \u015eehirler ba\u015fl\u0131klar\u0131nda d\u00fczenlenmi\u015fti. \u0130klim krizini ya\u015fayan t\u00fcm iklimda\u015flar, alan\u0131nda [&hellip;]<\/p>\n","protected":false},"author":1,"featured_media":112170,"comment_status":"open","ping_status":"open","sticky":false,"template":"","format":"standard","meta":[],"categories":[51,53,52],"tags":[68754,52259,52510,70374,70373,57125,37032,54948],"views":108,"_links":{"self":[{"href":"https:\/\/www.enerjigazetesi.ist\/en\/wp-json\/wp\/v2\/posts\/112167"}],"collection":[{"href":"https:\/\/www.enerjigazetesi.ist\/en\/wp-json\/wp\/v2\/posts"}],"about":[{"href":"https:\/\/www.enerjigazetesi.ist\/en\/wp-json\/wp\/v2\/types\/post"}],"author":[{"embeddable":true,"href":"https:\/\/www.enerjigazetesi.ist\/en\/wp-json\/wp\/v2\/users\/1"}],"replies":[{"embeddable":true,"href":"https:\/\/www.enerjigazetesi.ist\/en\/wp-json\/wp\/v2\/comments?post=112167"}],"version-history":[{"count":0,"href":"https:\/\/www.enerjigazetesi.ist\/en\/wp-json\/wp\/v2\/posts\/112167\/revisions"}],"wp:featuredmedia":[{"embeddable":true,"href":"https:\/\/www.enerjigazetesi.ist\/en\/wp-json\/wp\/v2\/media\/112170"}],"wp:attachment":[{"href":"https:\/\/www.enerjigazetesi.ist\/en\/wp-json\/wp\/v2\/media?parent=112167"}],"wp:term":[{"taxonomy":"category","embeddable":true,"href":"https:\/\/www.enerjigazetesi.ist\/en\/wp-json\/wp\/v2\/categories?post=112167"},{"taxonomy":"post_tag","embeddable":true,"href":"https:\/\/www.enerjigazetesi.ist\/en\/wp-json\/wp\/v2\/tags?post=112167"}],"curies":[{"name":"wp","href":"https:\/\/api.w.org\/{rel}","templated":true}]}}