{"id":11207,"date":"2013-05-23T17:19:36","date_gmt":"2013-05-23T14:19:36","guid":{"rendered":"https:\/\/www.enerjigazetesi.ist\/?p=11207"},"modified":"2013-05-23T17:19:36","modified_gmt":"2013-05-23T14:19:36","slug":"turkiyenin-gunes-enerjisi-hucresi-ureten-ilk-tesisi-acildi","status":"publish","type":"post","link":"https:\/\/www.enerjigazetesi.ist\/en\/turkiyenin-gunes-enerjisi-hucresi-ureten-ilk-tesisi-acildi\/","title":{"rendered":"(Turkish) T\u00fcrkiye\u2019nin G\u00fcne\u015f Enerjisi H\u00fccresi \u00dcreten \u0130lk Tesisi A\u00e7\u0131ld\u0131"},"content":{"rendered":"<p class=\"qtranxs-available-languages-message qtranxs-available-languages-message-en\">Sorry, this entry is only available in <a href=\"https:\/\/www.enerjigazetesi.ist\/tr\/wp-json\/wp\/v2\/posts\/11207\" class=\"qtranxs-available-language-link qtranxs-available-language-link-tr\" title=\"Turkish\">Turkish<\/a>. For the sake of viewer convenience, the content is shown below in the alternative language. You may click the link to switch the active language.<\/p><p><strong>Enerji ve Tabii Kaynaklar Bakan\u0131 Y\u0131ld\u0131z, T\u00fcrkiye\u2019nin ilk g\u00fcne\u015f enerjisi h\u00fccresi \u00fcreten tesisini a\u00e7t\u0131. Enerji ve Tabii Kaynaklar Bakan\u0131 Taner Y\u0131ld\u0131z, g\u00fcne\u015f enerjisi ile ilgili yat\u0131r\u0131mlar\u0131n Uluslararas\u0131 Enerji Ajans\u0131\u2019n\u0131n verilerine g\u00f6re d\u00fcnyada y\u00fczde 7,5\u2032lar seviyesine \u00e7\u0131kar\u0131lmaya \u00e7al\u0131\u015f\u0131ld\u0131\u011f\u0131n\u0131 s\u00f6yledi.<\/strong><\/p>\n<p>Y\u0131ld\u0131z, China Sunergy ve Seul Enerji ortakl\u0131\u011f\u0131 ile hayata ge\u00e7irilen, T\u00fcrkiye\u2019nin ilk g\u00fcne\u015f enerjisi h\u00fccresi \u00fcreten tesisi \u201cCSUN Eurasia G\u00fcne\u015f Panelleri \u00dcretim Tesisi\u201dnin a\u00e7\u0131l\u0131\u015f\u0131nda yapt\u0131\u011f\u0131 konu\u015fmada, s\u00f6z konusu fabrikan\u0131n \u00c7in\u2019e, T\u00fcrkiye\u2019ye ve AB \u00fcyesi \u00fclkelere hizmet edece\u011fini s\u00f6yledi.<\/p>\n<p>G\u00fcne\u015f enerjisi ile ilgili yat\u0131r\u0131mlar\u0131n Uluslararas\u0131 Enerji Ajans\u0131\u2019n\u0131n verilerine g\u00f6re d\u00fcnyada y\u00fczde 7,5\u2032lar seviyesine \u00e7\u0131kar\u0131lmaya \u00e7al\u0131\u015f\u0131ld\u0131\u011f\u0131n\u0131 kaydeden Y\u0131ld\u0131z, 600 megawattl\u0131k lisansa tabi ama lisansa tabi olmayanlarla beraber yakla\u015f\u0131k 3 bin megawattl\u0131k ilk anda bir g\u00fcne\u015f enerjisi \u00f6ng\u00f6rd\u00fcklerini dile getirdi.<\/p>\n<p><a href=\"https:\/\/www.enerjigazetesi.ist\/wp-content\/uploads\/2013\/05\/csun-gunes-enerjisi-uretim-paneli-tesisi-505x342.jpg\"><img loading=\"lazy\" class=\"alignleft size-medium wp-image-11208\" title=\"csun-gunes-enerjisi-uretim-paneli-tesisi-505x342\" src=\"https:\/\/www.enerjigazetesi.ist\/wp-content\/uploads\/2013\/05\/csun-gunes-enerjisi-uretim-paneli-tesisi-505x342-300x203.jpg\" alt=\"\" width=\"300\" height=\"203\" srcset=\"https:\/\/www.enerjigazetesi.ist\/wp-content\/uploads\/2013\/05\/csun-gunes-enerjisi-uretim-paneli-tesisi-505x342-300x203.jpg 300w, https:\/\/www.enerjigazetesi.ist\/wp-content\/uploads\/2013\/05\/csun-gunes-enerjisi-uretim-paneli-tesisi-505x342-500x338.jpg 500w, https:\/\/www.enerjigazetesi.ist\/wp-content\/uploads\/2013\/05\/csun-gunes-enerjisi-uretim-paneli-tesisi-505x342-73x50.jpg 73w, https:\/\/www.enerjigazetesi.ist\/wp-content\/uploads\/2013\/05\/csun-gunes-enerjisi-uretim-paneli-tesisi-505x342.jpg 505w\" sizes=\"(max-width: 300px) 100vw, 300px\" \/><\/a>Burada b\u00fct\u00fcn kamu kurum ve kurulu\u015flar\u0131 ile beraber ortak dil olu\u015fturulmas\u0131na gayret ettiklerini aktaran Y\u0131ld\u0131z, e\u011fer yerli sanayiden \u00fcretiliyorsa 10 y\u0131l boyunca g\u00fcne\u015f enerjisinden elde edilebilecek b\u00fct\u00fcn tarifeleri daha y\u00fcksek miktarda tuttuklar\u0131n\u0131 ifade etti.<\/p>\n<p>CSUN\u2019\u0131n yan\u0131nda olduklar\u0131n\u0131 aktaran Y\u0131ld\u0131z, konu\u015fmas\u0131n\u0131 \u015f\u00f6yle s\u00fcrd\u00fcrd\u00fc:<\/p>\n<p>\u201cT\u00fcrkiye\u2019de IMF borcunu kapataca\u011f\u0131m diye siyaset yapanlar\u0131n bizden IMF paras\u0131 kadar para talep ettiklerini g\u00f6rd\u00fck. Faiziyle birlikte 23,5 milyar dolarl\u0131k bir talepleri oldu. Hamd olsun uluslararas\u0131 tahkimle kazand\u0131k. \u0130tiraz ettiler, temyize g\u00f6t\u00fcrd\u00fcler. Yine uluslararas\u0131 tahkimde T\u00fcrkiye kazand\u0131. Bu \u015fu demek; bir IMF borcu kadar T\u00fcrkiye\u2019ye bir kambur olu\u015fturmak istendi. Ama biz buna m\u00fcsaade etmedik. Ayn\u0131 zamanda enerji ithalat\u0131m\u0131z\u0131n yar\u0131s\u0131na kar\u015f\u0131l\u0131k gelecek bir rakam cebimizden al\u0131nmak istendi. Bu benden, sizden ve T\u00fcrkiye\u2019de ya\u015fayan b\u00fct\u00fcn vatanda\u015flardan al\u0131nmak istenen bir para idi. Bu da T\u00fcrkiye\u2019ye hay\u0131rl\u0131 u\u011furlu olsun diyorum. CSUN\u2019\u0131 tebrik ediyorum. Gerek ihracatta, gerekse \u00fcretimde kullan\u0131lacak bu t\u00fcr panellerin h\u00fccre k\u0131s\u0131mlar\u0131n\u0131n da T\u00fcrkiye\u2019de \u00fcretilmi\u015f olmas\u0131n\u0131 son derece \u00f6nemsiyorum.\u201d<\/p>\n<h2>\u2018T\u00dcRK\u0130YE\u2019N\u0130N \u0130LK G\u00dcNE\u015e ENERJ\u0130S\u0130 FABR\u0130KASI\u2019<\/h2>\n<p>CSUN Enerji Yat\u0131r\u0131m A\u015e \u00dcst Y\u00f6neticisi (CEO) Egemen Seymen, s\u00f6z konusu tesisin T\u00fcrkiye\u2019nin ilk g\u00fcne\u015f enerjisi fabrikas\u0131 oldu\u011funu s\u00f6yledi. Fabrikan\u0131n 300 megawatt kapasiteye sahip oldu\u011fu bilgisini veren Seymen, \u00c7in ve T\u00fcrk yat\u0131r\u0131mc\u0131lar\u0131n\u0131n ortakl\u0131\u011f\u0131 neticesinde hayata ge\u00e7ti\u011fini dile getirdi. Burada ama\u00e7lar\u0131n\u0131n Avrupa \u00fclkelerine ihracat yapmak oldu\u011funu kaydeden Seymen, firman\u0131n yakla\u015f\u0131k y\u00fczde 90-95 ihracat hedefi oldu\u011funu ifade etti. \u015eu anda Avrupa\u2019daki baz\u0131 \u00c7in mal\u0131 \u00fcr\u00fcnlere vergilendirmeden dolay\u0131 buran\u0131n ciddi bir talebi oldu\u011funu vurgulayan Seymen, \u201cTesisin yat\u0131r\u0131m bedeli 50 milyon dolar civar\u0131nda. Y\u0131ll\u0131k ihracat hedefimiz ilk sene biraz d\u00fc\u015f\u00fck ama bu h\u0131zda olursa y\u0131lda 200 milyon dolara yak\u0131n bir ihracat hedefi planl\u0131yoruz\u201d \u015feklinde konu\u015ftu.<\/p>\n<p>Kaynak: <a href=\"http:\/\/enerjienstitusu.com\/2013\/05\/23\/turkiyenin-gunes-enerjisi-hucresi-ureten-ilk-tesisi-acildi\" target=\"_blank\">Enerji Enstit\u00fcs\u00fc<\/a><\/p>","protected":false},"excerpt":{"rendered":"<p>Sorry, this entry is only available in Turkish. For the sake of viewer convenience, the content is shown below in the alternative language. You may click the link to switch the active language.Enerji ve Tabii Kaynaklar Bakan\u0131 Y\u0131ld\u0131z, T\u00fcrkiye\u2019nin ilk g\u00fcne\u015f enerjisi h\u00fccresi \u00fcreten tesisini a\u00e7t\u0131. Enerji ve Tabii Kaynaklar Bakan\u0131 Taner Y\u0131ld\u0131z, g\u00fcne\u015f enerjisi [&hellip;]<\/p>\n","protected":false},"author":1,"featured_media":11208,"comment_status":"open","ping_status":"open","sticky":false,"template":"","format":"standard","meta":[],"categories":[53,49],"tags":[710,3871,5500,5502,63,67,165,227,13,5498,5501,5499,667],"views":1163,"_links":{"self":[{"href":"https:\/\/www.enerjigazetesi.ist\/en\/wp-json\/wp\/v2\/posts\/11207"}],"collection":[{"href":"https:\/\/www.enerjigazetesi.ist\/en\/wp-json\/wp\/v2\/posts"}],"about":[{"href":"https:\/\/www.enerjigazetesi.ist\/en\/wp-json\/wp\/v2\/types\/post"}],"author":[{"embeddable":true,"href":"https:\/\/www.enerjigazetesi.ist\/en\/wp-json\/wp\/v2\/users\/1"}],"replies":[{"embeddable":true,"href":"https:\/\/www.enerjigazetesi.ist\/en\/wp-json\/wp\/v2\/comments?post=11207"}],"version-history":[{"count":2,"href":"https:\/\/www.enerjigazetesi.ist\/en\/wp-json\/wp\/v2\/posts\/11207\/revisions"}],"predecessor-version":[{"id":11210,"href":"https:\/\/www.enerjigazetesi.ist\/en\/wp-json\/wp\/v2\/posts\/11207\/revisions\/11210"}],"wp:featuredmedia":[{"embeddable":true,"href":"https:\/\/www.enerjigazetesi.ist\/en\/wp-json\/wp\/v2\/media\/11208"}],"wp:attachment":[{"href":"https:\/\/www.enerjigazetesi.ist\/en\/wp-json\/wp\/v2\/media?parent=11207"}],"wp:term":[{"taxonomy":"category","embeddable":true,"href":"https:\/\/www.enerjigazetesi.ist\/en\/wp-json\/wp\/v2\/categories?post=11207"},{"taxonomy":"post_tag","embeddable":true,"href":"https:\/\/www.enerjigazetesi.ist\/en\/wp-json\/wp\/v2\/tags?post=11207"}],"curies":[{"name":"wp","href":"https:\/\/api.w.org\/{rel}","templated":true}]}}