{"id":11195,"date":"2013-05-23T10:32:35","date_gmt":"2013-05-23T07:32:35","guid":{"rendered":"https:\/\/www.enerjigazetesi.ist\/?p=11195"},"modified":"2013-05-23T10:32:35","modified_gmt":"2013-05-23T07:32:35","slug":"guneydoguda-evler-enerji-ureten-fabrikalara-donusebilir","status":"publish","type":"post","link":"https:\/\/www.enerjigazetesi.ist\/en\/guneydoguda-evler-enerji-ureten-fabrikalara-donusebilir\/","title":{"rendered":"(Turkish) G\u00fcneydo\u011fu\u2019da Evler, Enerji \u00dcreten Fabrikalara D\u00f6n\u00fc\u015febilir&#8230;"},"content":{"rendered":"<p class=\"qtranxs-available-languages-message qtranxs-available-languages-message-en\">Sorry, this entry is only available in <a href=\"https:\/\/www.enerjigazetesi.ist\/tr\/wp-json\/wp\/v2\/posts\/11195\" class=\"qtranxs-available-language-link qtranxs-available-language-link-tr\" title=\"Turkish\">Turkish<\/a>. For the sake of viewer convenience, the content is shown below in the alternative language. You may click the link to switch the active language.<\/p><p><strong>G\u00fcneydo\u011fu Anadolu B\u00f6lgesi\u2019ndeki evlerin \u00e7at\u0131lar\u0131nda g\u00fcne\u015f enerjisinden elektrik \u00fcretimi yap\u0131labilece\u011fi bildirildi. Y\u0131ll\u0131k g\u00fcne\u015flenme s\u00fcresi 3 bin saati a\u015fan G\u00fcneydo\u011fu Anadolu B\u00f6lgesi\u2019nde, binalar\u0131n \u00e7at\u0131lar\u0131na kurulacak sistemle \u00e7ok kolay ve verimli \u015fekilde g\u00fcne\u015f enerjisinden elektrik \u00fcretimi yap\u0131labilece\u011fi, bu sayede de konut sahiplerinin gelir elde etmesinin m\u00fcmk\u00fcn oldu\u011fu kaydedildi.<\/strong><\/p>\n<p>Eski\u015fehir Osmangazi \u00dcniversitesi Makina M\u00fchendisli\u011fi B\u00f6l\u00fcm\u00fc \u00d6\u011fretim \u00dcyesi Prof. Dr. Haydar Aras<a href=\"https:\/\/www.enerjigazetesi.ist\/wp-content\/uploads\/2013\/05\/guneydoguda-evler-enerji-ureten-fabrikalara-donusebilir.jpg\"><img loading=\"lazy\" class=\"alignright size-medium wp-image-11196\" title=\"guneydoguda-evler-enerji-ureten-fabrikalara-donusebilir\" src=\"https:\/\/www.enerjigazetesi.ist\/wp-content\/uploads\/2013\/05\/guneydoguda-evler-enerji-ureten-fabrikalara-donusebilir-300x180.jpg\" alt=\"\" width=\"300\" height=\"180\" srcset=\"https:\/\/www.enerjigazetesi.ist\/wp-content\/uploads\/2013\/05\/guneydoguda-evler-enerji-ureten-fabrikalara-donusebilir-300x180.jpg 300w, https:\/\/www.enerjigazetesi.ist\/wp-content\/uploads\/2013\/05\/guneydoguda-evler-enerji-ureten-fabrikalara-donusebilir-500x300.jpg 500w, https:\/\/www.enerjigazetesi.ist\/wp-content\/uploads\/2013\/05\/guneydoguda-evler-enerji-ureten-fabrikalara-donusebilir-80x48.jpg 80w, https:\/\/www.enerjigazetesi.ist\/wp-content\/uploads\/2013\/05\/guneydoguda-evler-enerji-ureten-fabrikalara-donusebilir.jpg 505w\" sizes=\"(max-width: 300px) 100vw, 300px\" \/><\/a>, T\u00fcrkiye\u2019de kullan\u0131lan enerji kaynaklar\u0131n\u0131n b\u00fcy\u00fck b\u00f6l\u00fcm\u00fcn\u00fcn yurt d\u0131\u015f\u0131ndan sat\u0131n al\u0131nd\u0131\u011f\u0131n\u0131 belirterek, bu enerji kaynaklar\u0131n\u0131n temini i\u00e7in y\u0131ll\u0131k 60 milyar dolardan fazla ithalat yap\u0131ld\u0131\u011f\u0131n\u0131 s\u00f6yledi. \u00dclkenin b\u00fcy\u00fcmesine ba\u011fl\u0131 olarak bu ithalat\u0131n her ge\u00e7en g\u00fcn daha da y\u00fckseldi\u011fini, bunun s\u00fcrd\u00fcr\u00fclebilir olmad\u0131\u011f\u0131n\u0131 ifade eden Aras, T\u00fcrkiye\u2019de elektrik \u00fcretiminin y\u00fczde 50\u2032sinin ithal edilen do\u011falgaz ile ger\u00e7ekle\u015ftirildi\u011fini kaydetti.<\/p>\n<p>Aras, bunu azaltman\u0131n tek yolunun ise yenilenebilir enerji kaynaklar\u0131n\u0131 devreye ge\u00e7irmek oldu\u011funu dile getirerek, T\u00fcrkiye\u2019nin r\u00fczgar ve g\u00fcne\u015f enerjisini yeterli d\u00fczeyle kullanmas\u0131 halinde d\u0131\u015fa ba\u011f\u0131ml\u0131l\u0131\u011f\u0131 azaltabilece\u011fini vurgulad\u0131.<\/p>\n<h2>5 y\u0131lda kendini amorti ediyor<\/h2>\n<p>G\u00fcneydo\u011fu Anadolu B\u00f6lgesi\u2019nde g\u00fcne\u015f enerjisi konusunda \u00e7ok b\u00fcy\u00fck bir zenginlik oldu\u011funu kaydeden Prof. Dr. Aras, ancak bu enerjinin sadece konutlar\u0131n s\u0131cak su temininde kullan\u0131ld\u0131\u011f\u0131n\u0131 an\u0131msatt\u0131.<\/p>\n<p>Aras, T\u00fcrkiye\u2019deki elektrik t\u00fcketiminin sadece y\u00fczde 2\u2032sinin yenilenebilir enerji kaynaklar\u0131 kullan\u0131larak \u00fcretildi\u011fini, bu oran\u0131n da \u00e7ok d\u00fc\u015f\u00fck oldu\u011funu anlatarak, \u015f\u00f6yle konu\u015ftu:<\/p>\n<p>\u201cGeli\u015fen teknolojiye ba\u011fl\u0131 olarak fotovoltaik pillerin fiyat\u0131nda son 2 y\u0131lda b\u00fcy\u00fck ucuzlama oldu. Bu sayede g\u00fcne\u015f enerjisinden faydalanma konusunda b\u00fcy\u00fck art\u0131\u015f ya\u015fanacak.<\/p>\n<p>Hatta b\u00f6lgedeki giri\u015fimciler yapacaklar\u0131 yat\u0131r\u0131mlarla g\u00fcne\u015f enerjisinden para kazanacak. \u00c7\u00fcnk\u00fc b\u00f6lgede \u00e7ok \u00f6nemli g\u00fcne\u015f enerjisi potansiyeli var. \u00dcstelik d\u00f6n\u00fc\u015f\u00fcm sistemleri kendini \u00e7ok h\u0131zl\u0131 bir \u015fekilde amorti eden sistemlerdir. H\u00fck\u00fcmetin \u00e7\u0131kard\u0131\u011f\u0131 son y\u00f6netmeli\u011fe g\u00f6re 500 kilovata kadar lisans almadan enerji \u00fcretimi yap\u0131labilir ve \u015febekeye verilerek, para kazan\u0131labilir. Bu nedenle \u00e7at\u0131lar\u0131n \u00fczerine fotovoltaik panellerle kaplas\u0131nlar, bu sayede her bir evi elektrik enerjisi \u00fcreten bir fabrika haline d\u00f6n\u00fc\u015febilir. Bu ger\u00e7ekle\u015firse hem \u00fclke hem vatanda\u015f kazanacak.<\/p>\n<p>G\u00fcne\u015f enerjisinden elektrik enerjisi \u00fcreten sistem, yakla\u015f\u0131k 65 bin liraya kurulabilir. Ortalama 15 dairenin elektrik enerjisinin tamam\u0131n\u0131 kar\u015f\u0131lad\u0131\u011f\u0131n\u0131z gibi \u00fcretim fazlas\u0131 elektri\u011fi de \u015febekeye satarak y\u0131ll\u0131k 3 bin lira gelir elde edersiniz. Sistem 5 y\u0131lda kendini amorti ediyor.\u201d<\/p>\n<h2>Almanya 50 milyar dolar kazan\u0131yor<\/h2>\n<p>Prof. Dr. Haydar Aras, y\u0131ll\u0131k g\u00fcne\u015flenme s\u00fcresi T\u00fcrkiye\u2019nin yar\u0131s\u0131 kadar bile olmayan Almanya\u2019n\u0131n, g\u00fcne\u015f enerjisinin \u00f6neminin fark\u0131nda oldu\u011funu bildirerek, \u00fcretti\u011fi g\u00fcne\u015f enerjisi sistemi \u00fcr\u00fcnlerini satan Almanya\u2019n\u0131n bu sayede y\u0131ll\u0131k 50 milyar dolar ihracat yapt\u0131\u011f\u0131n\u0131 s\u00f6yledi.<\/p>\n<p>\u0130spanya, \u0130srail, \u0130ran, Japonya ve ABD\u2019de kurulan \u201cg\u00fcne\u015f tarlalar\u0131nda\u201d g\u00fcne\u015f enerjisinden elektik \u00fcretimi yap\u0131ld\u0131\u011f\u0131n\u0131 i\u015faret eden Aras, \u015f\u00f6yle devam etti:<\/p>\n<p>\u201cG\u00fcneydo\u011fu Anadolu ba\u015fta olmak \u00fczere Ege ve Akdeniz b\u00f6lgeleri g\u00fcne\u015flenme saati a\u00e7\u0131s\u0131ndan en zengin b\u00f6lgemizdir. Bu potansiyelimizi kullanmam\u0131z laz\u0131m. Aksi takdirde enerji \u00fcretimi i\u00e7in yapaca\u011f\u0131m\u0131z ithalat miktar\u0131 her ge\u00e7en g\u00fcn daha da y\u00fckselecek. 2020 y\u0131l\u0131nda sadece elektrik \u00fcretimi i\u00e7in yapaca\u011f\u0131m\u0131z ithalat miktar\u0131 55 milyar dolara ula\u015facak. Bunun i\u00e7in \u00f6nlem almam\u0131z laz\u0131m. Bu nedenle g\u00fcne\u015f ve r\u00fczgar enerjisinden faydalanmam\u0131z \u015fart.\u201d Aras, yenilenebilir enerji kaynaklar\u0131ndan enerji \u00fcreten sistemlerin T\u00fcrkiye\u2019de \u00fcretiminin sa\u011flanmas\u0131n\u0131n \u00e7ok \u00f6nemli oldu\u011funa da de\u011finerek, bununla ilgili yasal d\u00fczenlemenin yap\u0131lmas\u0131n\u0131 istedi.<\/p>\n<p>Kaynak: <a href=\"http:\/\/enerjienstitusu.com\/2013\/05\/23\/guneydoguda-evler-enerji-ureten-fabrikalara-donusebilir\" target=\"_blank\">Enerji Enstit\u00fcs\u00fc<\/a><\/p>","protected":false},"excerpt":{"rendered":"<p>Sorry, this entry is only available in Turkish. For the sake of viewer convenience, the content is shown below in the alternative language. You may click the link to switch the active language.G\u00fcneydo\u011fu Anadolu B\u00f6lgesi\u2019ndeki evlerin \u00e7at\u0131lar\u0131nda g\u00fcne\u015f enerjisinden elektrik \u00fcretimi yap\u0131labilece\u011fi bildirildi. Y\u0131ll\u0131k g\u00fcne\u015flenme s\u00fcresi 3 bin saati a\u015fan G\u00fcneydo\u011fu Anadolu B\u00f6lgesi\u2019nde, binalar\u0131n \u00e7at\u0131lar\u0131na [&hellip;]<\/p>\n","protected":false},"author":1,"featured_media":11196,"comment_status":"open","ping_status":"open","sticky":false,"template":"","format":"standard","meta":[],"categories":[51,53,49],"tags":[61,19,63,67,1714,165,502,227,13,3833,105],"views":1941,"_links":{"self":[{"href":"https:\/\/www.enerjigazetesi.ist\/en\/wp-json\/wp\/v2\/posts\/11195"}],"collection":[{"href":"https:\/\/www.enerjigazetesi.ist\/en\/wp-json\/wp\/v2\/posts"}],"about":[{"href":"https:\/\/www.enerjigazetesi.ist\/en\/wp-json\/wp\/v2\/types\/post"}],"author":[{"embeddable":true,"href":"https:\/\/www.enerjigazetesi.ist\/en\/wp-json\/wp\/v2\/users\/1"}],"replies":[{"embeddable":true,"href":"https:\/\/www.enerjigazetesi.ist\/en\/wp-json\/wp\/v2\/comments?post=11195"}],"version-history":[{"count":1,"href":"https:\/\/www.enerjigazetesi.ist\/en\/wp-json\/wp\/v2\/posts\/11195\/revisions"}],"predecessor-version":[{"id":11197,"href":"https:\/\/www.enerjigazetesi.ist\/en\/wp-json\/wp\/v2\/posts\/11195\/revisions\/11197"}],"wp:featuredmedia":[{"embeddable":true,"href":"https:\/\/www.enerjigazetesi.ist\/en\/wp-json\/wp\/v2\/media\/11196"}],"wp:attachment":[{"href":"https:\/\/www.enerjigazetesi.ist\/en\/wp-json\/wp\/v2\/media?parent=11195"}],"wp:term":[{"taxonomy":"category","embeddable":true,"href":"https:\/\/www.enerjigazetesi.ist\/en\/wp-json\/wp\/v2\/categories?post=11195"},{"taxonomy":"post_tag","embeddable":true,"href":"https:\/\/www.enerjigazetesi.ist\/en\/wp-json\/wp\/v2\/tags?post=11195"}],"curies":[{"name":"wp","href":"https:\/\/api.w.org\/{rel}","templated":true}]}}