{"id":111874,"date":"2020-04-15T14:38:42","date_gmt":"2020-04-15T11:38:42","guid":{"rendered":"https:\/\/www.enerjigazetesi.ist\/?p=111874"},"modified":"2020-04-15T14:39:27","modified_gmt":"2020-04-15T11:39:27","slug":"afjet-enerjiden-enerji-bedellerinin-son-odeme-tarihlerine-3-ay-oteleme","status":"publish","type":"post","link":"https:\/\/www.enerjigazetesi.ist\/en\/afjet-enerjiden-enerji-bedellerinin-son-odeme-tarihlerine-3-ay-oteleme\/","title":{"rendered":"(Turkish) &#8217;Afjet Enerji&#8217;den Enerji Bedellerinin Son \u00d6deme Tarihlerine 3 Ay \u00d6teleme"},"content":{"rendered":"<p class=\"qtranxs-available-languages-message qtranxs-available-languages-message-en\">Sorry, this entry is only available in <a href=\"https:\/\/www.enerjigazetesi.ist\/tr\/wp-json\/wp\/v2\/posts\/111874\" class=\"qtranxs-available-language-link qtranxs-available-language-link-tr\" title=\"Turkish\">Turkish<\/a>. For the sake of viewer convenience, the content is shown below in the alternative language. You may click the link to switch the active language.<\/p><p><\/p>\n<h1>Afjet, ayl\u0131k \u00fccretle tahsil edilen enerji bedellerinin son \u00f6deme tarihlerinin 3 ay ileriye \u00f6telenmesine karar verildi\u011fi <img loading=\"lazy\" class=\"alignright wp-image-111876\" src=\"https:\/\/www.enerjigazetesi.ist\/wp-content\/uploads\/2020\/04\/afjet-enerjiden-enerji-bedellerinin-son-odeme-tarihlerine-3-ay-oteleme.jpg\" alt=\"\" width=\"320\" height=\"215\" srcset=\"https:\/\/www.enerjigazetesi.ist\/wp-content\/uploads\/2020\/04\/afjet-enerjiden-enerji-bedellerinin-son-odeme-tarihlerine-3-ay-oteleme.jpg 728w, https:\/\/www.enerjigazetesi.ist\/wp-content\/uploads\/2020\/04\/afjet-enerjiden-enerji-bedellerinin-son-odeme-tarihlerine-3-ay-oteleme-300x201.jpg 300w, https:\/\/www.enerjigazetesi.ist\/wp-content\/uploads\/2020\/04\/afjet-enerjiden-enerji-bedellerinin-son-odeme-tarihlerine-3-ay-oteleme-500x335.jpg 500w, https:\/\/www.enerjigazetesi.ist\/wp-content\/uploads\/2020\/04\/afjet-enerjiden-enerji-bedellerinin-son-odeme-tarihlerine-3-ay-oteleme-75x50.jpg 75w\" sizes=\"(max-width: 320px) 100vw, 320px\" \/>bildirildi.<\/h1>\n<p><strong>Afjet<\/strong> taraf\u0131ndan yap\u0131lan yaz\u0131l\u0131 a\u00e7\u0131klama ile ayl\u0131k \u00fccretle <strong>tahsil edilen enerji bedelleri<\/strong>nin son \u00f6deme tarihlerinin <strong>3 ay ileriye \u00f6telenmesi<\/strong>ne karar verildi\u011fi a\u00e7\u0131kland\u0131.<\/p>\n<p>Afjet&#8217;ten yap\u0131lan a\u00e7\u0131klamada, \u201c<strong>\u00c7in<\/strong>&#8216;in <strong>Wuhan<\/strong> kentinde <strong>ortaya \u00e7\u0131kan ve t\u00fcm d\u00fcnyada h\u0131zla yay\u0131lan<\/strong> <strong>Koronavir\u00fcs (Covit-19) pandemisi<\/strong>nin \u00fclkemiz ekonomisi \u00fczerindeki <strong>olumsuz etkileri<\/strong> de g\u00f6z \u00f6n\u00fcnde bulundurularak devletimiz taraf\u0131ndan al\u0131nan <strong>\u00e7e\u015fitli \u00f6nlemler kapsam\u0131nda<\/strong> \u015firketimizin hizmet verdi\u011fi <strong>konutlar ve i\u015fletmeler<\/strong>den <strong>ayl\u0131k \u00fccretle tahsil edilen enerji bedelleri<\/strong>nin <strong>son \u00f6deme tarihleri<\/strong>nin <strong>3 ay ileriye \u00f6telenmesi<\/strong> y\u00f6netim kurulumuzca uygun g\u00f6r\u00fclm\u00fc\u015ft\u00fcr\u201d ifadelerine yer verildi.<\/p>","protected":false},"excerpt":{"rendered":"<p>Sorry, this entry is only available in Turkish. For the sake of viewer convenience, the content is shown below in the alternative language. You may click the link to switch the active language. Afjet, ayl\u0131k \u00fccretle tahsil edilen enerji bedellerinin son \u00f6deme tarihlerinin 3 ay ileriye \u00f6telenmesine karar verildi\u011fi bildirildi. Afjet taraf\u0131ndan yap\u0131lan yaz\u0131l\u0131 a\u00e7\u0131klama [&hellip;]<\/p>\n","protected":false},"author":1,"featured_media":111876,"comment_status":"open","ping_status":"open","sticky":false,"template":"","format":"standard","meta":[],"categories":[51,53],"tags":[70155,886,52674,70154,52259,70156,68608],"views":172,"_links":{"self":[{"href":"https:\/\/www.enerjigazetesi.ist\/en\/wp-json\/wp\/v2\/posts\/111874"}],"collection":[{"href":"https:\/\/www.enerjigazetesi.ist\/en\/wp-json\/wp\/v2\/posts"}],"about":[{"href":"https:\/\/www.enerjigazetesi.ist\/en\/wp-json\/wp\/v2\/types\/post"}],"author":[{"embeddable":true,"href":"https:\/\/www.enerjigazetesi.ist\/en\/wp-json\/wp\/v2\/users\/1"}],"replies":[{"embeddable":true,"href":"https:\/\/www.enerjigazetesi.ist\/en\/wp-json\/wp\/v2\/comments?post=111874"}],"version-history":[{"count":0,"href":"https:\/\/www.enerjigazetesi.ist\/en\/wp-json\/wp\/v2\/posts\/111874\/revisions"}],"wp:featuredmedia":[{"embeddable":true,"href":"https:\/\/www.enerjigazetesi.ist\/en\/wp-json\/wp\/v2\/media\/111876"}],"wp:attachment":[{"href":"https:\/\/www.enerjigazetesi.ist\/en\/wp-json\/wp\/v2\/media?parent=111874"}],"wp:term":[{"taxonomy":"category","embeddable":true,"href":"https:\/\/www.enerjigazetesi.ist\/en\/wp-json\/wp\/v2\/categories?post=111874"},{"taxonomy":"post_tag","embeddable":true,"href":"https:\/\/www.enerjigazetesi.ist\/en\/wp-json\/wp\/v2\/tags?post=111874"}],"curies":[{"name":"wp","href":"https:\/\/api.w.org\/{rel}","templated":true}]}}