{"id":111848,"date":"2020-04-15T11:13:03","date_gmt":"2020-04-15T08:13:03","guid":{"rendered":"https:\/\/www.enerjigazetesi.ist\/?p=111848"},"modified":"2020-04-15T11:22:47","modified_gmt":"2020-04-15T08:22:47","slug":"enerji-krizini-atlatmanin-yolu-yenilenebilir-enerjiye-yonelmekten-gecer","status":"publish","type":"post","link":"https:\/\/www.enerjigazetesi.ist\/en\/enerji-krizini-atlatmanin-yolu-yenilenebilir-enerjiye-yonelmekten-gecer\/","title":{"rendered":"(Turkish) Enerji Krizini Atlatman\u0131n Yolu Yenilenebilir Enerjiye Y\u00f6nelmekten Ge\u00e7er"},"content":{"rendered":"<p class=\"qtranxs-available-languages-message qtranxs-available-languages-message-en\">Sorry, this entry is only available in <a href=\"https:\/\/www.enerjigazetesi.ist\/tr\/wp-json\/wp\/v2\/posts\/111848\" class=\"qtranxs-available-language-link qtranxs-available-language-link-tr\" title=\"Turkish\">Turkish<\/a>. For the sake of viewer convenience, the content is shown below in the alternative language. You may click the link to switch the active language.<\/p><p><\/p>\n<h1><strong>D\u00fcnyan\u0131n g\u00fcndeminden d\u00fc\u015fmeyen ve etkisini t\u00fcm piyasalarda hissettiren korona salg\u0131n\u0131 enerji sekt\u00f6r\u00fcn\u00fc de etkiliyor. T\u00fcm d\u00fcnyada enerji \u00f6ncelikli konular aras\u0131nda yer al\u0131rken T\u00fcrkiye\u2019de Mart 2020 sonu itibariyle a\u00e7\u0131klanan <\/strong><strong>\u201c<\/strong><strong>Elektrik Enerjisi Piyasas\u0131 Raporu\u201d, yenilenebilir \u2013 temiz enerji deste\u011finin \u00f6nemini bir kere daha g\u00f6zler \u00f6n\u00fcne serdi. Rapora g\u00f6re T\u00fcrkiye\u2019de yenilenebilir enerji \u00fcretimi Aral\u0131k 2019\u2019da %14,73 iken, Mart 2020 sonu itibariyle %16,33\u2019e y\u00fckseldi.<\/strong><\/h1>\n<h1><strong>T\u00fcrkiye ve D\u00fcnya\u2019daki yenilenebilir enerji yat\u0131r\u0131mlar\u0131yla T\u00fcrkiye\u2019nin ekonomisine katk\u0131 sa\u011flayan G\u00fcri\u015f Holding Enerji Grup CEO\u2019su Ali Karaduman, piyasalar\u0131 de\u011ferlendirerek \u015fu a\u00e7\u0131klamalarda bulundu: <em>\u201cB\u00f6ylesi ola\u011fan\u00fcst\u00fc kriz d\u00f6nemlerinde milli enerji ve yerli kaynaklar\u0131n kullan\u0131m\u0131n\u0131n \u00f6nemi bir kez daha ortaya \u00e7\u0131k\u0131yor. Elektrik enerjisinde d\u0131\u015fa ba\u011f\u0131ml\u0131l\u0131k \u00fclke ekonomisini derinden sars\u0131yor. Yenilenebilir enerjinin de\u011ferini \u00fclkece kavray\u0131p bu konudaki destekleri acilen art\u0131rmam\u0131z gerekiyor.\u201d<\/em><\/strong><\/h1>\n<p>Korona salg\u0131n\u0131 t\u00fcm d\u00fcnyada oldu\u011fu gibi T\u00fcrkiye\u2019de de <strong>ekonomik sorunlar\u0131 beraberinde<\/strong> getirdi. \u00dclke olarak zor zamanlardan ge\u00e7ti\u011fimiz bu d\u00f6nem, ayn\u0131 zamanda <strong>t\u00fcm ithalat ve ihracat kalemleri<\/strong>nde de sorunlara neden oluyor. <strong>T\u00fcrkiye\u2019nin cari a\u00e7\u0131\u011f\u0131n\u0131n<\/strong> yakla\u015f\u0131k olarak <strong>% 70<\/strong>\u2019ini enerji <img loading=\"lazy\" class=\"alignright wp-image-111850\" src=\"https:\/\/www.enerjigazetesi.ist\/wp-content\/uploads\/2020\/04\/enerji-krizini-atlatmanin-yolu-yenilenebilir-enerjiye-yonelmekten-gecer.jpg\" alt=\"\" width=\"320\" height=\"212\" srcset=\"https:\/\/www.enerjigazetesi.ist\/wp-content\/uploads\/2020\/04\/enerji-krizini-atlatmanin-yolu-yenilenebilir-enerjiye-yonelmekten-gecer.jpg 660w, https:\/\/www.enerjigazetesi.ist\/wp-content\/uploads\/2020\/04\/enerji-krizini-atlatmanin-yolu-yenilenebilir-enerjiye-yonelmekten-gecer-300x199.jpg 300w, https:\/\/www.enerjigazetesi.ist\/wp-content\/uploads\/2020\/04\/enerji-krizini-atlatmanin-yolu-yenilenebilir-enerjiye-yonelmekten-gecer-500x332.jpg 500w, https:\/\/www.enerjigazetesi.ist\/wp-content\/uploads\/2020\/04\/enerji-krizini-atlatmanin-yolu-yenilenebilir-enerjiye-yonelmekten-gecer-75x50.jpg 75w, https:\/\/www.enerjigazetesi.ist\/wp-content\/uploads\/2020\/04\/enerji-krizini-atlatmanin-yolu-yenilenebilir-enerjiye-yonelmekten-gecer-450x300.jpg 450w\" sizes=\"(max-width: 320px) 100vw, 320px\" \/>sekt\u00f6r\u00fc olu\u015fturuyor. Enerjisinin b\u00fcy\u00fck bir k\u0131sm\u0131n\u0131 d\u0131\u015far\u0131dan alan bir \u00fclke olarak T\u00fcrkiye, <strong>enerji konusunda bu krizi<\/strong> f\u0131rsata \u00e7evirebilir.<\/p>\n<p>T\u00fcrkiye, <strong>milli ve yerli enerji kaynaklar\u0131<\/strong> bak\u0131m\u0131ndan enerji ihtiyac\u0131n\u0131 tek ba\u015f\u0131na kar\u015f\u0131layabilecek potansiyele sahip. <strong>2020 y\u0131l\u0131 Mart Ay\u0131 sonu itibariyle \u201cElektrik Enerjisi Piyasas\u0131 Raporu\u201dna g\u00f6re;<\/strong> yenilenebilir enerji \u00fcretimi Aral\u0131k 2019\u2019da <strong>%14,73<\/strong> iken, Mart 2020 sonu itibariyle <strong>%16,33\u2019e<\/strong> y\u00fckseldi. Bu art\u0131\u015f\u0131n i\u00e7erisinde Aral\u0131k 2019\u2019da <strong>%2,73 olan <\/strong><u>jeotermal enerji \u00fcretimi<\/u>, Mart 2020 sonu itibariyle <strong>%3,23\u2019a<\/strong>; <u>r\u00fczgar enerji \u00fcretimi<\/u> ise yine ayn\u0131 zaman diliminde <strong>%7,20\u2019den %8,93<\/strong>\u2019e ula\u015ft\u0131.<\/p>\n<p><u>Rapordaki milli ve yerli enerji \u00fcretimine dair di\u011fer verilere bak\u0131ld\u0131\u011f\u0131nda,<\/u> <strong>Mart 2020 sonu<\/strong> itibariyle jeotermalin 839,3 GWh ile <strong>toplam enerji \u00fcretiminin %3,4\u2019ni,<\/strong> r\u00fczgar\u0131n ise 2.137,1 GWh ile <strong>toplam enerji \u00fcretiminin %8,7\u2019sini olu\u015fturdu\u011fu g\u00f6r\u00fcl\u00fcyor. <\/strong><\/p>\n<p>Yine ayn\u0131 tarihli raporda <u>elektrik \u00fcretimindeki son kapasite ise;<\/u> <strong>jeotermal santralleri<\/strong> i\u00e7in toplam kurulu g\u00fc\u00e7 1.515 MW, santral say\u0131s\u0131 ise 54 olarak belirtilerken,\u00a0 r\u00fczgar santralleri i\u00e7in toplam kurulu g\u00fc\u00e7 7.644 MW, santral say\u0131s\u0131 se 275 olarak a\u00e7\u0131klan\u0131yor.<\/p>\n<p>D\u00fcnya zor bir d\u00f6nemden ge\u00e7erken bu ola\u011fan\u00fcst\u00fc d\u00f6nemde t\u00fcm \u00fclkelerin yerli i\u00e7 kaynaklar\u0131na y\u00f6nelmesinin gereklili\u011fine dikkat \u00e7eken <strong>G\u00fcri\u015f Holding Enerji Grup CEO\u2019su Ali Karaduman: <em>\u201c<\/em><\/strong><em>D\u00fcnyan\u0131n en b\u00fcy\u00fck <strong>jeotermal rezervine sahip \u00fclkeleri<\/strong> aras\u0131nda yer alan T\u00fcrkiye\u2019de temiz enerji potansiyeli olduk\u00e7a y\u00fcksek. \u00d6zellikle bu s\u00fcre\u00e7te <strong>yenilenebilir enerji kaynaklar\u0131<\/strong>m\u0131z\u0131 do\u011fru de\u011ferlendirmemiz gerekiyor. Bunun da yolu <strong>mili kaynaklar\u0131m\u0131z\u0131n desteklenmesinden<\/strong> ge\u00e7iyor\u201d <\/em>dedi.<\/p>\n<p>A\u00e7\u0131klanan verilerde <strong>T\u00fcrkiye\u2019nin temiz enerji potansiyelinin olduk\u00e7a y\u00fcksek oldu\u011funun bir kere daha ortaya \u00e7\u0131kt\u0131\u011f\u0131n\u0131 belirten<\/strong> <strong>Karaduman, <\/strong>\u00f6n\u00fcm\u00fczdeki d\u00f6nemde <strong>yenilenebilir enerji yat\u0131r\u0131mlar\u0131<\/strong>na y\u00f6nelik \u00e7al\u0131\u015fmalar\u0131n h\u0131zland\u0131r\u0131lmas\u0131n\u0131n T\u00fcrkiye\u2019nin enerjide tam ba\u011f\u0131ms\u0131zl\u0131\u011f\u0131 i\u00e7in kritik bir \u00f6neme sahip oldu\u011funu vurguluyor.<\/p>","protected":false},"excerpt":{"rendered":"<p>Sorry, this entry is only available in Turkish. For the sake of viewer convenience, the content is shown below in the alternative language. You may click the link to switch the active language. D\u00fcnyan\u0131n g\u00fcndeminden d\u00fc\u015fmeyen ve etkisini t\u00fcm piyasalarda hissettiren korona salg\u0131n\u0131 enerji sekt\u00f6r\u00fcn\u00fc de etkiliyor. T\u00fcm d\u00fcnyada enerji \u00f6ncelikli konular aras\u0131nda yer al\u0131rken [&hellip;]<\/p>\n","protected":false},"author":1,"featured_media":111850,"comment_status":"open","ping_status":"open","sticky":false,"template":"","format":"standard","meta":[],"categories":[51,53,49,47,48,50],"tags":[70135,70133,5070,52259,70134,53157,6320,53925,8212,36184,70136,70132,70137,53282,1245,56304],"views":149,"_links":{"self":[{"href":"https:\/\/www.enerjigazetesi.ist\/en\/wp-json\/wp\/v2\/posts\/111848"}],"collection":[{"href":"https:\/\/www.enerjigazetesi.ist\/en\/wp-json\/wp\/v2\/posts"}],"about":[{"href":"https:\/\/www.enerjigazetesi.ist\/en\/wp-json\/wp\/v2\/types\/post"}],"author":[{"embeddable":true,"href":"https:\/\/www.enerjigazetesi.ist\/en\/wp-json\/wp\/v2\/users\/1"}],"replies":[{"embeddable":true,"href":"https:\/\/www.enerjigazetesi.ist\/en\/wp-json\/wp\/v2\/comments?post=111848"}],"version-history":[{"count":0,"href":"https:\/\/www.enerjigazetesi.ist\/en\/wp-json\/wp\/v2\/posts\/111848\/revisions"}],"wp:featuredmedia":[{"embeddable":true,"href":"https:\/\/www.enerjigazetesi.ist\/en\/wp-json\/wp\/v2\/media\/111850"}],"wp:attachment":[{"href":"https:\/\/www.enerjigazetesi.ist\/en\/wp-json\/wp\/v2\/media?parent=111848"}],"wp:term":[{"taxonomy":"category","embeddable":true,"href":"https:\/\/www.enerjigazetesi.ist\/en\/wp-json\/wp\/v2\/categories?post=111848"},{"taxonomy":"post_tag","embeddable":true,"href":"https:\/\/www.enerjigazetesi.ist\/en\/wp-json\/wp\/v2\/tags?post=111848"}],"curies":[{"name":"wp","href":"https:\/\/api.w.org\/{rel}","templated":true}]}}