{"id":111671,"date":"2020-04-12T08:38:18","date_gmt":"2020-04-12T05:38:18","guid":{"rendered":"https:\/\/www.enerjigazetesi.ist\/?p=111671"},"modified":"2020-04-12T08:43:33","modified_gmt":"2020-04-12T05:43:33","slug":"turkiyenin-interneti-27inci-yasina-basarken-bizler-7-yili-geride-biraktik","status":"publish","type":"post","link":"https:\/\/www.enerjigazetesi.ist\/en\/turkiyenin-interneti-27inci-yasina-basarken-bizler-7-yili-geride-biraktik\/","title":{"rendered":"(Turkish) T\u00fcrkiye&#8217;nin \u0130nterneti 27&#8217;inci Ya\u015f\u0131na Basarken Bizler 7 Y\u0131l\u0131 Geride B\u0131rakt\u0131k:)"},"content":{"rendered":"<p class=\"qtranxs-available-languages-message qtranxs-available-languages-message-en\">Sorry, this entry is only available in <a href=\"https:\/\/www.enerjigazetesi.ist\/tr\/wp-json\/wp\/v2\/posts\/111671\" class=\"qtranxs-available-language-link qtranxs-available-language-link-tr\" title=\"Turkish\">Turkish<\/a>. For the sake of viewer convenience, the content is shown below in the alternative language. You may click the link to switch the active language.<\/p><p><\/p>\n<h1>T\u00fcrkiye&#8217;de ilk internet ba\u011flant\u0131s\u0131n\u0131n yap\u0131lmas\u0131ndan bu yana tam\u0131 tam\u0131na 27 y\u0131l <img loading=\"lazy\" class=\"alignright wp-image-111673\" src=\"https:\/\/www.enerjigazetesi.ist\/wp-content\/uploads\/2020\/04\/turkiyenin-interneti-27inci-yasina-basarken-bizler-7-yili-geride-biraktik.jpg\" alt=\"\" width=\"320\" height=\"172\" srcset=\"https:\/\/www.enerjigazetesi.ist\/wp-content\/uploads\/2020\/04\/turkiyenin-interneti-27inci-yasina-basarken-bizler-7-yili-geride-biraktik.jpg 835w, https:\/\/www.enerjigazetesi.ist\/wp-content\/uploads\/2020\/04\/turkiyenin-interneti-27inci-yasina-basarken-bizler-7-yili-geride-biraktik-300x161.jpg 300w, https:\/\/www.enerjigazetesi.ist\/wp-content\/uploads\/2020\/04\/turkiyenin-interneti-27inci-yasina-basarken-bizler-7-yili-geride-biraktik-768x412.jpg 768w, https:\/\/www.enerjigazetesi.ist\/wp-content\/uploads\/2020\/04\/turkiyenin-interneti-27inci-yasina-basarken-bizler-7-yili-geride-biraktik-500x268.jpg 500w, https:\/\/www.enerjigazetesi.ist\/wp-content\/uploads\/2020\/04\/turkiyenin-interneti-27inci-yasina-basarken-bizler-7-yili-geride-biraktik-80x43.jpg 80w\" sizes=\"(max-width: 320px) 100vw, 320px\" \/>ge\u00e7ti&#8230;<\/h1>\n<p>T\u00fcrkiye, ilk kez <strong>12 Nisan 1993<\/strong> tarihinde <strong>ODT\u00dc&#8217;de<\/strong> kullanmaya ba\u015flad\u0131\u011f\u0131 <strong>internet ile tan\u0131\u015ft\u0131 <\/strong>ve\u00a0g\u00fcn ge\u00e7tik\u00e7e yayg\u0131nla\u015farak hayat\u0131m\u0131z\u0131n her alan\u0131nda \u00f6nemli bir rol alarak <strong>giderek artan h\u0131z\u0131<\/strong> ile ilerleyi\u015fini s\u00fcrd\u00fcrd\u00fc.<\/p>\n<p>Ge\u00e7en bu <strong>27 y\u0131ll\u0131k<\/strong> s\u00fcre zarf\u0131nda Enerji Gazetesi\u00a0<span style=\"text-decoration: underline;\">olarak;<\/span> siz de\u011ferli <strong>\u00fcye ve okurlar\u0131m\u0131za<\/strong> dijital 7\/24 online olan platformumuzda\u00a0<em>g\u00fcncel, tarafs\u0131z ve ilkeli<\/em>\u00a0<strong>enerji sekt\u00f6r\u00fc geli\u015fmelerini<\/strong> tam <strong>7 y\u0131l\u0131 a\u015fk\u0131n s\u00fcredir\u00a0<\/strong>sunmaktan dolay\u0131 mutluyuz&#8230;<\/p>\n<p><em>Nice Senelere \u0130nternet \u0130yi ki <strong>Do\u011fdun<\/strong> ve <strong>Vars\u0131n<\/strong>!\u00a0\ud83d\ude0a<\/em><\/p>\n<p>Enerji Gazetesi \u00c7al\u0131\u015fma Grubu Ailesi<\/p>","protected":false},"excerpt":{"rendered":"<p>Sorry, this entry is only available in Turkish. For the sake of viewer convenience, the content is shown below in the alternative language. You may click the link to switch the active language. T\u00fcrkiye&#8217;de ilk internet ba\u011flant\u0131s\u0131n\u0131n yap\u0131lmas\u0131ndan bu yana tam\u0131 tam\u0131na 27 y\u0131l ge\u00e7ti&#8230; T\u00fcrkiye, ilk kez 12 Nisan 1993 tarihinde ODT\u00dc&#8217;de kullanmaya ba\u015flad\u0131\u011f\u0131 [&hellip;]<\/p>\n","protected":false},"author":1,"featured_media":111674,"comment_status":"open","ping_status":"open","sticky":false,"template":"","format":"standard","meta":[],"categories":[51,53,52,157],"tags":[66011,52674,21919,69997,52259,66888,69996,985,846,69998],"views":182,"_links":{"self":[{"href":"https:\/\/www.enerjigazetesi.ist\/en\/wp-json\/wp\/v2\/posts\/111671"}],"collection":[{"href":"https:\/\/www.enerjigazetesi.ist\/en\/wp-json\/wp\/v2\/posts"}],"about":[{"href":"https:\/\/www.enerjigazetesi.ist\/en\/wp-json\/wp\/v2\/types\/post"}],"author":[{"embeddable":true,"href":"https:\/\/www.enerjigazetesi.ist\/en\/wp-json\/wp\/v2\/users\/1"}],"replies":[{"embeddable":true,"href":"https:\/\/www.enerjigazetesi.ist\/en\/wp-json\/wp\/v2\/comments?post=111671"}],"version-history":[{"count":0,"href":"https:\/\/www.enerjigazetesi.ist\/en\/wp-json\/wp\/v2\/posts\/111671\/revisions"}],"wp:featuredmedia":[{"embeddable":true,"href":"https:\/\/www.enerjigazetesi.ist\/en\/wp-json\/wp\/v2\/media\/111674"}],"wp:attachment":[{"href":"https:\/\/www.enerjigazetesi.ist\/en\/wp-json\/wp\/v2\/media?parent=111671"}],"wp:term":[{"taxonomy":"category","embeddable":true,"href":"https:\/\/www.enerjigazetesi.ist\/en\/wp-json\/wp\/v2\/categories?post=111671"},{"taxonomy":"post_tag","embeddable":true,"href":"https:\/\/www.enerjigazetesi.ist\/en\/wp-json\/wp\/v2\/tags?post=111671"}],"curies":[{"name":"wp","href":"https:\/\/api.w.org\/{rel}","templated":true}]}}