{"id":11162,"date":"2013-05-22T10:15:17","date_gmt":"2013-05-22T07:15:17","guid":{"rendered":"https:\/\/www.enerjigazetesi.ist\/?p=11162"},"modified":"2013-05-22T10:15:17","modified_gmt":"2013-05-22T07:15:17","slug":"iran-yapinca-oluyor-da-turkiye-yapinca-neden-sorun-oluyor","status":"publish","type":"post","link":"https:\/\/www.enerjigazetesi.ist\/en\/iran-yapinca-oluyor-da-turkiye-yapinca-neden-sorun-oluyor\/","title":{"rendered":"(Turkish) \u0130ran Yap\u0131nca Oluyor da, T\u00fcrkiye Yap\u0131nca Neden Sorun Oluyor?"},"content":{"rendered":"<p class=\"qtranxs-available-languages-message qtranxs-available-languages-message-en\">Sorry, this entry is only available in <a href=\"https:\/\/www.enerjigazetesi.ist\/tr\/wp-json\/wp\/v2\/posts\/11162\" class=\"qtranxs-available-language-link qtranxs-available-language-link-tr\" title=\"Turkish\">Turkish<\/a>. For the sake of viewer convenience, the content is shown below in the alternative language. You may click the link to switch the active language.<\/p><p><strong>Enerji Bakan\u0131 Taner Y\u0131ld\u0131z, Teke Tek program\u0131nda Fatih Altayl\u0131\u2019n\u0131n sorular\u0131n\u0131 yan\u0131tlad\u0131.<\/strong><\/p>\n<p>Y\u0131ld\u0131z, Ba\u015fbakan Erdo\u011fan\u2019la ABD ziyareti s\u0131ras\u0131nda muhataplar\u0131yla enerji alan\u0131yla ilgili 3.5 saat s\u00fcren g\u00f6r\u00fc\u015fmeler yapt\u0131\u011f\u0131n\u0131 s\u00f6yledi. Erdo\u011fan\u2019\u0131n Kuzey Irak\u2019la ilgili ABD\u2019ye gitmeden \u00f6nce baz\u0131 bilgiler verdi\u011fini belirten Y\u0131ld\u0131z, \u201cMerkezi Irak H\u00fck\u00fcmeti\u2019nden 25 milyar dolarl\u0131k 4 ayr\u0131 petrol sahas\u0131 ald\u0131k. Rusya, Kuveyt, G\u00fcney Koreliler ile orta\u011f\u0131z. 5.5 milyar dolarl\u0131k kendi hissemize d\u00fc\u015fen bir i\u015fimiz var.<\/p>\n<p><a href=\"https:\/\/www.enerjigazetesi.ist\/wp-content\/uploads\/2013\/05\/kuzey-irak-turkiye-petrol-sahasi-bakan-yildiz.jpg\"><img loading=\"lazy\" class=\"alignright size-medium wp-image-11163\" title=\"taner yildiz\" src=\"https:\/\/www.enerjigazetesi.ist\/wp-content\/uploads\/2013\/05\/kuzey-irak-turkiye-petrol-sahasi-bakan-yildiz-300x183.jpg\" alt=\"\" width=\"300\" height=\"183\" srcset=\"https:\/\/www.enerjigazetesi.ist\/wp-content\/uploads\/2013\/05\/kuzey-irak-turkiye-petrol-sahasi-bakan-yildiz-300x183.jpg 300w, https:\/\/www.enerjigazetesi.ist\/wp-content\/uploads\/2013\/05\/kuzey-irak-turkiye-petrol-sahasi-bakan-yildiz-80x48.jpg 80w, https:\/\/www.enerjigazetesi.ist\/wp-content\/uploads\/2013\/05\/kuzey-irak-turkiye-petrol-sahasi-bakan-yildiz.jpg 458w\" sizes=\"(max-width: 300px) 100vw, 300px\" \/><\/a>Bir servis anla\u015fmas\u0131d\u0131r bu. Irak\u2019\u0131n kuzeyinde de \u00fcretim payla\u015f\u0131m anla\u015fmas\u0131 yap\u0131l\u0131yor. Irak\u2019\u0131n g\u00fcneyinde 3 y\u0131l \u00f6nce i\u015f ald\u0131\u011f\u0131m\u0131zda kimse bir \u015fey s\u00f6ylemedi. Irak\u2019\u0131n kuzeyinde ticari bir anla\u015fma yap\u0131ld\u0131\u011f\u0131nda neden farkl\u0131 i\u015flem g\u00f6r\u00fcl\u00fcyor. Bunlar i\u015f yap\u0131nca sorun olmuyor da T\u00fcrkiye yap\u0131nca neden sorun olsun\u201d diye sordu. T\u00fcrkiye\u2019nin, petrol ihtiyac\u0131n\u0131n yaln\u0131zca 10\u2032da birini \u00fcretebildi\u011fini vurgulayan Y\u0131ld\u0131z, T\u00fcrkiye\u2019nin petrol ve gaz ihtiyac\u0131n\u0131 kar\u015f\u0131lamak i\u00e7in gerek ulusal gerekse de uluslararas\u0131 alanda giri\u015fimde bulunmas\u0131n\u0131n son derece normal oldu\u011funu s\u00f6yledi.<\/p>\n<p>Kuzey Irak\u2019tan T\u00fcrkiye\u2019ye ham petrol geldi\u011fini, kar\u015f\u0131l\u0131\u011f\u0131nda \u00fcr\u00fcn verildi\u011fini s\u00f6yleyen Y\u0131ld\u0131z, \u0130ran\u2019\u0131n bu i\u015flemi 5 y\u0131ld\u0131r yapt\u0131\u011f\u0131n\u0131 belirterek, \u201c\u0130ran yaparken problem yok da T\u00fcrkiye yap\u0131nca problem olsun. Bu olmaz\u201d dedi.<\/p>\n<h2>\u201cSafdillik yapmay\u0131z\u201d<\/h2>\n<p>T\u00fcrkiye\u2019nin yerli kaynak olan k\u00f6m\u00fcr\u00fc elektrik enerjisine \u00e7evirmek i\u00e7in giri\u015fimlerini s\u00fcrd\u00fcrd\u00fc\u011f\u00fcn\u00fc de anlatan Y\u0131ld\u0131z, \u201cK\u00f6m\u00fcr, yerli kayna\u011f\u0131m\u0131z bunu de\u011ferlendirmek zorunday\u0131z. Biz bu manada safdillik yapmay\u0131z, Almanya ya da di\u011fer \u00fclkeler k\u00f6m\u00fcr santralleri yap\u0131yorsa biz de yapmak zorunday\u0131z. Yerli k\u00f6m\u00fcr de te\u015fvik kapsam\u0131na al\u0131nd\u0131.\u201d diye konu\u015ftu.<\/p>\n<h2>\u2018Yerli\u2019 n\u00fckleer hedefi<\/h2>\n<p>Y\u0131ld\u0131z, T\u00fcrkiye\u2019nin 3\u2032\u00fcnc\u00fc n\u00fckleer santrali, belli bir oranda yerli katk\u0131yla in\u015fa etmeyi hedefledi\u011fini vurgulad\u0131. Mersin Akkuyu\u2019da Rusya taraf\u0131ndan in\u015fa edilecek birinci n\u00fckleer santralin 1.5 y\u0131l kadar gecikebilece\u011fini belirten Y\u0131ld\u0131z, \u201cLisanslama ve \u00c7ED\u2019le ilgili gecikmeyi do\u011fal g\u00f6rd\u00fck. 86 ba\u015fl\u0131k yeniden elden ge\u00e7iriliyor. Proje \u015firketi b\u00fct\u00fcn bunlarla ilgili \u00e7al\u0131\u015fmalar\u0131 tek tek elden ge\u00e7iriyor. 186 ara\u015ft\u0131rma raporu var burayla ilgili. Bunlar da tek tek elden ge\u00e7iriliyor\u201d dedi.<\/p>\n<p>Kaynak: <a href=\"http:\/\/enerjienstitusu.com\/2013\/05\/22\/iran-yapinca-oluyor-da-turkiye-yapinca-neden-sorun-oluyor\/?utm_source=dlvr.it&amp;utm_medium=facebook\" target=\"_blank\">Enerji Enstit\u00fcs\u00fc<\/a><\/p>","protected":false},"excerpt":{"rendered":"<p>Sorry, this entry is only available in Turkish. For the sake of viewer convenience, the content is shown below in the alternative language. You may click the link to switch the active language.Enerji Bakan\u0131 Taner Y\u0131ld\u0131z, Teke Tek program\u0131nda Fatih Altayl\u0131\u2019n\u0131n sorular\u0131n\u0131 yan\u0131tlad\u0131. Y\u0131ld\u0131z, Ba\u015fbakan Erdo\u011fan\u2019la ABD ziyareti s\u0131ras\u0131nda muhataplar\u0131yla enerji alan\u0131yla ilgili 3.5 saat [&hellip;]<\/p>\n","protected":false},"author":1,"featured_media":11163,"comment_status":"open","ping_status":"open","sticky":false,"template":"","format":"standard","meta":[],"categories":[53,44],"tags":[63,114,67,165,875,59,79,106,5473,667,846],"views":747,"_links":{"self":[{"href":"https:\/\/www.enerjigazetesi.ist\/en\/wp-json\/wp\/v2\/posts\/11162"}],"collection":[{"href":"https:\/\/www.enerjigazetesi.ist\/en\/wp-json\/wp\/v2\/posts"}],"about":[{"href":"https:\/\/www.enerjigazetesi.ist\/en\/wp-json\/wp\/v2\/types\/post"}],"author":[{"embeddable":true,"href":"https:\/\/www.enerjigazetesi.ist\/en\/wp-json\/wp\/v2\/users\/1"}],"replies":[{"embeddable":true,"href":"https:\/\/www.enerjigazetesi.ist\/en\/wp-json\/wp\/v2\/comments?post=11162"}],"version-history":[{"count":1,"href":"https:\/\/www.enerjigazetesi.ist\/en\/wp-json\/wp\/v2\/posts\/11162\/revisions"}],"predecessor-version":[{"id":11164,"href":"https:\/\/www.enerjigazetesi.ist\/en\/wp-json\/wp\/v2\/posts\/11162\/revisions\/11164"}],"wp:featuredmedia":[{"embeddable":true,"href":"https:\/\/www.enerjigazetesi.ist\/en\/wp-json\/wp\/v2\/media\/11163"}],"wp:attachment":[{"href":"https:\/\/www.enerjigazetesi.ist\/en\/wp-json\/wp\/v2\/media?parent=11162"}],"wp:term":[{"taxonomy":"category","embeddable":true,"href":"https:\/\/www.enerjigazetesi.ist\/en\/wp-json\/wp\/v2\/categories?post=11162"},{"taxonomy":"post_tag","embeddable":true,"href":"https:\/\/www.enerjigazetesi.ist\/en\/wp-json\/wp\/v2\/tags?post=11162"}],"curies":[{"name":"wp","href":"https:\/\/api.w.org\/{rel}","templated":true}]}}