{"id":11156,"date":"2013-05-22T09:56:46","date_gmt":"2013-05-22T06:56:46","guid":{"rendered":"https:\/\/www.enerjigazetesi.ist\/?p=11156"},"modified":"2013-05-22T09:56:46","modified_gmt":"2013-05-22T06:56:46","slug":"greenpeace-cevre-enerji-sektorune-kurban-ediliyor","status":"publish","type":"post","link":"https:\/\/www.enerjigazetesi.ist\/en\/greenpeace-cevre-enerji-sektorune-kurban-ediliyor\/","title":{"rendered":"(Turkish) Greenpeace: \u00c7evre, Enerji Sekt\u00f6r\u00fcne Kurban Ediliyor!"},"content":{"rendered":"<p class=\"qtranxs-available-languages-message qtranxs-available-languages-message-en\">Sorry, this entry is only available in <a href=\"https:\/\/www.enerjigazetesi.ist\/tr\/wp-json\/wp\/v2\/posts\/11156\" class=\"qtranxs-available-language-link qtranxs-available-language-link-tr\" title=\"Turkish\">Turkish<\/a>. For the sake of viewer convenience, the content is shown below in the alternative language. You may click the link to switch the active language.<\/p><p><strong>Enerji Piyasas\u0131 Kanunu\u2019nun ge\u00e7ici 8. Maddesine g\u00f6re enerji yat\u0131r\u0131mlar\u0131 i\u00e7in \u00c7ED raporunun gerekli olmamas\u0131n\u0131 ele\u015ftiren Greenpeace Akdeniz \u0130klim ve Enerji Kampanyas\u0131 Sorumlusu P\u0131nar Akso\u011fan, \u201c\u00c7evre, enerji sekt\u00f6r\u00fcne kurban ediliyor\u201d dedi.\u00a0Akso\u011fan,\u00a0Enerji Piyasas\u0131 Kanunu\u2019nun ge\u00e7ici 8. Maddesine g\u00f6re, T\u00fcrkiye\u2019de enerji sekt\u00f6r\u00fcndeki en b\u00fcy\u00fck iki enerji projesi daha, \u00e7evreye olan etkisine bak\u0131lmadan kurulabilece\u011fini savundu.<\/strong><\/p>\n<p>Elektrik Piyasas\u0131 Kanunu\u2019nun Ge\u00e7ici 8. Maddesi\u2019ne g\u00f6re, E\u00dcA\u015e ortakl\u0131\u011f\u0131ndaki enerji yat\u0131r\u0131mc\u0131lar\u0131 2018\u2019e kadar yapacaklar\u0131 yat\u0131r\u0131mlarda \u00e7evre mevzuat\u0131 y\u00fck\u00fcml\u00fcl\u00fcklerinden muaf tutulaca\u011f\u0131n\u0131 s\u00f6yleyen Akso\u011fan, \u201cBu kanun ile, enerji tesisleri kurulurken \u00e7evreye nas\u0131l bir etkisi olaca\u011f\u0131na bak\u0131lmayacak ve \u00e7evresel alt yap\u0131 tesisi kurulmas\u0131 istenmeyecek. Planlanan bu de\u011fi\u015fiklik ile \u00f6zelle\u015ftirilme s\u00fcreci y\u00fcz\u00fcnden Elektrik \u00dcretim A.\u015e.\u2019ye ait termik santrallerin y\u0131llard\u0131r yap\u0131lmayan \u00e7evre yat\u0131r\u0131mlar\u0131 bir sekiz y\u0131l daha ertelenebilir. 2018 sonras\u0131nda ise bu yat\u0131r\u0131mlar\u0131n \u00e7evresel etkilerinin hangi belgelere dayanarak de\u011ferlendirece\u011fi belli de\u011fil\u201d diye konu\u015ftu.<\/p>\n<p><a href=\"https:\/\/www.enerjigazetesi.ist\/wp-content\/uploads\/2013\/05\/kuresel_isinma-HI-171173.jpg\"><img loading=\"lazy\" class=\"alignright size-medium wp-image-11157\" title=\"greenpeace-cevre-surdurulebilirlik-cevresel-yatirimlar-ced\" src=\"https:\/\/www.enerjigazetesi.ist\/wp-content\/uploads\/2013\/05\/kuresel_isinma-HI-171173-300x191.jpg\" alt=\"\" width=\"300\" height=\"191\" srcset=\"https:\/\/www.enerjigazetesi.ist\/wp-content\/uploads\/2013\/05\/kuresel_isinma-HI-171173-300x191.jpg 300w, https:\/\/www.enerjigazetesi.ist\/wp-content\/uploads\/2013\/05\/kuresel_isinma-HI-171173-500x319.jpg 500w, https:\/\/www.enerjigazetesi.ist\/wp-content\/uploads\/2013\/05\/kuresel_isinma-HI-171173-78x50.jpg 78w, https:\/\/www.enerjigazetesi.ist\/wp-content\/uploads\/2013\/05\/kuresel_isinma-HI-171173.jpg 676w\" sizes=\"(max-width: 300px) 100vw, 300px\" \/><\/a>\u00a0\u201cBu kanun sayesinde Sinop\u2019ta E\u00dcA\u015e-Japonya ortakl\u0131\u011f\u0131 ile kurulaca\u011f\u0131 iki hafta \u00f6nce H\u00fck\u00fcmet taraf\u0131ndan duyurulan T\u00fcrkiye\u2019nin ikinci n\u00fckleer santralinin ve Af\u015fin-Elbistan\u2019daki yeni k\u00f6m\u00fcr santrali \u00fcnitelerinin de hi\u00e7bir \u00e7evresel yat\u0131r\u0131ma ihtiya\u00e7 duyulmadan yap\u0131lmas\u0131n\u0131n yolu a\u00e7\u0131lacak\u201d diyen Akso\u011fan, \u00a0maddenin \u00e7evre ve halk sa\u011fl\u0131\u011f\u0131 i\u00e7in b\u00fcy\u00fck bir tehdit olu\u015fturdu\u011funu iddia etti.<\/p>\n<p>Akso\u011fan, s\u00f6zlerini \u015f\u00f6yle s\u00fcrd\u00fcrd\u00fc: \u201cT\u00fcrkiye bug\u00fcn dev enerji yat\u0131r\u0131mlar\u0131n\u0131n e\u015fi\u011finde. T\u00fcrkiye`nin yak\u0131n gelecekte elektrik sekt\u00f6r\u00fcnde hayata ge\u00e7irmeyi planlad\u0131\u011f\u0131 en b\u00fcy\u00fck iki enerji projesinin sahiplerini, ister devlet ister \u00f6zel sekt\u00f6r olsun, t\u00fcm \u00e7evresel yat\u0131r\u0131m yapmak ve \u00f6nlem almaktan muaf k\u0131lacak b\u00f6ylesi bir hukuki \u00e7er\u00e7eve vicdanen kabul edilemez. Enerji politikalar\u0131na bak\u0131\u015f\u0131n\u0131z ne olursa olsun, Sinop veya Kahramanmara\u015f`\u0131 hi\u00e7bir \u00e7evresel y\u00fck\u00fcml\u00fcl\u00fc\u011f\u00fc olmayan \u015firketlerin insaf\u0131na b\u0131rakmak ak\u0131l d\u0131\u015f\u0131, hatta vicdans\u0131zl\u0131k.<\/p>\n<p>Meclis`in hemen bu maddeyi <strong>Anayasa Mahkemesine<\/strong> g\u00f6t\u00fcrmesi gerekiyor. Bu durumun \u00f6n\u00fcne ge\u00e7ebilmek i\u00e7in Mart ay\u0131nda kanunla\u015fm\u0131\u015f <strong>6446 Say\u0131l\u0131 Elektrik Piyasas\u0131 Kanunu\u2019nun Ge\u00e7ici 8. Maddesi\u2019nin<\/strong> Anayasa Mahkemesi\u2019ne ta\u015f\u0131nmas\u0131 ve bu hafta TBMM Genel Kurulu\u2019nda g\u00f6r\u00fc\u015f\u00fclmesi planlanan \u201cSosyal Sigortalar ve Genel Sa\u011fl\u0131k Sigortas\u0131 Kanunu ile Baz\u0131 Kanunlarda De\u011fi\u015fiklik Yap\u0131lmas\u0131na Dair Kanun Tasar\u0131s\u0131\u2019n\u0131n Meclis g\u00fcndeminden \u00e7ekilmesinin veya <strong>11. Maddesi\u2019nin reddinin<\/strong> sa\u011flanmas\u0131 gerekiyor.\u201d<\/p>\n<p>Kaynak: <a href=\"http:\/\/enerjigunlugu.net\/greenpeace:-cevre-enerji-sektorune-kurban-ediliyor_3632.html\" target=\"_blank\">Enerji G\u00fcnl\u00fc\u011f\u00fc<\/a><\/p>","protected":false},"excerpt":{"rendered":"<p>Sorry, this entry is only available in Turkish. For the sake of viewer convenience, the content is shown below in the alternative language. You may click the link to switch the active language.Enerji Piyasas\u0131 Kanunu\u2019nun ge\u00e7ici 8. Maddesine g\u00f6re enerji yat\u0131r\u0131mlar\u0131 i\u00e7in \u00c7ED raporunun gerekli olmamas\u0131n\u0131 ele\u015ftiren Greenpeace Akdeniz \u0130klim ve Enerji Kampanyas\u0131 Sorumlusu P\u0131nar [&hellip;]<\/p>\n","protected":false},"author":1,"featured_media":11157,"comment_status":"open","ping_status":"open","sticky":false,"template":"","format":"standard","meta":[],"categories":[53],"tags":[5466,5465,5470,2530,5469,5468,63,67,1306,165,1401,5467,1296],"views":551,"_links":{"self":[{"href":"https:\/\/www.enerjigazetesi.ist\/en\/wp-json\/wp\/v2\/posts\/11156"}],"collection":[{"href":"https:\/\/www.enerjigazetesi.ist\/en\/wp-json\/wp\/v2\/posts"}],"about":[{"href":"https:\/\/www.enerjigazetesi.ist\/en\/wp-json\/wp\/v2\/types\/post"}],"author":[{"embeddable":true,"href":"https:\/\/www.enerjigazetesi.ist\/en\/wp-json\/wp\/v2\/users\/1"}],"replies":[{"embeddable":true,"href":"https:\/\/www.enerjigazetesi.ist\/en\/wp-json\/wp\/v2\/comments?post=11156"}],"version-history":[{"count":1,"href":"https:\/\/www.enerjigazetesi.ist\/en\/wp-json\/wp\/v2\/posts\/11156\/revisions"}],"predecessor-version":[{"id":11158,"href":"https:\/\/www.enerjigazetesi.ist\/en\/wp-json\/wp\/v2\/posts\/11156\/revisions\/11158"}],"wp:featuredmedia":[{"embeddable":true,"href":"https:\/\/www.enerjigazetesi.ist\/en\/wp-json\/wp\/v2\/media\/11157"}],"wp:attachment":[{"href":"https:\/\/www.enerjigazetesi.ist\/en\/wp-json\/wp\/v2\/media?parent=11156"}],"wp:term":[{"taxonomy":"category","embeddable":true,"href":"https:\/\/www.enerjigazetesi.ist\/en\/wp-json\/wp\/v2\/categories?post=11156"},{"taxonomy":"post_tag","embeddable":true,"href":"https:\/\/www.enerjigazetesi.ist\/en\/wp-json\/wp\/v2\/tags?post=11156"}],"curies":[{"name":"wp","href":"https:\/\/api.w.org\/{rel}","templated":true}]}}