{"id":111521,"date":"2020-04-09T20:22:53","date_gmt":"2020-04-09T17:22:53","guid":{"rendered":"https:\/\/www.enerjigazetesi.ist\/?p=111521"},"modified":"2020-04-09T20:22:53","modified_gmt":"2020-04-09T17:22:53","slug":"hatayda-yetim-anneleri-maske-uretimi-yapiyor","status":"publish","type":"post","link":"https:\/\/www.enerjigazetesi.ist\/en\/hatayda-yetim-anneleri-maske-uretimi-yapiyor\/","title":{"rendered":"(Turkish) Hatay&#8217;da Yetim Anneleri Maske \u00dcretimi Yap\u0131yor"},"content":{"rendered":"<p class=\"qtranxs-available-languages-message qtranxs-available-languages-message-en\">Sorry, this entry is only available in <a href=\"https:\/\/www.enerjigazetesi.ist\/tr\/wp-json\/wp\/v2\/posts\/111521\" class=\"qtranxs-available-language-link qtranxs-available-language-link-tr\" title=\"Turkish\">Turkish<\/a>. For the sake of viewer convenience, the content is shown below in the alternative language. You may click the link to switch the active language.<\/p><p><\/p>\n<h1>Yetim Vakf\u0131 Reyhanl\u0131 E\u011fitim K\u00f6y\u00fc\u2019nde e\u011fitim g\u00f6ren yetimlerin anneleri Reyhanl\u0131 Kaymakaml\u0131\u011f\u0131 izni ve koordinasyonuyla maske \u00fcretimine ba\u015flad\u0131. G\u00fcnl\u00fck 1000 adet \u00fcretilmesi planlanan maskeler, kamu g\u00f6revlileri ba\u015fta olmak \u00fczere il\u00e7enin ihtiyac\u0131 i\u00e7in kullan\u0131lacak.<\/h1>\n<p><strong>Yetim Vakf\u0131<\/strong>\u2019na ba\u011fl\u0131 olarak <strong>Hatay<\/strong>\u2019\u0131n <strong>Reyhanl\u0131 il\u00e7esi<\/strong>nde faaliyet g\u00f6steren ve <strong>2019-2020 e\u011fitim <img loading=\"lazy\" class=\"alignright wp-image-111524\" src=\"https:\/\/www.enerjigazetesi.ist\/wp-content\/uploads\/2020\/04\/hatayda-yetim-anneleri-maske-uretimi-yapiyor-2.jpg\" alt=\"\" width=\"320\" height=\"180\" srcset=\"https:\/\/www.enerjigazetesi.ist\/wp-content\/uploads\/2020\/04\/hatayda-yetim-anneleri-maske-uretimi-yapiyor-2.jpg 868w, https:\/\/www.enerjigazetesi.ist\/wp-content\/uploads\/2020\/04\/hatayda-yetim-anneleri-maske-uretimi-yapiyor-2-300x169.jpg 300w, https:\/\/www.enerjigazetesi.ist\/wp-content\/uploads\/2020\/04\/hatayda-yetim-anneleri-maske-uretimi-yapiyor-2-768x432.jpg 768w, https:\/\/www.enerjigazetesi.ist\/wp-content\/uploads\/2020\/04\/hatayda-yetim-anneleri-maske-uretimi-yapiyor-2-500x281.jpg 500w, https:\/\/www.enerjigazetesi.ist\/wp-content\/uploads\/2020\/04\/hatayda-yetim-anneleri-maske-uretimi-yapiyor-2-80x45.jpg 80w\" sizes=\"(max-width: 320px) 100vw, 320px\" \/>\u00f6\u011fretim y\u0131l\u0131nda<\/strong> 1020 yetim \u00e7ocu\u011fun <strong>bar\u0131nma ve e\u011fitim ihtiya\u00e7lar\u0131<\/strong>n\u0131n kar\u015f\u0131land\u0131\u011f\u0131 Reyhanl\u0131 E\u011fitim K\u00f6y\u00fc At\u00f6lyeleri, <strong>korona vir\u00fcs ile m\u00fccadele<\/strong> kapsam\u0131nda <strong>maske \u00fcretim tesisi<\/strong> oldu. <strong>Reyhanl\u0131 Kaymakaml\u0131\u011f\u0131<\/strong> ve <strong>\u0130l\u00e7e Sa\u011fl\u0131k M\u00fcd\u00fcrl\u00fc\u011f\u00fc<\/strong> koordinasyonuyla <strong>Reyhanl\u0131 E\u011fitim K\u00f6y\u00fc Tekstil ve Tasar\u0131m At\u00f6lyesi<\/strong>\u2019nde <strong>Suriyeli 10 yetim annesi<\/strong> ve<strong> 2 personel<\/strong> maske \u00fcretimine ba\u015flad\u0131. Maskeler, kaymakaml\u0131k taraf\u0131ndan il\u00e7edeki kamu kurulu\u015flar\u0131n\u0131n ihtiyac\u0131 i\u00e7in kullan\u0131lacak.<\/p>\n<h2><strong>BUHARLI DEZENFEKTE YAPILIYOR<\/strong><\/h2>\n<p>Aralar\u0131nda <strong>Suriyeli yetimlerin<\/strong> annelerinin de bulundu\u011fu at\u00f6lye \u00e7al\u0131\u015fanlar\u0131 <strong>korona vir\u00fcs nedeniyle<\/strong> al\u0131nan tedbirler kapsam\u0131nda tamamen <strong>izole edilen<\/strong> at\u00f6lyede <strong>maske, eldiven, dezenfektan gibi tedbirlere uyularak<\/strong> \u00fcretim ger\u00e7ekle\u015ftiriliyor. Reyhanl\u0131 E\u011fitim K\u00f6y\u00fc Koordinat\u00f6r\u00fc <strong>Hamza Din\u00e7er<\/strong>, maskelerin <strong>sa\u011fl\u0131k standartlar\u0131<\/strong>na uygun olarak \u00fcretildi\u011fini ve T\u00fcrkiye\u2019nin <strong>Korona vir\u00fcsle m\u00fccadele<\/strong>sine omuz vermekten mutluluk duyduklar\u0131n\u0131 s\u00f6yledi. Din\u00e7er ayr\u0131ca, tekstil at\u00f6lyesinde <strong>10 Suriyeli<\/strong> anne ve <strong>2 personelle<\/strong> birlikte g\u00fcnde <strong>1000 adet<\/strong> maske \u00fcretmeyi hedeflediklerini de ifade etti.<\/p>\n<h2><strong>K\u00d6YDE 185 YET\u0130M \u00c7OCUK KALIYOR<\/strong><\/h2>\n<p>T\u00fcm ihtiya\u00e7lar\u0131 <strong>Yetim Vakf\u0131\u2019<\/strong>nca kar\u015f\u0131lanan <strong>Reyhanl\u0131 E\u011fitim K\u00f6y\u00fc<\/strong>, sava\u015f ma\u011fduru <strong>Suriyeli yetim ve \u00f6ks\u00fcz \u00e7ocuklar<\/strong> ba\u015fta olmak \u00fczere il\u00e7edeki yetim \u00e7ocuklara <strong>bar\u0131nma ve e\u011fitim hizmetleri<\/strong> sunuyor. Bu k\u00f6yde <strong>anaokulu, \u00f6zel milletler aras\u0131 ilkokul ve Anadolu \u0130mam-Hatip Lisesi<\/strong> hizmet veriyor. 2019 y\u0131l\u0131nda <strong>195\u2019i yat\u0131l\u0131<\/strong> olmak \u00fczere toplam<strong> 1020 \u00e7ocu\u011fa<\/strong> hizmet veren <strong>Reyhanl\u0131 E\u011fitim K\u00f6y\u00fc<\/strong>\u2019nde e\u011fitim g\u00f6ren \u00e7ocuklar, <strong>korona vir\u00fcs nedeniyle<\/strong> uzaktan e\u011fitime devam ediyorlar.<\/p>","protected":false},"excerpt":{"rendered":"<p>Sorry, this entry is only available in Turkish. For the sake of viewer convenience, the content is shown below in the alternative language. You may click the link to switch the active language. Yetim Vakf\u0131 Reyhanl\u0131 E\u011fitim K\u00f6y\u00fc\u2019nde e\u011fitim g\u00f6ren yetimlerin anneleri Reyhanl\u0131 Kaymakaml\u0131\u011f\u0131 izni ve koordinasyonuyla maske \u00fcretimine ba\u015flad\u0131. G\u00fcnl\u00fck 1000 adet \u00fcretilmesi planlanan [&hellip;]<\/p>\n","protected":false},"author":1,"featured_media":111525,"comment_status":"open","ping_status":"open","sticky":false,"template":"","format":"standard","meta":[],"categories":[51,53],"tags":[69887,52259,69884,69881,69883,69888,69882,69889,69885,69886,69880],"views":61,"_links":{"self":[{"href":"https:\/\/www.enerjigazetesi.ist\/en\/wp-json\/wp\/v2\/posts\/111521"}],"collection":[{"href":"https:\/\/www.enerjigazetesi.ist\/en\/wp-json\/wp\/v2\/posts"}],"about":[{"href":"https:\/\/www.enerjigazetesi.ist\/en\/wp-json\/wp\/v2\/types\/post"}],"author":[{"embeddable":true,"href":"https:\/\/www.enerjigazetesi.ist\/en\/wp-json\/wp\/v2\/users\/1"}],"replies":[{"embeddable":true,"href":"https:\/\/www.enerjigazetesi.ist\/en\/wp-json\/wp\/v2\/comments?post=111521"}],"version-history":[{"count":0,"href":"https:\/\/www.enerjigazetesi.ist\/en\/wp-json\/wp\/v2\/posts\/111521\/revisions"}],"wp:featuredmedia":[{"embeddable":true,"href":"https:\/\/www.enerjigazetesi.ist\/en\/wp-json\/wp\/v2\/media\/111525"}],"wp:attachment":[{"href":"https:\/\/www.enerjigazetesi.ist\/en\/wp-json\/wp\/v2\/media?parent=111521"}],"wp:term":[{"taxonomy":"category","embeddable":true,"href":"https:\/\/www.enerjigazetesi.ist\/en\/wp-json\/wp\/v2\/categories?post=111521"},{"taxonomy":"post_tag","embeddable":true,"href":"https:\/\/www.enerjigazetesi.ist\/en\/wp-json\/wp\/v2\/tags?post=111521"}],"curies":[{"name":"wp","href":"https:\/\/api.w.org\/{rel}","templated":true}]}}