{"id":111479,"date":"2020-04-08T19:49:53","date_gmt":"2020-04-08T16:49:53","guid":{"rendered":"https:\/\/www.enerjigazetesi.ist\/?p=111479"},"modified":"2020-04-08T19:49:53","modified_gmt":"2020-04-08T16:49:53","slug":"ekonomi-kovid-19-tedarik-zincirini-kirarken-degisime-hizla-adapte-olmaliyiz","status":"publish","type":"post","link":"https:\/\/www.enerjigazetesi.ist\/en\/ekonomi-kovid-19-tedarik-zincirini-kirarken-degisime-hizla-adapte-olmaliyiz\/","title":{"rendered":"(Turkish) Ekonomi: Kovid-19 Tedarik Zincirini K\u0131rarken De\u011fi\u015fime H\u0131zla Adapte Olmal\u0131y\u0131z"},"content":{"rendered":"<p class=\"qtranxs-available-languages-message qtranxs-available-languages-message-en\">Sorry, this entry is only available in <a href=\"https:\/\/www.enerjigazetesi.ist\/tr\/wp-json\/wp\/v2\/posts\/111479\" class=\"qtranxs-available-language-link qtranxs-available-language-link-tr\" title=\"Turkish\">Turkish<\/a>. For the sake of viewer convenience, the content is shown below in the alternative language. You may click the link to switch the active language.<\/p><p><\/p>\n<h1><strong>Kovid-19 salg\u0131n\u0131n\u0131n ekonomi \u00fczerindeki tahribat\u0131n\u0131 azaltmak i\u00e7in al\u0131nan tedbirlerin \u00f6nemli oldu\u011funu; ancak T\u00fcrkiye\u2019nin h\u0131zla salg\u0131n sonras\u0131na haz\u0131rlanmas\u0131 gerekti\u011fini dile getiren T\u0130AD Ba\u015fkan\u0131 Fatih Varl\u0131k, \u201c<\/strong><strong>Bu bir d\u00fcnya krizi. \u00c7in\u2019den ba\u015flay\u0131p Avrupa\u2019ya, sonra K\u0131ta Amerika\u2019s\u0131na ge\u00e7ti ve k\u00fcresel tedarik zincirleri k\u0131r\u0131ld\u0131. Kriz, \u015fapkam\u0131z\u0131 \u00f6n\u00fcm\u00fcze koyup yerli \u00fcretimin ne kadar \u00f6nemli oldu\u011funu, de\u011fi\u015fen d\u00fcnyaya \u00e7ok \u00e7abuk adapte olma zorunlulu\u011fumuzu daha net anlamak i\u00e7in bir f\u0131rsat verdi\u201d<\/strong><strong> dedi.<\/strong><strong>\u00a0 Varl\u0131k, salg\u0131n sonras\u0131 daha g\u00fc\u00e7l\u00fc ve h\u0131zl\u0131 bir geri d\u00f6n\u00fc\u015f ve toparlanma i\u00e7in uzaktan e\u011fitimle personelin niteli\u011finin art\u0131r\u0131labilece\u011fini, daha rekabet\u00e7i \u00fcretim i\u00e7in ise otomasyon sistemlerine yat\u0131r\u0131m yap\u0131labilece\u011fini kaydetti.<img loading=\"lazy\" class=\"alignright wp-image-111481\" src=\"https:\/\/www.enerjigazetesi.ist\/wp-content\/uploads\/2020\/04\/ekonomi-kovid-19-tedarik-zincirini-kirarken-degisime-hizla-adapte-olmaliyiz-1.jpg\" alt=\"\" width=\"320\" height=\"468\" srcset=\"https:\/\/www.enerjigazetesi.ist\/wp-content\/uploads\/2020\/04\/ekonomi-kovid-19-tedarik-zincirini-kirarken-degisime-hizla-adapte-olmaliyiz-1.jpg 334w, https:\/\/www.enerjigazetesi.ist\/wp-content\/uploads\/2020\/04\/ekonomi-kovid-19-tedarik-zincirini-kirarken-degisime-hizla-adapte-olmaliyiz-1-205x300.jpg 205w, https:\/\/www.enerjigazetesi.ist\/wp-content\/uploads\/2020\/04\/ekonomi-kovid-19-tedarik-zincirini-kirarken-degisime-hizla-adapte-olmaliyiz-1-274x400.jpg 274w, https:\/\/www.enerjigazetesi.ist\/wp-content\/uploads\/2020\/04\/ekonomi-kovid-19-tedarik-zincirini-kirarken-degisime-hizla-adapte-olmaliyiz-1-34x50.jpg 34w\" sizes=\"(max-width: 320px) 100vw, 320px\" \/> <\/strong><\/h1>\n<p><strong>Makineleri yapan makineler<\/strong> olarak tan\u0131mlanan ve <strong>havac\u0131l\u0131k, savunma, otomotiv, beyaz e\u015fya, kal\u0131p\u00e7\u0131l\u0131k<\/strong> gibi ta\u015f\u0131y\u0131c\u0131 sekt\u00f6rlere katk\u0131s\u0131 de\u011fer baz\u0131nda <strong>21 milyar dolar<\/strong> olan<strong> tak\u0131m tezgahlar\u0131 sekt\u00f6r\u00fc<\/strong> k\u00fcresel salg\u0131n <strong>Kovid-19<\/strong>\u2019dan daralma beklentisiyle etkilendi.<\/p>\n<p><strong>Tak\u0131m Tezgahlar\u0131 Sanayici ve \u0130\u015f \u0130nsanlar\u0131 Derne\u011fi (T\u0130AD) Ba\u015fkan\u0131 Fatih Varl\u0131k,<\/strong> otomotiv tedarik sanayisi ba\u015fta olmak \u00fczere havac\u0131l\u0131k ve beyaz e\u015fya gibi kritik sekt\u00f6rlerde ya\u015fanan daralmaya paralel bir daralman\u0131n kendi sekt\u00f6rleri i\u00e7in de s\u00f6z konusu oldu\u011funu kaydetti. <em>\u201c<\/em><em><strong>Tak\u0131m tezgahlar\u0131 sekt\u00f6r\u00fc<\/strong>, her t\u00fcrl\u00fc imalat\u0131n temelidir ve bu sekt\u00f6r\u00fcn durmas\u0131 d\u00fcnyada \u00fcretimin durmas\u0131 anlam\u0131n\u0131 gelir\u201d <\/em>diyen <strong>Varl\u0131k<\/strong>, \u015funlar\u0131 ifade etti<em>: \u201c<strong>Yerli ve milli \u00fcretim<\/strong>e y\u00f6nelik ciddi hedefler koymu\u015f \u00fclkemiz i\u00e7in tak\u0131m tezgahlar\u0131 ve makina sekt\u00f6r\u00fcn\u00fcn, koronavir\u00fcs\u00fcn etkilerine kar\u015f\u0131 ba\u015flat\u0131lan <strong>Ekonomik Koruma Kalkan\u0131<\/strong>na ivedi \u015fekilde dahil edilmesi hayati \u00f6nem ta\u015f\u0131yor.\u201d<\/em><\/p>\n<h2><strong>Tedarik zinciri k\u0131r\u0131ld\u0131, de\u011fi\u015fen d\u00fcnyaya h\u0131zla adapte olunmal\u0131<\/strong><\/h2>\n<p><strong>Salg\u0131n ile m\u00fccadele<\/strong> noktas\u0131nda at\u0131lan her ad\u0131m\u0131, al\u0131nan her karar\u0131 yak\u0131ndan takip ettiklerini ve sekt\u00f6r olarak \u00fczerlerine d\u00fc\u015feni eksiksiz bir \u015fekilde yapman\u0131n gayreti i\u00e7inde olduklar\u0131n\u0131 s\u00f6yleyen <strong>Varl\u0131k, <\/strong><em>\u201c<\/em><em>H\u00fck\u00fcmetin ald\u0131\u011f\u0131 kararla <strong>haciz i\u015flemlerini durdurmas\u0131 ve bankalar\u0131n kredileri geri \u00e7ekmek<\/strong> yerine firmalara sundu\u011fu<strong> yap\u0131land\u0131rma ve ek krediler<\/strong>, olumlu bir yakla\u015f\u0131m\u0131n g\u00f6stergesi. Bu bir d\u00fcnya krizi\u2026 \u00c7in\u2019den ba\u015flay\u0131p Avrupa\u2019ya, sonra K\u0131ta Amerika\u2019s\u0131na ge\u00e7ti ve k\u00fcresel tedarik zincirleri k\u0131r\u0131ld\u0131. Kriz, \u015fapkam\u0131z\u0131 \u00f6n\u00fcm\u00fcze koyup yerli \u00fcretimin ne kadar \u00f6nemli oldu\u011funu, de\u011fi\u015fen d\u00fcnyaya \u00e7ok \u00e7abuk adapte olma zorunlulu\u011fumuzu daha net anlamak i\u00e7in bir f\u0131rsat verdi\u201d <\/em>dedi.<\/p>\n<h2><strong>Uzaktan e\u011fitimle \u00e7al\u0131\u015fan\u0131 yeni d\u00f6neme haz\u0131rlamak gerekir<\/strong><\/h2>\n<p><strong>Kovid-19 salg\u0131n\u0131<\/strong>n\u0131n yaratt\u0131\u011f\u0131 krizin ekonomideki etkisi kar\u015f\u0131s\u0131nda g\u00f6sterilen kimi reflekslere de dikkat \u00e7eken <strong>Varl\u0131k<\/strong>, <em>\u201cBirg\u00fcn bu vir\u00fcs tamamen bitecek. \u00dcretmeye ve ihracata devam edebilmemiz i\u00e7in bug\u00fcn kepenk kapatmak, personel say\u0131s\u0131nda k\u0131s\u0131tlamalara gitmek s\u00f6z konusu olmamal\u0131. Bunun yerine krizi f\u0131rsata \u00e7evirmek, uzaktan e\u011fitimlerle \u00e7al\u0131\u015fanlar\u0131m\u0131z\u0131n niteliklerini art\u0131rmak, \u00fcretim hatlar\u0131m\u0131z\u0131 el verdi\u011fi \u00f6l\u00e7\u00fcde otomatize etmek gerekir. B\u00f6ylece her \u015fey yoluna girdi\u011finde i\u015fimize daha h\u0131zl\u0131 ve daha verimli devam edebiliriz.\u201d<\/em> dedi. \u00a0<strong>Varl\u0131k<\/strong>\u2019\u0131n kriz s\u0131ras\u0131 ve sonras\u0131na dair di\u011fer \u00f6nerileri ise \u015f\u00f6yle: <em>\u201cBu krizden \u00e7\u0131kabilmek i\u00e7in en \u00f6nemli \u00e7\u00f6z\u00fcm yolu birbirimize kar\u015f\u0131 sorumlu oldu\u011fumuzu bilmek ve bilin\u00e7li hareket etmek\u2026 \u00d6zellikle sekt\u00f6r olarak \u00f6nceli\u011fin insan hayat\u0131 oldu\u011funu bilerek yakla\u015fmak ve personeli korumak bilhassa \u00f6nemli\u2026 Sa\u011fl\u0131k, ekonomik ve psikolojik sebeplerle kaybedilen yeti\u015fmi\u015f insan kayna\u011f\u0131 kolay kolay yerine gelmez. Ayr\u0131ca \u00fcretim ve i\u015f yap\u0131\u015f \u015feklinin b\u00f6ylesi durumlar i\u00e7in de kurgulanmas\u0131 gerekmektedir. Bili\u015fim, otomasyon ve internet altyap\u0131s\u0131n\u0131n uzaktan \u00fcretime y\u00f6nelik ne \u00f6l\u00e7\u00fcde \u00f6nemli oldu\u011fu \u015fu g\u00fcnlerde daha net anla\u015f\u0131ld\u0131. Robotlu \u00fcretim hatlar\u0131n\u0131n, uzaktan \u00fcretim takibinin, \u00fcretime y\u00f6nelik bilgi teknolojilerinin ve riskleri en aza indirerek yat\u0131r\u0131m yapman\u0131n \u00f6nemi ortaya \u00e7\u0131kt\u0131. Biliyoruz ki bunlar\u0131n hepsi End\u00fcstri 4.0\u2019la m\u00fcmk\u00fcn olacak. G\u00f6n\u00fcl isterdi ki herkes kap\u0131s\u0131n\u0131 kapat\u0131p evinde otursun ancak birilerinin insan sa\u011fl\u0131\u011f\u0131 i\u00e7in de \u00fcretmesi gerek\u2026\u201d \u00a0<\/em><\/p>\n<h2><strong>\u00a0\u201c\u0130nsan kayna\u011f\u0131n\u0131 sa\u011fl\u0131kl\u0131 bi\u00e7imde korumak \u00f6nceli\u011fimizdir\u201d<\/strong><\/h2>\n<p><strong>Varl\u0131k<\/strong>, sekt\u00f6r olarak<strong> \u2018\u00f6ncelik insan sa\u011fl\u0131\u011f\u0131\u2019<\/strong> vizyonuyla hareket ettiklerini, ekonomik olarak daralan bir \u00e7embere girdiklerini, sekt\u00f6r\u00fcn pandemiden k\u00fcresel tedarik s\u00fcrecinin tamam\u0131n\u0131n etkilenmesi nedeniyle sadece <strong>ekonomik a\u00e7\u0131dan<\/strong> de\u011fil <strong>psikolojik olarak da<\/strong> etkilendi\u011fini kaydetti. \u00a0<strong>Fatih Varl\u0131k,<\/strong> sekt\u00f6r olarak \u00e7al\u0131\u015fmalar\u0131na devam etmesi gereken stratejik sekt\u00f6rlerden biri olduklar\u0131 i\u00e7in i\u015f g\u00f6rme prensiplerinde yapt\u0131klar\u0131 yeni d\u00fczenlemeler hakk\u0131nda da bilgi verdi. <strong>T\u0130AD Ba\u015fkan\u0131 Fatih<\/strong> <strong>Varl\u0131k<\/strong>, \u201c<em>\u0130\u015fveren \u2018personeli koruma y\u00fck\u00fcml\u00fcl\u00fc\u011f\u00fcyle\u2019 hem fabrikas\u0131nda hem de ofislerinde yeni bir olu\u015fuma gitti. Ofis \u00e7al\u0131\u015fanlar\u0131n\u0131 <strong>evden \u00e7al\u0131\u015fma sistemi<\/strong>ne ge\u00e7irirken \u00fcretimde bilfiil bulunmas\u0131 gereken personele <strong>ya\u015f ve sa\u011fl\u0131k durumunu<\/strong> g\u00f6z \u00f6n\u00fcne alacak \u015fekilde g\u00f6rev da\u011f\u0131l\u0131m\u0131 yap\u0131ld\u0131. \u00dcretim, sosyal mesafe ve hijyen kurallar\u0131na g\u00f6re ba\u015ftan kurguland\u0131. Fabrikalara <strong>sat\u0131\u015f sonras\u0131 hizmetler<\/strong> i\u00e7in gitmek zorunda kalan personel i\u00e7in m\u00fc\u015fterilerden \u00f6nlemler talep edildi, hatta talebi kar\u015f\u0131lamayan m\u00fc\u015fteriye gidilmeyece\u011fi beyan edildi. Bunlar yap\u0131ld\u0131 \u00e7\u00fcnk\u00fc <\/em><em>bu <strong>krizden \u00e7\u0131kabilmek i\u00e7in<\/strong> en \u00f6nemli \u00e7<strong>\u00f6z\u00fcm yolunun birbirimize kar\u015f\u0131 sorumluluklar\u0131m\u0131z oldu\u011funu<\/strong>n sekt\u00f6r olarak bilincindeyiz. <strong>Sa\u011fl\u0131k, ekonomik ve psikolojik sebeplerle kaybedilen yeti\u015fmi\u015f insan kayna\u011f\u0131<\/strong> kolay kolay yerine gelmez<\/em>\u201d a\u00e7\u0131klamas\u0131n\u0131 yapt\u0131.<\/p>","protected":false},"excerpt":{"rendered":"<p>Sorry, this entry is only available in Turkish. For the sake of viewer convenience, the content is shown below in the alternative language. You may click the link to switch the active language. Kovid-19 salg\u0131n\u0131n\u0131n ekonomi \u00fczerindeki tahribat\u0131n\u0131 azaltmak i\u00e7in al\u0131nan tedbirlerin \u00f6nemli oldu\u011funu; ancak T\u00fcrkiye\u2019nin h\u0131zla salg\u0131n sonras\u0131na haz\u0131rlanmas\u0131 gerekti\u011fini dile getiren T\u0130AD Ba\u015fkan\u0131 [&hellip;]<\/p>\n","protected":false},"author":1,"featured_media":111482,"comment_status":"open","ping_status":"open","sticky":false,"template":"","format":"standard","meta":[],"categories":[51,53],"tags":[1964,19260,886,69826,52259,69827,69821,19952,69823,68674,69822,2271,26389,69824,69825,39782,846,24309,1802,39935,69828],"views":93,"_links":{"self":[{"href":"https:\/\/www.enerjigazetesi.ist\/en\/wp-json\/wp\/v2\/posts\/111479"}],"collection":[{"href":"https:\/\/www.enerjigazetesi.ist\/en\/wp-json\/wp\/v2\/posts"}],"about":[{"href":"https:\/\/www.enerjigazetesi.ist\/en\/wp-json\/wp\/v2\/types\/post"}],"author":[{"embeddable":true,"href":"https:\/\/www.enerjigazetesi.ist\/en\/wp-json\/wp\/v2\/users\/1"}],"replies":[{"embeddable":true,"href":"https:\/\/www.enerjigazetesi.ist\/en\/wp-json\/wp\/v2\/comments?post=111479"}],"version-history":[{"count":0,"href":"https:\/\/www.enerjigazetesi.ist\/en\/wp-json\/wp\/v2\/posts\/111479\/revisions"}],"wp:featuredmedia":[{"embeddable":true,"href":"https:\/\/www.enerjigazetesi.ist\/en\/wp-json\/wp\/v2\/media\/111482"}],"wp:attachment":[{"href":"https:\/\/www.enerjigazetesi.ist\/en\/wp-json\/wp\/v2\/media?parent=111479"}],"wp:term":[{"taxonomy":"category","embeddable":true,"href":"https:\/\/www.enerjigazetesi.ist\/en\/wp-json\/wp\/v2\/categories?post=111479"},{"taxonomy":"post_tag","embeddable":true,"href":"https:\/\/www.enerjigazetesi.ist\/en\/wp-json\/wp\/v2\/tags?post=111479"}],"curies":[{"name":"wp","href":"https:\/\/api.w.org\/{rel}","templated":true}]}}