{"id":11144,"date":"2013-05-22T09:23:02","date_gmt":"2013-05-22T06:23:02","guid":{"rendered":"https:\/\/www.enerjigazetesi.ist\/?p=11144"},"modified":"2013-05-22T09:23:02","modified_gmt":"2013-05-22T06:23:02","slug":"ab-kaya-gazini-degerlendiriyor","status":"publish","type":"post","link":"https:\/\/www.enerjigazetesi.ist\/en\/ab-kaya-gazini-degerlendiriyor\/","title":{"rendered":"(Turkish) AB Kaya Gaz\u0131n\u0131 De\u011ferlendiriyor"},"content":{"rendered":"<p class=\"qtranxs-available-languages-message qtranxs-available-languages-message-en\">Sorry, this entry is only available in <a href=\"https:\/\/www.enerjigazetesi.ist\/tr\/wp-json\/wp\/v2\/posts\/11144\" class=\"qtranxs-available-language-link qtranxs-available-language-link-tr\" title=\"Turkish\">Turkish<\/a>. For the sake of viewer convenience, the content is shown below in the alternative language. You may click the link to switch the active language.<\/p><p><strong>Alman Die Welt gazetesinin aktard\u0131\u011f\u0131na g\u00f6re Avrupa Komisyonu&#8217;nun enerjiden sorumlu \u00fcyesi G\u00fcnther Oettinger a\u00e7\u0131klamada bulundu.<\/strong><\/p>\n<p>Oettinger, kaya gaz\u0131 \u00e7\u0131karmada kullan\u0131lan hidrolik k\u0131rma y\u00f6ntemi ve \u00e7evre koruma konusunun bu y\u0131l d\u00fczenlenecek AB d\u00fczeyindeki bir toplant\u0131da ele al\u0131naca\u011f\u0131n\u0131 belirterek, i\u00e7me suyu ve yer alt\u0131 sular\u0131n\u0131n s\u00f6z konusu oldu\u011fu b\u00f6lgeleri koruma alt\u0131na alman\u0131n do\u011fru olaca\u011f\u0131n\u0131 s\u00f6yledi.<br \/>\n<a href=\"https:\/\/www.enerjigazetesi.ist\/wp-content\/uploads\/2013\/05\/AB-kaya-gazi-degerlendirmesi.jpg\"><img loading=\"lazy\" class=\"alignright size-medium wp-image-11145\" title=\"AB-kaya-gazi-degerlendirmesi\" src=\"https:\/\/www.enerjigazetesi.ist\/wp-content\/uploads\/2013\/05\/AB-kaya-gazi-degerlendirmesi-300x181.jpg\" alt=\"\" width=\"300\" height=\"181\" srcset=\"https:\/\/www.enerjigazetesi.ist\/wp-content\/uploads\/2013\/05\/AB-kaya-gazi-degerlendirmesi-300x181.jpg 300w, https:\/\/www.enerjigazetesi.ist\/wp-content\/uploads\/2013\/05\/AB-kaya-gazi-degerlendirmesi-80x48.jpg 80w, https:\/\/www.enerjigazetesi.ist\/wp-content\/uploads\/2013\/05\/AB-kaya-gazi-degerlendirmesi.jpg 480w\" sizes=\"(max-width: 300px) 100vw, 300px\" \/><\/a><br \/>\nHidrolik k\u0131rma y\u00f6nteminde kayalar\u0131n aras\u0131nda s\u0131k\u0131\u015fm\u0131\u015f do\u011falgaz\u0131 a\u00e7\u0131\u011fa \u00e7\u0131karmak i\u00e7in y\u00fcksek bas\u0131n\u00e7l\u0131 su, kum ve kimyasal uygulan\u0131yor. Baz\u0131 kesimler, bu y\u00f6ntemin deprem riskini art\u0131rabilece\u011fi ve i\u00e7me suyunu kirletebilece\u011fini savunuyor.<\/p>\n<p>Oettinger, hidrolik k\u0131rma y\u00f6ntemini reddetmek i\u00e7in acele edilmemesi uyar\u0131s\u0131nda bulundu. Komisyon&#8217;un Alman \u00fcyesi, \u00fclke olarak kaya gaz\u0131n\u0131n potansiyelini iyice anlamalar\u0131 ve \u00f6rnek uygulamalar ve testler i\u00e7in gerekli yasal altyap\u0131n\u0131n olu\u015fturulmas\u0131 gerekti\u011fini belirtti.<\/p>\n<p>Oettinger, &#8216;Test sondajlar\u0131na izin verirsek birka\u00e7 y\u0131l i\u00e7inde daha \u00e7ok bilgiye sahip olaca\u011f\u0131z. Maliyetleri de daha iyi bilece\u011fiz. Almanya gibi bir m\u00fchendislik \u00fclkesinde bunu tavsiye edebiliriz&#8217; dedi.<\/p>\n<p>Kaynak: <a href=\"http:\/\/www.energyworld.com.tr\/root.vol?title=ab-kaya-gazini-degerlendiriyor&amp;exec=page&amp;nid=539465\" target=\"_blank\">Energy World<\/a><\/p>","protected":false},"excerpt":{"rendered":"<p>Sorry, this entry is only available in Turkish. For the sake of viewer convenience, the content is shown below in the alternative language. You may click the link to switch the active language.Alman Die Welt gazetesinin aktard\u0131\u011f\u0131na g\u00f6re Avrupa Komisyonu&#8217;nun enerjiden sorumlu \u00fcyesi G\u00fcnther Oettinger a\u00e7\u0131klamada bulundu. Oettinger, kaya gaz\u0131 \u00e7\u0131karmada kullan\u0131lan hidrolik k\u0131rma y\u00f6ntemi [&hellip;]<\/p>\n","protected":false},"author":1,"featured_media":11145,"comment_status":"open","ping_status":"open","sticky":false,"template":"","format":"standard","meta":[],"categories":[46,53],"tags":[1192,92,226,63,67,165,5457,5458,168],"views":532,"_links":{"self":[{"href":"https:\/\/www.enerjigazetesi.ist\/en\/wp-json\/wp\/v2\/posts\/11144"}],"collection":[{"href":"https:\/\/www.enerjigazetesi.ist\/en\/wp-json\/wp\/v2\/posts"}],"about":[{"href":"https:\/\/www.enerjigazetesi.ist\/en\/wp-json\/wp\/v2\/types\/post"}],"author":[{"embeddable":true,"href":"https:\/\/www.enerjigazetesi.ist\/en\/wp-json\/wp\/v2\/users\/1"}],"replies":[{"embeddable":true,"href":"https:\/\/www.enerjigazetesi.ist\/en\/wp-json\/wp\/v2\/comments?post=11144"}],"version-history":[{"count":1,"href":"https:\/\/www.enerjigazetesi.ist\/en\/wp-json\/wp\/v2\/posts\/11144\/revisions"}],"predecessor-version":[{"id":11146,"href":"https:\/\/www.enerjigazetesi.ist\/en\/wp-json\/wp\/v2\/posts\/11144\/revisions\/11146"}],"wp:featuredmedia":[{"embeddable":true,"href":"https:\/\/www.enerjigazetesi.ist\/en\/wp-json\/wp\/v2\/media\/11145"}],"wp:attachment":[{"href":"https:\/\/www.enerjigazetesi.ist\/en\/wp-json\/wp\/v2\/media?parent=11144"}],"wp:term":[{"taxonomy":"category","embeddable":true,"href":"https:\/\/www.enerjigazetesi.ist\/en\/wp-json\/wp\/v2\/categories?post=11144"},{"taxonomy":"post_tag","embeddable":true,"href":"https:\/\/www.enerjigazetesi.ist\/en\/wp-json\/wp\/v2\/tags?post=11144"}],"curies":[{"name":"wp","href":"https:\/\/api.w.org\/{rel}","templated":true}]}}