{"id":11137,"date":"2013-05-22T09:02:57","date_gmt":"2013-05-22T06:02:57","guid":{"rendered":"https:\/\/www.enerjigazetesi.ist\/?p=11137"},"modified":"2013-05-22T09:02:57","modified_gmt":"2013-05-22T06:02:57","slug":"gural-diyarbakirda-enerji-isine-girecek","status":"publish","type":"post","link":"https:\/\/www.enerjigazetesi.ist\/en\/gural-diyarbakirda-enerji-isine-girecek\/","title":{"rendered":"(Turkish) G\u00fcral, Diyarbak\u0131r`da Enerji \u0130\u015fine Girecek&#8230;"},"content":{"rendered":"<p class=\"qtranxs-available-languages-message qtranxs-available-languages-message-en\">Sorry, this entry is only available in <a href=\"https:\/\/www.enerjigazetesi.ist\/tr\/wp-json\/wp\/v2\/posts\/11137\" class=\"qtranxs-available-language-link qtranxs-available-language-link-tr\" title=\"Turkish\">Turkish<\/a>. For the sake of viewer convenience, the content is shown below in the alternative language. You may click the link to switch the active language.<\/p><p><strong>G\u00fcral Porselen, \u00e7\u00f6z\u00fcm s\u00fcreciyle birlikte enerji yat\u0131r\u0131mlar\u0131 i\u00e7in g\u00f6z\u00fcn\u00fc do\u011fuya dikti.<\/strong><\/p>\n<p>\u0130\u015f d\u00fcnyas\u0131n\u0131n \u00f6nde gelen kad\u0131n liderleri, Diyarbak\u0131r`a \u00e7\u0131karma yapt\u0131. &#8220;\u0130\u015f Kad\u0131nlar\u0131 \u00c7\u00f6z\u00fcm \u0130\u00e7in Diyarbak<a href=\"https:\/\/www.enerjigazetesi.ist\/wp-content\/uploads\/2013\/05\/Sevim-gural-porselen-HI-797321.jpg\"><img loading=\"lazy\" class=\"alignright size-medium wp-image-11138\" title=\"Sevim-gural-porselen-enerji-sektoru-diyarbakir-yatirim\" src=\"https:\/\/www.enerjigazetesi.ist\/wp-content\/uploads\/2013\/05\/Sevim-gural-porselen-HI-797321-300x200.jpg\" alt=\"\" width=\"300\" height=\"200\" srcset=\"https:\/\/www.enerjigazetesi.ist\/wp-content\/uploads\/2013\/05\/Sevim-gural-porselen-HI-797321-300x200.jpg 300w, https:\/\/www.enerjigazetesi.ist\/wp-content\/uploads\/2013\/05\/Sevim-gural-porselen-HI-797321-500x333.jpg 500w, https:\/\/www.enerjigazetesi.ist\/wp-content\/uploads\/2013\/05\/Sevim-gural-porselen-HI-797321-74x50.jpg 74w, https:\/\/www.enerjigazetesi.ist\/wp-content\/uploads\/2013\/05\/Sevim-gural-porselen-HI-797321.jpg 640w\" sizes=\"(max-width: 300px) 100vw, 300px\" \/><\/a>\u0131r`da&#8221; ba\u015fl\u0131kl\u0131 toplant\u0131da, b\u00f6lgedeki yat\u0131r\u0131m f\u0131rsatlar\u0131 de\u011ferlendirildi. Kad\u0131n Kollar\u0131 Ba\u015fkan\u0131 G\u00fcldal Ak\u015fit, T\u00dcS\u0130AD Eski Ba\u015fkan\u0131 \u00dcmit Boyner, Limak Holding Y\u00f6netim Kurulu \u00dcyesi Ebru \u00d6zdemir, Akfen Holding Y\u00f6netim Kurulu \u00dcyesi Pelin Ak\u0131n ve G\u00fcral \u015eirketler Grubu Y\u00f6netim Kurulu Ba\u015fkan\u0131 Sevim G\u00fcral\u2019\u0131n da aralar\u0131nda bulundu\u011fu ekip, \u2018\u00e7\u00f6z\u00fcm s\u00fcreci\u2019ne paralel olarak, 6. b\u00f6lgeye d\u00f6n\u00fck yat\u0131r\u0131m f\u0131rsatlar\u0131n\u0131 yerinde g\u00f6zden ge\u00e7irdi.<\/p>\n<p>T\u00fcrkiye`nin tan\u0131nm\u0131\u015f ve ba\u015far\u0131l\u0131 i\u015f kad\u0131nlar\u0131ndan G\u00fcral \u015eirketler Grubu Y\u00f6netim Kurulu Ba\u015fkan\u0131 Sevim G\u00fcral, yapt\u0131\u011f\u0131 de\u011ferlendirmede, Do\u011fu\u2019da yat\u0131r\u0131m yapman\u0131n yak\u0131n zamana kadar i\u015f d\u00fcnyas\u0131 i\u00e7in bir hayal oldu\u011funu s\u00f6yledi. G\u00fcral, &#8220;Burada yat\u0131r\u0131m planlar\u0131 kurmak bizim i\u00e7in hayaldi. G\u00f6n\u00fclden isterim ki bizim de buralarda yat\u0131r\u0131mlar\u0131m\u0131z olsun. \u0130n\u015fallah bu hayaller bizim ger\u00e7e\u011fimiz olsun. Benim de burada enerji konusunda ciddi bir ara\u015ft\u0131rmam olacak&#8221; dedi.<\/p>\n<p>Kaynak: <a href=\"http:\/\/enerjigunlugu.net\/gural-diyarbakirda-enerji-isine-girecek_3640.html\" target=\"_blank\">Enerji G\u00fcnl\u00fc\u011f\u00fc<\/a><\/p>","protected":false},"excerpt":{"rendered":"<p>Sorry, this entry is only available in Turkish. For the sake of viewer convenience, the content is shown below in the alternative language. You may click the link to switch the active language.G\u00fcral Porselen, \u00e7\u00f6z\u00fcm s\u00fcreciyle birlikte enerji yat\u0131r\u0131mlar\u0131 i\u00e7in g\u00f6z\u00fcn\u00fc do\u011fuya dikti. \u0130\u015f d\u00fcnyas\u0131n\u0131n \u00f6nde gelen kad\u0131n liderleri, Diyarbak\u0131r`a \u00e7\u0131karma yapt\u0131. &#8220;\u0130\u015f Kad\u0131nlar\u0131 \u00c7\u00f6z\u00fcm [&hellip;]<\/p>\n","protected":false},"author":1,"featured_media":11138,"comment_status":"open","ping_status":"open","sticky":false,"template":"","format":"standard","meta":[],"categories":[51,53],"tags":[671,63,67,165,117,532,5450,5452,5451,5453],"views":1818,"_links":{"self":[{"href":"https:\/\/www.enerjigazetesi.ist\/en\/wp-json\/wp\/v2\/posts\/11137"}],"collection":[{"href":"https:\/\/www.enerjigazetesi.ist\/en\/wp-json\/wp\/v2\/posts"}],"about":[{"href":"https:\/\/www.enerjigazetesi.ist\/en\/wp-json\/wp\/v2\/types\/post"}],"author":[{"embeddable":true,"href":"https:\/\/www.enerjigazetesi.ist\/en\/wp-json\/wp\/v2\/users\/1"}],"replies":[{"embeddable":true,"href":"https:\/\/www.enerjigazetesi.ist\/en\/wp-json\/wp\/v2\/comments?post=11137"}],"version-history":[{"count":1,"href":"https:\/\/www.enerjigazetesi.ist\/en\/wp-json\/wp\/v2\/posts\/11137\/revisions"}],"predecessor-version":[{"id":11139,"href":"https:\/\/www.enerjigazetesi.ist\/en\/wp-json\/wp\/v2\/posts\/11137\/revisions\/11139"}],"wp:featuredmedia":[{"embeddable":true,"href":"https:\/\/www.enerjigazetesi.ist\/en\/wp-json\/wp\/v2\/media\/11138"}],"wp:attachment":[{"href":"https:\/\/www.enerjigazetesi.ist\/en\/wp-json\/wp\/v2\/media?parent=11137"}],"wp:term":[{"taxonomy":"category","embeddable":true,"href":"https:\/\/www.enerjigazetesi.ist\/en\/wp-json\/wp\/v2\/categories?post=11137"},{"taxonomy":"post_tag","embeddable":true,"href":"https:\/\/www.enerjigazetesi.ist\/en\/wp-json\/wp\/v2\/tags?post=11137"}],"curies":[{"name":"wp","href":"https:\/\/api.w.org\/{rel}","templated":true}]}}