{"id":111186,"date":"2020-04-02T15:02:45","date_gmt":"2020-04-02T12:02:45","guid":{"rendered":"https:\/\/www.enerjigazetesi.ist\/?p=111186"},"modified":"2020-04-02T15:04:02","modified_gmt":"2020-04-02T12:04:02","slug":"escevderden-yerlere-maske-ve-eldiven-atan-halka-uyari","status":"publish","type":"post","link":"https:\/\/www.enerjigazetesi.ist\/en\/escevderden-yerlere-maske-ve-eldiven-atan-halka-uyari\/","title":{"rendered":"(Turkish) &#8217;ES\u00c7EVDER&#8217;den Yerlere Maske ve Eldiven Atan Halka Uyar\u0131!"},"content":{"rendered":"<p class=\"qtranxs-available-languages-message qtranxs-available-languages-message-en\">Sorry, this entry is only available in <a href=\"https:\/\/www.enerjigazetesi.ist\/tr\/wp-json\/wp\/v2\/posts\/111186\" class=\"qtranxs-available-language-link qtranxs-available-language-link-tr\" title=\"Turkish\">Turkish<\/a>. For the sake of viewer convenience, the content is shown below in the alternative language. You may click the link to switch the active language.<\/p><p><\/p>\n<h1>Korona vir\u00fcs\u00fc nedeniyle ki\u015fisel koruyucu ekipman olarak kullan\u0131lan enfeksiyon ta\u015f\u0131ma riski olan maske ve eldivenler bilin\u00e7sizce etrafa\/\u00e7\u00f6pe at\u0131lmas\u0131 tehlike arz etmektedir. Yerlere at\u0131lan bu maske ve eldivenleri toplayan temizlik emek\u00e7ileri ile \u00e7\u00f6plerden ge\u00e7imini sa\u011flamaya \u00e7al\u0131\u015fan sokak toplay\u0131c\u0131lar\u0131 da bu tehlikeden etkilenecek riskli grup i\u00e7indedirler.<\/h1>\n<p>Enfeksiyon ta\u015f\u0131ma riski olan <strong>maske ve eldivenler<\/strong> bu s\u00fcre\u00e7te <strong>g\u00fcvenli toplanmas\u0131<\/strong> ve <strong>g\u00fcvenli \u015fekilde yok edilmesi<\/strong> konusunda hassasiyet g\u00f6stermemiz gerekmektedir.\u00a0 Ki\u015filerin soka\u011fa \u00e7\u0131karken kulland\u0131\u011f\u0131 <strong>maske, eldiven<\/strong> gibi tek kullan\u0131ml\u0131k ekipmanlar\u0131 geli\u015fi <strong>g\u00fczel atmamas\u0131, evsel at\u0131klar<\/strong> ile <img loading=\"lazy\" class=\"alignright wp-image-111188\" src=\"https:\/\/www.enerjigazetesi.ist\/wp-content\/uploads\/2020\/04\/escevderden-yerlere-maske-ve-eldiven-atan-halka-uyari-2.jpg\" alt=\"\" width=\"320\" height=\"240\" srcset=\"https:\/\/www.enerjigazetesi.ist\/wp-content\/uploads\/2020\/04\/escevderden-yerlere-maske-ve-eldiven-atan-halka-uyari-2.jpg 651w, https:\/\/www.enerjigazetesi.ist\/wp-content\/uploads\/2020\/04\/escevderden-yerlere-maske-ve-eldiven-atan-halka-uyari-2-300x225.jpg 300w, https:\/\/www.enerjigazetesi.ist\/wp-content\/uploads\/2020\/04\/escevderden-yerlere-maske-ve-eldiven-atan-halka-uyari-2-500x375.jpg 500w, https:\/\/www.enerjigazetesi.ist\/wp-content\/uploads\/2020\/04\/escevderden-yerlere-maske-ve-eldiven-atan-halka-uyari-2-67x50.jpg 67w\" sizes=\"(max-width: 320px) 100vw, 320px\" \/>\u00e7\u00f6pe at\u0131lmamas\u0131 \u00f6nem arz etmektedir. Bu maske ve eldivenlerin <strong>dezenfekte edilerek \u00e7\u00f6pe at\u0131lmas\u0131<\/strong> vir\u00fcs\u00fcn yay\u0131lmamas\u0131 i\u00e7in uygun olacakt\u0131r. Bu konuda <strong>Eski\u015fehir \u00c7evre Koruma ve Geli\u015ftirme Derne\u011fi ( ES\u00c7EVDER )<\/strong> olarak duyarl\u0131 halk\u0131m\u0131z\u0131 \u00a0uyarmay\u0131 ve \u00e7evreyi korumaya\/kirletmemeye\u00a0 davet ediyoruz.<\/p>\n<p>Hastanelerimizde <strong>vir\u00fcs\/mikrop bula\u015fm\u0131\u015f yurtta\u015flar<\/strong>\u0131m\u0131z\u0131n tedavisi, ila\u00e7 ve a\u015f\u0131 ve tedavi geli\u015ftirme \u00e7al\u0131\u015fmalar\u0131 s\u0131ras\u0131nda ortaya \u00e7\u0131kan at\u0131klar\u0131n; do\u011fru ko\u015fullarda ta\u015f\u0131nmas\u0131 ve g\u00fcvenli \u015fekilde yok edilmesi, vir\u00fcs\u00fcn yay\u0131lmas\u0131n\u0131n yava\u015flamas\u0131 a\u00e7\u0131s\u0131ndan \u00f6nemli rol oynamaktad\u0131r.<\/p>\n<p><span style=\"text-decoration: underline;\">Hastanelerde; <\/span><strong>Korona\u00a0 Covid -19 vir\u00fcs\u00fc<\/strong> bula\u015fm\u0131\u015f ki\u015filerin kulland\u0131\u011f\u0131 ve bula\u015f\u0131c\u0131 maddeleri i\u00e7eren veya i\u00e7erme ihtimali olan <strong>t\u00fcm evsel<\/strong> ve <strong>klinik at\u0131klar<\/strong>; T\u0131bbi At\u0131k olarak alg\u0131lanmal\u0131 ve t\u0131bbi at\u0131k prosed\u00fcr\u00fcne uygun toplama, ta\u015f\u0131nma ve yok edilmesi yap\u0131lmal\u0131d\u0131r.<\/p>\n<p>T\u00fcm t\u0131bbi at\u0131klar <strong>\u00c7evre ve \u015eehircilik Bakanl\u0131\u011f\u0131<\/strong> taraf\u0131ndan yetkilendirilmi\u015f <strong>kurulu\u015f ve \u00f6zel ara\u00e7lar<\/strong> \u00a0taraf\u0131ndan<strong> bertaraf tesisleri<\/strong>ne g\u00f6t\u00fcr\u00fclmesi gerekmektedir.<\/p>\n<p>T\u0131bbi at\u0131klar\u0131n toplanmas\u0131 ta\u015f\u0131nmas\u0131 s\u00fcrecinde \u00e7al\u0131\u015fan <strong>t\u00fcm personelin ki\u015fisel koruyucu ekipmanlar\u0131<\/strong>n\u0131 kullanmalar\u0131 \u015fu g\u00fcnlerde \u00f6nem arz etmektedir. Bu i\u015flerde \u00e7al\u0131\u015fan ki\u015filerin de <strong>ki\u015fisel koruyucu ekipmanlar\u0131<\/strong> da daha s\u0131k de\u011fi\u015ftirilmelidir.<\/p>\n<p>At\u0131klar\u0131n kontrols\u00fcz toplanmas\u0131, evsel at\u0131klarla kar\u0131\u015ft\u0131r\u0131lmas\u0131 ya da uygun bertaraf tesisine g\u00f6nderilmemesi gibi uygunsuzluklar\u0131n ya\u015fanmas\u0131 ihtimaline kar\u015f\u0131l\u0131k denetimin daha ciddi yap\u0131lmas\u0131 gerekti\u011fini <strong>Eski\u015fehir \u00c7evre Koruma ve Geli\u015ftirme Derne\u011fi ( ES\u00c7EVDER )<\/strong> olarak uyar\u0131yoruz.<\/p>","protected":false},"excerpt":{"rendered":"<p>Sorry, this entry is only available in Turkish. For the sake of viewer convenience, the content is shown below in the alternative language. You may click the link to switch the active language. Korona vir\u00fcs\u00fc nedeniyle ki\u015fisel koruyucu ekipman olarak kullan\u0131lan enfeksiyon ta\u015f\u0131ma riski olan maske ve eldivenler bilin\u00e7sizce etrafa\/\u00e7\u00f6pe at\u0131lmas\u0131 tehlike arz etmektedir. Yerlere [&hellip;]<\/p>\n","protected":false},"author":1,"featured_media":111189,"comment_status":"open","ping_status":"open","sticky":false,"template":"","format":"standard","meta":[],"categories":[51,53],"tags":[40039,52259,69585,69587,68646,69586],"views":143,"_links":{"self":[{"href":"https:\/\/www.enerjigazetesi.ist\/en\/wp-json\/wp\/v2\/posts\/111186"}],"collection":[{"href":"https:\/\/www.enerjigazetesi.ist\/en\/wp-json\/wp\/v2\/posts"}],"about":[{"href":"https:\/\/www.enerjigazetesi.ist\/en\/wp-json\/wp\/v2\/types\/post"}],"author":[{"embeddable":true,"href":"https:\/\/www.enerjigazetesi.ist\/en\/wp-json\/wp\/v2\/users\/1"}],"replies":[{"embeddable":true,"href":"https:\/\/www.enerjigazetesi.ist\/en\/wp-json\/wp\/v2\/comments?post=111186"}],"version-history":[{"count":0,"href":"https:\/\/www.enerjigazetesi.ist\/en\/wp-json\/wp\/v2\/posts\/111186\/revisions"}],"wp:featuredmedia":[{"embeddable":true,"href":"https:\/\/www.enerjigazetesi.ist\/en\/wp-json\/wp\/v2\/media\/111189"}],"wp:attachment":[{"href":"https:\/\/www.enerjigazetesi.ist\/en\/wp-json\/wp\/v2\/media?parent=111186"}],"wp:term":[{"taxonomy":"category","embeddable":true,"href":"https:\/\/www.enerjigazetesi.ist\/en\/wp-json\/wp\/v2\/categories?post=111186"},{"taxonomy":"post_tag","embeddable":true,"href":"https:\/\/www.enerjigazetesi.ist\/en\/wp-json\/wp\/v2\/tags?post=111186"}],"curies":[{"name":"wp","href":"https:\/\/api.w.org\/{rel}","templated":true}]}}