{"id":111042,"date":"2020-03-31T10:19:57","date_gmt":"2020-03-31T07:19:57","guid":{"rendered":"https:\/\/www.enerjigazetesi.ist\/?p=111042"},"modified":"2020-03-31T10:20:12","modified_gmt":"2020-03-31T07:20:12","slug":"ekonomiye-yonelik-torba-teklif-tbmm-genel-kurulundan-gecti","status":"publish","type":"post","link":"https:\/\/www.enerjigazetesi.ist\/en\/ekonomiye-yonelik-torba-teklif-tbmm-genel-kurulundan-gecti\/","title":{"rendered":"(Turkish) Ekonomiye Y\u00f6nelik &#8216;Torba Teklif&#8217; TBMM Genel Kurulundan Ge\u00e7ti"},"content":{"rendered":"<p class=\"qtranxs-available-languages-message qtranxs-available-languages-message-en\">Sorry, this entry is only available in <a href=\"https:\/\/www.enerjigazetesi.ist\/tr\/wp-json\/wp\/v2\/posts\/111042\" class=\"qtranxs-available-language-link qtranxs-available-language-link-tr\" title=\"Turkish\">Turkish<\/a>. For the sake of viewer convenience, the content is shown below in the alternative language. You may click the link to switch the active language.<\/p><p><\/p>\n<h1><strong>Ekonomiye ili\u015fkin d\u00fczenlemelerin yer ald\u0131\u011f\u0131 Baz\u0131 Kanunlarda De\u011fi\u015fiklik Yap\u0131lmas\u0131na Y\u00f6nelik ilgili Kanun Teklifi, TBMM Genel Kurulunda kabul edildi.<\/strong><\/h1>\n<p>Yenilenebilir enerji i\u00e7in yap\u0131lan <span style=\"text-decoration: underline;\">d\u00fczenlemeler ise \u015fu \u015fekildedir:<\/span><\/p>\n<p><strong>Enerji ve Tabii Kaynaklar Bakanl\u0131\u011f\u0131<\/strong>, yenilenebilir enerji kaynaklar\u0131n\u0131n <strong>etkin ve verimli kullan\u0131lmas\u0131<\/strong>, bu alanlar\u0131n ve <strong>ba\u011flant\u0131 kapasiteleri<\/strong>nin <strong>yat\u0131r\u0131mc\u0131lara tahsisiyle<\/strong> yat\u0131r\u0131mlar\u0131n h\u0131zl\u0131 bir \u015fekilde ger\u00e7ekle\u015ftirilmesi amac\u0131yla <strong>Kamu<\/strong> ve <strong>Hazine ta\u015f\u0131nmazlar\u0131<\/strong> ile \u00f6zel m\u00fclkiyete konu <img loading=\"lazy\" class=\"alignright wp-image-111044\" src=\"https:\/\/www.enerjigazetesi.ist\/wp-content\/uploads\/2020\/03\/ekonomiye-yonelik-torba-teklif-tbmm-genel-kurulundan-gecti.jpg\" alt=\"\" width=\"320\" height=\"187\" srcset=\"https:\/\/www.enerjigazetesi.ist\/wp-content\/uploads\/2020\/03\/ekonomiye-yonelik-torba-teklif-tbmm-genel-kurulundan-gecti.jpg 776w, https:\/\/www.enerjigazetesi.ist\/wp-content\/uploads\/2020\/03\/ekonomiye-yonelik-torba-teklif-tbmm-genel-kurulundan-gecti-300x175.jpg 300w, https:\/\/www.enerjigazetesi.ist\/wp-content\/uploads\/2020\/03\/ekonomiye-yonelik-torba-teklif-tbmm-genel-kurulundan-gecti-768x448.jpg 768w, https:\/\/www.enerjigazetesi.ist\/wp-content\/uploads\/2020\/03\/ekonomiye-yonelik-torba-teklif-tbmm-genel-kurulundan-gecti-500x292.jpg 500w, https:\/\/www.enerjigazetesi.ist\/wp-content\/uploads\/2020\/03\/ekonomiye-yonelik-torba-teklif-tbmm-genel-kurulundan-gecti-80x47.jpg 80w\" sizes=\"(max-width: 320px) 100vw, 320px\" \/>ta\u015f\u0131nmazlarda, <strong>kurum ve kurulu\u015flar\u0131n g\u00f6r\u00fc\u015f\u00fc al\u0131narak<\/strong>, yer se\u00e7imi yapmak suretiyle yenilenebilir enerji kaynak alanlar\u0131 meydana getirilecek.<\/p>\n<p>Bu husus, <strong>tapu k\u00fct\u00fc\u011f\u00fcne \u015ferh<\/strong> edilecek. \u015eerh tarihinden itibaren <strong>3 y\u0131l<\/strong> i\u00e7inde Kamula\u015ft\u0131rma Kanunu\u2019ndaki ilgili h\u00fckme g\u00f6re kamula\u015ft\u0131rma bedelinin tespitiyle, &#8216;<strong>Hazine ad\u0131na tescili iste\u011fi<\/strong>&#8216;nde bulunuldu\u011funa dair <strong>mahkemeden al\u0131nacak<\/strong> belge <strong>tapu idaresine ibraz edilmedi\u011fi<\/strong> takdirde, bu \u015ferh <strong>tapu idaresi<\/strong>nce resen <strong>sicilden silinecek<\/strong>.<\/p>\n<p><strong>Yenilenebilir enerji kaynak alanlar\u0131<\/strong>n\u0131n <strong>kullan\u0131m\u0131<\/strong>n\u0131 ve <strong>verimlili\u011fi<\/strong>ni etkileyici <strong>imar planlar\u0131<\/strong> d\u00fczenlenemeyecek. Belirlenen <strong>yenilenebilir enerji kaynak alanlar\u0131<\/strong>, <strong>imar planlar\u0131<\/strong>na resen i\u015flenmek \u00fczere E<strong>nerji ve Tabii Kaynaklar Bakanl\u0131\u011f\u0131&#8217;<\/strong>nca ilgili mercilere bildirilecek.<\/p>\n<p><strong>Elektrik enerjisi \u00fcretimi<\/strong>ne y\u00f6nelik <strong>yenilenebilir enerji kaynak alanlar\u0131<\/strong>n\u0131n ilgili kurum ve kurulu\u015flar\u0131n g\u00f6r\u00fc\u015f\u00fc al\u0131narak belirlenmesi, derecelendirilmesi, korunmas\u0131, kullan\u0131lmas\u0131, bu alanlar\u0131 kullanacak t\u00fczel ki\u015filerde aranacak ko\u015fullar\u0131n belirlenmesi, <strong>TE\u0130A\u015e<\/strong> veya ilgili <strong>da\u011f\u0131t\u0131m \u015firketi<\/strong> taraf\u0131ndan <strong>ba\u011flant\u0131 ve sistem kullan\u0131m\u0131<\/strong> hakk\u0131nda <strong>g\u00f6r\u00fc\u015f verilmesi<\/strong> ve <strong>kapasite tahsisi yap\u0131lmas\u0131<\/strong>, Bakanl\u0131k\u00e7a \u00e7\u0131kar\u0131lan y\u00f6netmelikle d\u00fczenlenecek.<\/p>\n<h2><strong>Acele Kamula\u015ft\u0131rma Yap\u0131labilecek<\/strong><\/h2>\n<p><strong>\u00d6zel m\u00fclkiyet<\/strong>e konu ta\u015f\u0131nmazlar\u0131n, <strong>yenilenebilir enerji kaynak alan\u0131<\/strong> olarak belirlenmesi halinde, bu alanlar \u00fczerinde <strong>acele kamula\u015ft\u0131rma<\/strong> yap\u0131labilecek.<\/p>\n<p><strong>Yenilenebilir enerji kaynaklar\u0131<\/strong>na dayal\u0131 <strong>elektrik \u00fcretiminin desteklenmesi<\/strong> amac\u0131yla uygulanan tarifeler ile <strong>YEK Destekleme Mekanizmas\u0131<\/strong> kapsam\u0131ndaki di\u011fer gelirlerin de\u011ferlendirilmesine <strong>ili\u015fkin usul<\/strong> ve esaslar <strong>EPDK<\/strong> taraf\u0131ndan \u00e7\u0131kar\u0131lan <strong>y\u00f6netmelikle<\/strong> d\u00fczenlenecek.<\/p>","protected":false},"excerpt":{"rendered":"<p>Sorry, this entry is only available in Turkish. For the sake of viewer convenience, the content is shown below in the alternative language. You may click the link to switch the active language. Ekonomiye ili\u015fkin d\u00fczenlemelerin yer ald\u0131\u011f\u0131 Baz\u0131 Kanunlarda De\u011fi\u015fiklik Yap\u0131lmas\u0131na Y\u00f6nelik ilgili Kanun Teklifi, TBMM Genel Kurulunda kabul edildi. Yenilenebilir enerji i\u00e7in yap\u0131lan [&hellip;]<\/p>\n","protected":false},"author":1,"featured_media":111044,"comment_status":"open","ping_status":"open","sticky":false,"template":"","format":"standard","meta":[],"categories":[51,53,49],"tags":[4917,5070,52674,69466,52259,1972,750,1635,53157,67836,67834,54979,54152,31711,508,2705],"views":273,"_links":{"self":[{"href":"https:\/\/www.enerjigazetesi.ist\/en\/wp-json\/wp\/v2\/posts\/111042"}],"collection":[{"href":"https:\/\/www.enerjigazetesi.ist\/en\/wp-json\/wp\/v2\/posts"}],"about":[{"href":"https:\/\/www.enerjigazetesi.ist\/en\/wp-json\/wp\/v2\/types\/post"}],"author":[{"embeddable":true,"href":"https:\/\/www.enerjigazetesi.ist\/en\/wp-json\/wp\/v2\/users\/1"}],"replies":[{"embeddable":true,"href":"https:\/\/www.enerjigazetesi.ist\/en\/wp-json\/wp\/v2\/comments?post=111042"}],"version-history":[{"count":0,"href":"https:\/\/www.enerjigazetesi.ist\/en\/wp-json\/wp\/v2\/posts\/111042\/revisions"}],"wp:featuredmedia":[{"embeddable":true,"href":"https:\/\/www.enerjigazetesi.ist\/en\/wp-json\/wp\/v2\/media\/111044"}],"wp:attachment":[{"href":"https:\/\/www.enerjigazetesi.ist\/en\/wp-json\/wp\/v2\/media?parent=111042"}],"wp:term":[{"taxonomy":"category","embeddable":true,"href":"https:\/\/www.enerjigazetesi.ist\/en\/wp-json\/wp\/v2\/categories?post=111042"},{"taxonomy":"post_tag","embeddable":true,"href":"https:\/\/www.enerjigazetesi.ist\/en\/wp-json\/wp\/v2\/tags?post=111042"}],"curies":[{"name":"wp","href":"https:\/\/api.w.org\/{rel}","templated":true}]}}