{"id":111005,"date":"2020-03-30T15:19:09","date_gmt":"2020-03-30T12:19:09","guid":{"rendered":"https:\/\/www.enerjigazetesi.ist\/?p=111005"},"modified":"2020-03-30T15:20:59","modified_gmt":"2020-03-30T12:20:59","slug":"aydem-ve-gediz-30-nisan-sonuna-kadar-evlerin-elektrigini-kesmeyecek","status":"publish","type":"post","link":"https:\/\/www.enerjigazetesi.ist\/en\/aydem-ve-gediz-30-nisan-sonuna-kadar-evlerin-elektrigini-kesmeyecek\/","title":{"rendered":"(Turkish) &#8217;Aydem ve Gediz&#8217; 30 Nisan Sonuna Kadar Evlerin Elektri\u011fini Kesmeyecek"},"content":{"rendered":"<p class=\"qtranxs-available-languages-message qtranxs-available-languages-message-en\">Sorry, this entry is only available in <a href=\"https:\/\/www.enerjigazetesi.ist\/tr\/wp-json\/wp\/v2\/posts\/111005\" class=\"qtranxs-available-language-link qtranxs-available-language-link-tr\" title=\"Turkish\">Turkish<\/a>. For the sake of viewer convenience, the content is shown below in the alternative language. You may click the link to switch the active language.<\/p><p><\/p>\n<h1>Aydem ve Gediz Elektrik, koronavir\u00fcs salg\u0131n\u0131 y\u00fcz\u00fcnden ma\u011fduriyetleri \u00f6nlemek amac\u0131yla 30 Nisan tarihine kadar bor\u00e7lar\u0131na\u00a0 istinaden evlerin elektri\u011fini kesmeme karar\u0131 ald\u0131.<\/h1>\n<p><strong>Ege B\u00f6lgesi\u2019<\/strong>nde <strong>Aydem<\/strong> ile <strong>Ayd\u0131n, Denizli, Mu\u011fla<\/strong>\u2019da, <strong>Gediz Elektrik<\/strong> ile <strong>\u0130zmir <\/strong>ve<strong> Manisa<\/strong>\u2019da <img loading=\"lazy\" class=\"alignright wp-image-111007\" src=\"https:\/\/www.enerjigazetesi.ist\/wp-content\/uploads\/2020\/03\/aydem-ve-gediz-30-nisan-sonuna-kadar-evlerin-elektrigini-kesmeyecek.jpg\" alt=\"\" width=\"320\" height=\"202\" srcset=\"https:\/\/www.enerjigazetesi.ist\/wp-content\/uploads\/2020\/03\/aydem-ve-gediz-30-nisan-sonuna-kadar-evlerin-elektrigini-kesmeyecek.jpg 1068w, https:\/\/www.enerjigazetesi.ist\/wp-content\/uploads\/2020\/03\/aydem-ve-gediz-30-nisan-sonuna-kadar-evlerin-elektrigini-kesmeyecek-300x190.jpg 300w, https:\/\/www.enerjigazetesi.ist\/wp-content\/uploads\/2020\/03\/aydem-ve-gediz-30-nisan-sonuna-kadar-evlerin-elektrigini-kesmeyecek-768x485.jpg 768w, https:\/\/www.enerjigazetesi.ist\/wp-content\/uploads\/2020\/03\/aydem-ve-gediz-30-nisan-sonuna-kadar-evlerin-elektrigini-kesmeyecek-1024x647.jpg 1024w, https:\/\/www.enerjigazetesi.ist\/wp-content\/uploads\/2020\/03\/aydem-ve-gediz-30-nisan-sonuna-kadar-evlerin-elektrigini-kesmeyecek-500x316.jpg 500w, https:\/\/www.enerjigazetesi.ist\/wp-content\/uploads\/2020\/03\/aydem-ve-gediz-30-nisan-sonuna-kadar-evlerin-elektrigini-kesmeyecek-80x50.jpg 80w\" sizes=\"(max-width: 320px) 100vw, 320px\" \/>hizmet veren <strong>Aydem Enerji<\/strong>, bu karar\u0131yla Cumhurba\u015fkan\u0131 Recep Tayyip Erdo\u011fan\u2019\u0131n <strong>\u201cEnerji kesintisi yap\u0131lmamas\u0131\u2019\u2019<\/strong> y\u00f6n\u00fcndeki \u00e7a\u011fr\u0131s\u0131na da olumlu kar\u015f\u0131l\u0131k vermi\u015f oldu.<\/p>\n<p><strong>Aydem ve Gediz Elektrik<\/strong> \u015firketlerinden yap\u0131lan a\u00e7\u0131klamada, &#8220;K\u00fcresel salg\u0131n nedeniyle <strong>kritik bir s\u00fcre\u00e7ten<\/strong> ge\u00e7iyoruz. Bu d\u00f6nemde, <strong>toplumsal dayan\u0131\u015fma<\/strong>y\u0131 \u00e7ok \u00f6nemsiyoruz. Ya\u015fad\u0131\u011f\u0131m\u0131z zor d\u00f6nemde t\u00fcm zaman\u0131n\u0131<strong> evinde ge\u00e7iren vatanda\u015flar\u0131m\u0131z\u0131<\/strong> d\u00fc\u015f\u00fcn\u00fcyoruz. <strong>Evde kal \u00e7a\u011fr\u0131s\u0131<\/strong>n\u0131n \u00fclkemizin ve\u00a0 halk\u0131m\u0131z\u0131n gelece\u011fi a\u00e7\u0131s\u0131ndan hayati \u00f6nem ta\u015f\u0131d\u0131\u011f\u0131n\u0131n bilinciyle hareket ediyoruz. Kurumsal k\u00fclt\u00fcr\u00fcm\u00fczden kaynaklanan toplumsal duyarl\u0131l\u0131\u011f\u0131m\u0131z\u0131n gere\u011fi olarak bu u<strong>ygulamam\u0131z\u0131 halk\u0131m\u0131za duyurmay\u0131\u00a0<\/strong>g\u00f6rev say\u0131yoruz.&#8221; ifadelerine yer verildi.<\/p>\n<p><strong>Aydem ve Gediz Elektrik Perakende Sat\u0131\u015f A\u015e<\/strong>\u2019 nin a\u00e7\u0131klamas\u0131nda ayr\u0131ca <strong>abonelerin bor\u00e7lar\u0131n\u0131 \u00f6deyebilmesi<\/strong>ni kolayla\u015ft\u0131rmak amac\u0131yla taksitlendirme yap\u0131ld\u0131\u011f\u0131 belirtildi. Elektrik borcu bulunan aboneler, <strong>online i\u015flemlerden taksitlendirme uygulamas\u0131<\/strong>ndan yararlanabilecekler. Bor\u00e7lar, kredi kart\u0131na <strong>9 aya kadar<\/strong> varan s\u00fcrelerde taksitlendirilebilecek.<\/p>","protected":false},"excerpt":{"rendered":"<p>Sorry, this entry is only available in Turkish. For the sake of viewer convenience, the content is shown below in the alternative language. You may click the link to switch the active language. Aydem ve Gediz Elektrik, koronavir\u00fcs salg\u0131n\u0131 y\u00fcz\u00fcnden ma\u011fduriyetleri \u00f6nlemek amac\u0131yla 30 Nisan tarihine kadar bor\u00e7lar\u0131na\u00a0 istinaden evlerin elektri\u011fini kesmeme karar\u0131 ald\u0131. Ege [&hellip;]<\/p>\n","protected":false},"author":1,"featured_media":111007,"comment_status":"open","ping_status":"open","sticky":false,"template":"","format":"standard","meta":[],"categories":[51,53],"tags":[51222,69443,52674,52259,69442,69441,69444,66104],"views":98,"_links":{"self":[{"href":"https:\/\/www.enerjigazetesi.ist\/en\/wp-json\/wp\/v2\/posts\/111005"}],"collection":[{"href":"https:\/\/www.enerjigazetesi.ist\/en\/wp-json\/wp\/v2\/posts"}],"about":[{"href":"https:\/\/www.enerjigazetesi.ist\/en\/wp-json\/wp\/v2\/types\/post"}],"author":[{"embeddable":true,"href":"https:\/\/www.enerjigazetesi.ist\/en\/wp-json\/wp\/v2\/users\/1"}],"replies":[{"embeddable":true,"href":"https:\/\/www.enerjigazetesi.ist\/en\/wp-json\/wp\/v2\/comments?post=111005"}],"version-history":[{"count":0,"href":"https:\/\/www.enerjigazetesi.ist\/en\/wp-json\/wp\/v2\/posts\/111005\/revisions"}],"wp:featuredmedia":[{"embeddable":true,"href":"https:\/\/www.enerjigazetesi.ist\/en\/wp-json\/wp\/v2\/media\/111007"}],"wp:attachment":[{"href":"https:\/\/www.enerjigazetesi.ist\/en\/wp-json\/wp\/v2\/media?parent=111005"}],"wp:term":[{"taxonomy":"category","embeddable":true,"href":"https:\/\/www.enerjigazetesi.ist\/en\/wp-json\/wp\/v2\/categories?post=111005"},{"taxonomy":"post_tag","embeddable":true,"href":"https:\/\/www.enerjigazetesi.ist\/en\/wp-json\/wp\/v2\/tags?post=111005"}],"curies":[{"name":"wp","href":"https:\/\/api.w.org\/{rel}","templated":true}]}}