{"id":110936,"date":"2020-03-29T18:04:48","date_gmt":"2020-03-29T15:04:48","guid":{"rendered":"https:\/\/www.enerjigazetesi.ist\/?p=110936"},"modified":"2020-03-29T18:04:48","modified_gmt":"2020-03-29T15:04:48","slug":"yilmaz-elektrikte-3-ay-herhangi-bir-fiyat-artisi-soz-konusu-degildir","status":"publish","type":"post","link":"https:\/\/www.enerjigazetesi.ist\/en\/yilmaz-elektrikte-3-ay-herhangi-bir-fiyat-artisi-soz-konusu-degildir\/","title":{"rendered":"(Turkish) Y\u0131lmaz: &#8220;Elektrikte 3 Ay Herhangi Bir Fiyat Art\u0131\u015f\u0131 S\u00f6z Konusu De\u011fildir&#8221;"},"content":{"rendered":"<p class=\"qtranxs-available-languages-message qtranxs-available-languages-message-en\">Sorry, this entry is only available in <a href=\"https:\/\/www.enerjigazetesi.ist\/tr\/wp-json\/wp\/v2\/posts\/110936\" class=\"qtranxs-available-language-link qtranxs-available-language-link-tr\" title=\"Turkish\">Turkish<\/a>. For the sake of viewer convenience, the content is shown below in the alternative language. You may click the link to switch the active language.<\/p><p><\/p>\n<h1>Enerji Piyasas\u0131 D\u00fczenleme Kurumu (EPDK) Ba\u015fkan\u0131 Mustafa Y\u0131lmaz taraf\u0131ndan bu y\u0131l\u0131n 2&#8217;inci \u00e7eyre\u011finde elektrik fiyatlar\u0131na zam yap\u0131lmayaca\u011f\u0131n\u0131 a\u00e7\u0131klad\u0131. Bug\u00fcn yap\u0131lan kurul toplant\u0131s\u0131nda 2020 Nisan-Haziran d\u00f6nemine ili\u015fkin elektrik tarifelerinin belirlendi\u011fini kaydeden Enerji Piyasas\u0131 D\u00fczenleme Kurumu (EPDK) Ba\u015fkan\u0131 Mustafa Y\u0131lmaz, &#8220;2020 y\u0131l\u0131 Nisan, May\u0131s, Haziran aylar\u0131na y\u00f6nelik herhangi bir fiyat art\u0131\u015f\u0131 s\u00f6z konusu de\u011fildir&#8221; ifadesini kulland\u0131.<\/h1>\n<p><strong>Korona vir\u00fcsle m\u00fccadele<\/strong> s\u00fcrecinde <strong>elektrik<\/strong> ve <strong>do\u011falgazda<\/strong> kesinti yap\u0131lmamas\u0131 ile ilgili de <img loading=\"lazy\" class=\"alignright wp-image-110938\" src=\"https:\/\/www.enerjigazetesi.ist\/wp-content\/uploads\/2020\/03\/yilmaz-elektrikte-3-ay-herhangi-bir-fiyat-artisi-soz-konusu-degildir.jpg\" alt=\"\" width=\"320\" height=\"180\" srcset=\"https:\/\/www.enerjigazetesi.ist\/wp-content\/uploads\/2020\/03\/yilmaz-elektrikte-3-ay-herhangi-bir-fiyat-artisi-soz-konusu-degildir.jpg 750w, https:\/\/www.enerjigazetesi.ist\/wp-content\/uploads\/2020\/03\/yilmaz-elektrikte-3-ay-herhangi-bir-fiyat-artisi-soz-konusu-degildir-300x169.jpg 300w, https:\/\/www.enerjigazetesi.ist\/wp-content\/uploads\/2020\/03\/yilmaz-elektrikte-3-ay-herhangi-bir-fiyat-artisi-soz-konusu-degildir-500x281.jpg 500w, https:\/\/www.enerjigazetesi.ist\/wp-content\/uploads\/2020\/03\/yilmaz-elektrikte-3-ay-herhangi-bir-fiyat-artisi-soz-konusu-degildir-80x45.jpg 80w\" sizes=\"(max-width: 320px) 100vw, 320px\" \/>de\u011ferlendirmelerde bulunan <strong>Y\u0131lmaz<\/strong>, enerji sekt\u00f6r\u00fcn\u00fcn <strong>\u00fczerine d\u00fc\u015fen fedakarl\u0131\u011f\u0131<\/strong> yapmas\u0131 gerekti\u011fini vurgulad\u0131.<\/p>\n<p>Y\u0131lmaz, \u201cCumhurba\u015fkan\u0131m\u0131z\u0131n <strong>elektrik ve do\u011falgaz kesme<\/strong> konusunda verdi\u011fi <strong>mesaj \u00e7ok net<\/strong>. Sosyal devlet olman\u0131n gere\u011fi ile biz de bu s\u00fcreci yak\u0131ndan takip ediyoruz. Hizmetlerin aksamamas\u0131 ve vatanda\u015flar\u0131m\u0131z\u0131n <strong>ma\u011fdur edilmemesi<\/strong> hayati \u00f6nem ta\u015f\u0131yor. <strong>Enerji sekt\u00f6r\u00fcnde<\/strong> g\u00f6rev yapan herkesin <strong>\u00e7ok daha dikkatli, \u00e7ok daha titiz \u00e7al\u0131\u015fmas\u0131<\/strong> gereken g\u00fcnlerdeyiz. Kurum olarak Bakanl\u0131\u011f\u0131m\u0131zla <strong>e\u015fg\u00fcd\u00fcm<\/strong> ve <strong>tam bir i\u015fbirli\u011fi<\/strong> ile \u00e7al\u0131\u015f\u0131yoruz ve ilerleyen g\u00fcnlerde al\u0131nmas\u0131 gereken yeni tedbirler olursa bu tedbirleri de <strong>vakit kaybetmeden alaca\u011f\u0131m\u0131zdan<\/strong> kimsenin\u00a0 \u015f\u00fcphesi olmas\u0131n.\u201ddedi.<\/p>\n<p><strong>Akaryak\u0131t sekt\u00f6r\u00fc<\/strong>nden gelen d\u00f6n\u00fc\u015f\u00fcml\u00fc <strong>\u00e7al\u0131\u015fma ve baz\u0131 bayilerin<\/strong> belirli saatlerde kapat\u0131lmas\u0131 y\u00f6n\u00fcndeki taleplerini de de\u011ferlendiren Y\u0131lmaz, hen\u00fcz b\u00f6yle bir ad\u0131m\u0131n g\u00fcndemlerinde olmad\u0131\u011f\u0131n\u0131, \u00f6ncelikle vatanda\u015flardan<strong> evde kalmalar\u0131n\u0131<\/strong> ve <strong>m\u00fcmk\u00fcn mertebe d\u0131\u015far\u0131 \u00e7\u0131kmamalar\u0131n\u0131<\/strong> beklediklerini kaydetti. Hayat\u0131n ak\u0131\u015f\u0131nda <strong>sorumluluklar\u0131n ve\u00a0 ihtiya\u00e7lar\u0131n s\u00fcrd\u00fc\u011f\u00fcn\u00fc<\/strong> belirten Y\u0131lmaz, bu noktada <strong>akaryak\u0131t sekt\u00f6r\u00fc<\/strong>ndeki hizmetlerin aksamamas\u0131n\u0131n \u00f6nemini vurgulayarak,\u00a0 \u201cVatanda\u015flar\u0131m\u0131z <strong>7\/24 akaryak\u0131ta<\/strong> ula\u015fabilmeli ve bu konuda en <strong>ufak bir s\u0131k\u0131nt\u0131<\/strong> ile kar\u015f\u0131la\u015fmamal\u0131. Ancak piyasan\u0131n <strong>s\u00fcrd\u00fcr\u00fclebilirli\u011finin korunmas\u0131<\/strong> i\u00e7in vatanda\u015flar\u0131m\u0131z\u0131 da ma\u011fdur etmeyecek \u015fekilde <strong>yeni \u00f6nlemler almak<\/strong> s\u00f6z konusu oldu\u011funda kurumlar\u0131m\u0131zla <strong>irtibatl\u0131 \u015fekilde \u00fczerimize<\/strong> d\u00fc\u015feni yapar\u0131z\u201d ifadelerini kulland\u0131.<\/p>","protected":false},"excerpt":{"rendered":"<p>Sorry, this entry is only available in Turkish. For the sake of viewer convenience, the content is shown below in the alternative language. You may click the link to switch the active language. Enerji Piyasas\u0131 D\u00fczenleme Kurumu (EPDK) Ba\u015fkan\u0131 Mustafa Y\u0131lmaz taraf\u0131ndan bu y\u0131l\u0131n 2&#8217;inci \u00e7eyre\u011finde elektrik fiyatlar\u0131na zam yap\u0131lmayaca\u011f\u0131n\u0131 a\u00e7\u0131klad\u0131. Bug\u00fcn yap\u0131lan kurul toplant\u0131s\u0131nda [&hellip;]<\/p>\n","protected":false},"author":1,"featured_media":110938,"comment_status":"open","ping_status":"open","sticky":false,"template":"","format":"standard","meta":[],"categories":[51,53],"tags":[69389,8175,52674,4341,69391,69392,23532,52259,69390,12996],"views":74,"_links":{"self":[{"href":"https:\/\/www.enerjigazetesi.ist\/en\/wp-json\/wp\/v2\/posts\/110936"}],"collection":[{"href":"https:\/\/www.enerjigazetesi.ist\/en\/wp-json\/wp\/v2\/posts"}],"about":[{"href":"https:\/\/www.enerjigazetesi.ist\/en\/wp-json\/wp\/v2\/types\/post"}],"author":[{"embeddable":true,"href":"https:\/\/www.enerjigazetesi.ist\/en\/wp-json\/wp\/v2\/users\/1"}],"replies":[{"embeddable":true,"href":"https:\/\/www.enerjigazetesi.ist\/en\/wp-json\/wp\/v2\/comments?post=110936"}],"version-history":[{"count":0,"href":"https:\/\/www.enerjigazetesi.ist\/en\/wp-json\/wp\/v2\/posts\/110936\/revisions"}],"wp:featuredmedia":[{"embeddable":true,"href":"https:\/\/www.enerjigazetesi.ist\/en\/wp-json\/wp\/v2\/media\/110938"}],"wp:attachment":[{"href":"https:\/\/www.enerjigazetesi.ist\/en\/wp-json\/wp\/v2\/media?parent=110936"}],"wp:term":[{"taxonomy":"category","embeddable":true,"href":"https:\/\/www.enerjigazetesi.ist\/en\/wp-json\/wp\/v2\/categories?post=110936"},{"taxonomy":"post_tag","embeddable":true,"href":"https:\/\/www.enerjigazetesi.ist\/en\/wp-json\/wp\/v2\/tags?post=110936"}],"curies":[{"name":"wp","href":"https:\/\/api.w.org\/{rel}","templated":true}]}}