{"id":11090,"date":"2013-05-20T13:16:24","date_gmt":"2013-05-20T10:16:24","guid":{"rendered":"https:\/\/www.enerjigazetesi.ist\/?p=11090"},"modified":"2013-05-20T13:17:23","modified_gmt":"2013-05-20T10:17:23","slug":"kuresel-isinma-kurultayina-enerji-verimliligi-dernegi-destegi","status":"publish","type":"post","link":"https:\/\/www.enerjigazetesi.ist\/en\/kuresel-isinma-kurultayina-enerji-verimliligi-dernegi-destegi\/","title":{"rendered":"(Turkish) K\u00fcresel Is\u0131nma Kurultay\u0131&#8217;na Enerji Verimlili\u011fi Derne\u011fi Deste\u011fi&#8230;"},"content":{"rendered":"<p class=\"qtranxs-available-languages-message qtranxs-available-languages-message-en\">Sorry, this entry is only available in <a href=\"https:\/\/www.enerjigazetesi.ist\/tr\/wp-json\/wp\/v2\/posts\/11090\" class=\"qtranxs-available-language-link qtranxs-available-language-link-tr\" title=\"Turkish\">Turkish<\/a>. For the sake of viewer convenience, the content is shown below in the alternative language. You may click the link to switch the active language.<\/p><p><strong>Enerjini Verimli Kullan Gelece\u011fine Sahip \u00c7\u0131k!<\/strong><\/p>\n<p><strong>Enerji Verimlili\u011fi Derne\u011fi (ENVER) Genel Ba\u015fkan Vekili Adnan Ersoy Uluba\u015f, Ekonomi Gazetecileri Derne\u011fi (EGD) taraf\u0131ndan d\u00fczenlenen V. K\u00fcresel Is\u0131nma Kurultay\u0131&#8217;n\u0131n a\u00e7\u0131l\u0131\u015f\u0131nda yapt\u0131\u011f\u0131 konu\u015fmada, k\u00fcresel \u0131s\u0131nma ve iklim de\u011fi\u015fikli\u011fi konular\u0131n\u0131n anla\u015f\u0131lmas\u0131 ve gelecekteki etkilerinin de anlat\u0131lmas\u0131n\u0131n zor oldu\u011funu ifade etti.<\/strong><\/p>\n<p>&#8220;\u0130klim de\u011fi\u015fikli\u011fi, d\u00fcnyada kar\u015f\u0131la\u015f\u0131lan en b\u00fcy\u00fck \u00e7evre sorunlar\u0131ndan biri&#8221; diyen Uluba\u015f, enerjinin \u00e7evre hayat\u0131, teknoloji, tar\u0131m, temiz su ve sa\u011fl\u0131k gibi bir\u00e7ok hayati konuyu etkiledi\u011fine dikkati \u00e7ekti. Enerjinin verimli kullan\u0131lmas\u0131 konusunda fark\u0131ndal\u0131k yaratmaya \u00e7al\u0131\u015ft\u0131klar\u0131n\u0131 dile getiren Uluba\u015f, ENVER olarak ailelere y\u00f6nelik projeler geli\u015ftirdikleri bilgisini verdi. \u015eimdiye kadar enerjinin verimli kullan\u0131lmas\u0131na y\u00f6nelik a<a href=\"https:\/\/www.enerjigazetesi.ist\/wp-content\/uploads\/2013\/05\/adnan-ersoy.jpg\"><img loading=\"lazy\" class=\"alignleft size-medium wp-image-11091\" title=\"adnan-ersoy-enerji-verimliligi\" src=\"https:\/\/www.enerjigazetesi.ist\/wp-content\/uploads\/2013\/05\/adnan-ersoy-300x217.jpg\" alt=\"\" width=\"300\" height=\"217\" srcset=\"https:\/\/www.enerjigazetesi.ist\/wp-content\/uploads\/2013\/05\/adnan-ersoy-300x217.jpg 300w, https:\/\/www.enerjigazetesi.ist\/wp-content\/uploads\/2013\/05\/adnan-ersoy-500x362.jpg 500w, https:\/\/www.enerjigazetesi.ist\/wp-content\/uploads\/2013\/05\/adnan-ersoy-69x50.jpg 69w, https:\/\/www.enerjigazetesi.ist\/wp-content\/uploads\/2013\/05\/adnan-ersoy.jpg 853w\" sizes=\"(max-width: 300px) 100vw, 300px\" \/><\/a>ileleri bilin\u00e7lendirme amac\u0131yla bir\u00e7ok \u015fehre gittiklerini anlatan Uluba\u015f, bundan sonraki \u00e7al\u0131\u015fmalar\u0131nda sanayi, ula\u015f\u0131m, \u00e7evre ve yak\u0131t alanlar\u0131nda verimlilik konusunu i\u015fleyeceklerini kaydetti.<\/p>\n<p>Ekonomi Gazetecileri Derne\u011fi (EGD) Ba\u015fkan\u0131 Celal Toprak ise medyada fark\u0131ndal\u0131\u011f\u0131 art\u0131rma anlay\u0131\u015f\u0131yla yola \u00e7\u0131kt\u0131klar\u0131n\u0131 belirterek, &#8220;Bu y\u0131l, \u00fclkemizin ve d\u00fcnyan\u0131n en \u00f6nemli g\u00fcndemi olan enerji verimlili\u011fi konusunu ele ald\u0131k. Enerji, cari a\u00e7\u0131k konusunda T\u00fcrkiye&#8217;nin en \u00f6nemli ve hassas konulardan biri&#8221; dedi. Kurultaya g\u00fcn boyu 800 kat\u0131l\u0131mc\u0131 beklediklerini kaydeden Toprak, &#8220;\u0130klim de\u011fi\u015fikli\u011fi ya da \u00e7evre konusunda beyin f\u0131rt\u0131nas\u0131 yapma \u015fans\u0131m\u0131z olacak&#8221; dedi.<\/p>\n<p>Kurultay&#8217;da \u00e7evreye duyarl\u0131 yay\u0131nlar\u0131 ve \u00e7al\u0131\u015fmalar\u0131nda dolay\u0131; Mithat Bereket \/ Pusula Program\u0131 Yap\u0131mc\u0131s\u0131, O\u011fuz Haksever \/ NTV Programc\u0131s\u0131, Meral Tamer- Milliyet Gazetesi Yazar\u0131,Metin Kalkavan- \u0130MEAK Deniz Ticaret Odas\u0131 Ba\u015fkan\u0131, Zafer \u00d6zcan- Bug\u00fcn Gazetesi Ekonomi M\u00fcd\u00fcr\u00fc, Cemal Canpolat- Cem Vakf\u0131 Genel Ba\u015fkan Yard\u0131mc\u0131s\u0131, O\u011fuzhan Tun\u00e7 &#8211; Y\u00f6netmen \u00c7evre ve \u015eehir TV Kurucusu, \u015e\u00fckran \u00d6z\u00e7akmak- Habert\u00fcrk Gazetesi Muhabiri, \u0130lker Akg\u00fcng\u00f6r- Vatan Gazetesi Muhabiri, Kenan Yavuz- Socar T\u00fcrkiye Ba\u015fkan\u0131 (Ceo ), Av.Selami \u00d6zt\u00fcrk- Kad\u0131k\u00f6y Belediye Ba\u015fkan\u0131, \u0130smail Ball\u0131 &#8211; \u0130hlas Haber Ajans\u0131 Genel M\u00fcd\u00fcr Yard\u0131mc\u0131s\u0131, Mehmet Kara- D\u00fcnya Gazetesi Yazar\u0131, Merve G\u00fcn- Forbes Dergisi Muhabiri, Serkan Ocak- Radikal Gazetesi Muhabiri, \u00d6zlem Bay- Ekonomist Dergisi Enerji Edit\u00f6r\u00fc, ve Evyapporta&#8217;a te\u015fekk\u00fcr plaketi verildi.<\/p>\n<p>Kaynak: <a href=\"http:\/\/www.enver.org.tr\/tr\/haber\/ekonomi-gazetecileri-dernegi-egd-tarafindan-duzenlenen-%E2%80%9Ckuresel-isinma-kurultayina-enerji-verimliligi-derneginden-destek\/70\" target=\"_blank\">Enverder<\/a><\/p>","protected":false},"excerpt":{"rendered":"<p>Sorry, this entry is only available in Turkish. For the sake of viewer convenience, the content is shown below in the alternative language. You may click the link to switch the active language.Enerjini Verimli Kullan Gelece\u011fine Sahip \u00c7\u0131k! Enerji Verimlili\u011fi Derne\u011fi (ENVER) Genel Ba\u015fkan Vekili Adnan Ersoy Uluba\u015f, Ekonomi Gazetecileri Derne\u011fi (EGD) taraf\u0131ndan d\u00fczenlenen V. [&hellip;]<\/p>\n","protected":false},"author":1,"featured_media":11091,"comment_status":"open","ping_status":"open","sticky":false,"template":"","format":"standard","meta":[],"categories":[53,52],"tags":[2530,63,67,165,103,12,1525,800,1999,1471,1902,998,5431,133,97,2143],"views":1401,"_links":{"self":[{"href":"https:\/\/www.enerjigazetesi.ist\/en\/wp-json\/wp\/v2\/posts\/11090"}],"collection":[{"href":"https:\/\/www.enerjigazetesi.ist\/en\/wp-json\/wp\/v2\/posts"}],"about":[{"href":"https:\/\/www.enerjigazetesi.ist\/en\/wp-json\/wp\/v2\/types\/post"}],"author":[{"embeddable":true,"href":"https:\/\/www.enerjigazetesi.ist\/en\/wp-json\/wp\/v2\/users\/1"}],"replies":[{"embeddable":true,"href":"https:\/\/www.enerjigazetesi.ist\/en\/wp-json\/wp\/v2\/comments?post=11090"}],"version-history":[{"count":3,"href":"https:\/\/www.enerjigazetesi.ist\/en\/wp-json\/wp\/v2\/posts\/11090\/revisions"}],"predecessor-version":[{"id":11094,"href":"https:\/\/www.enerjigazetesi.ist\/en\/wp-json\/wp\/v2\/posts\/11090\/revisions\/11094"}],"wp:featuredmedia":[{"embeddable":true,"href":"https:\/\/www.enerjigazetesi.ist\/en\/wp-json\/wp\/v2\/media\/11091"}],"wp:attachment":[{"href":"https:\/\/www.enerjigazetesi.ist\/en\/wp-json\/wp\/v2\/media?parent=11090"}],"wp:term":[{"taxonomy":"category","embeddable":true,"href":"https:\/\/www.enerjigazetesi.ist\/en\/wp-json\/wp\/v2\/categories?post=11090"},{"taxonomy":"post_tag","embeddable":true,"href":"https:\/\/www.enerjigazetesi.ist\/en\/wp-json\/wp\/v2\/tags?post=11090"}],"curies":[{"name":"wp","href":"https:\/\/api.w.org\/{rel}","templated":true}]}}