{"id":110804,"date":"2020-03-26T17:02:20","date_gmt":"2020-03-26T14:02:20","guid":{"rendered":"https:\/\/www.enerjigazetesi.ist\/?p=110804"},"modified":"2020-03-26T17:02:20","modified_gmt":"2020-03-26T14:02:20","slug":"isiklar-28-martta-doga-ve-insanlik-icin-dayanisma-temasiyla-sonduruluyor","status":"publish","type":"post","link":"https:\/\/www.enerjigazetesi.ist\/en\/isiklar-28-martta-doga-ve-insanlik-icin-dayanisma-temasiyla-sonduruluyor\/","title":{"rendered":"(Turkish) I\u015f\u0131klar 28 Mart&#8217;ta &#8216;Do\u011fa ve \u0130nsanl\u0131k&#8217; \u0130\u00e7in Dayan\u0131\u015fma Temas\u0131yla S\u00f6nd\u00fcr\u00fcl\u00fcyor"},"content":{"rendered":"<p class=\"qtranxs-available-languages-message qtranxs-available-languages-message-en\">Sorry, this entry is only available in <a href=\"https:\/\/www.enerjigazetesi.ist\/tr\/wp-json\/wp\/v2\/posts\/110804\" class=\"qtranxs-available-language-link qtranxs-available-language-link-tr\" title=\"Turkish\">Turkish<\/a>. For the sake of viewer convenience, the content is shown below in the alternative language. You may click the link to switch the active language.<\/p><p><\/p>\n<h1>WWF\u2019in Do\u011fal Alanlar ve T\u00fcrlerin Yok Olu\u015fu ile \u0130klim Krizine Dikkat \u00c7ekmek i\u00e7in her y\u0131l D\u00fcnya Kamuoyuna \u00c7a\u011fr\u0131 Yapt\u0131\u011f\u0131 \u201cD\u00fcnya Saati\u201d <span style=\"text-decoration: underline;\">28 Mart\u2019ta:<\/span><\/h1>\n<h1><strong>D\u00fcnya Saati: \u2018D\u00fcnya Dayan\u0131\u015fma Saati\u2019<\/strong><\/h1>\n<h2><strong>WWF\u2019in iklim krizine dikkat \u00e7ekmek i\u00e7in 2007\u2019den beri \u0131\u015f\u0131klar\u0131n bir saat kapat\u0131lmas\u0131 \u00e7a\u011fr\u0131s\u0131 yapt\u0131\u011f\u0131 D\u00fcnya Saati bu y\u0131l D\u00fcnya Dayan\u0131\u015fma Saati olacak. <\/strong><\/h2>\n<h2><strong>I\u015f\u0131klar 28 Mart Cumartesi ak\u015fam\u0131 20.30-21.30 saatleri aras\u0131nda bu kez do\u011fa ve insanl\u0131k i\u00e7in dayan\u0131\u015fma temas\u0131yla kapanacak.\u00a0<\/strong><strong>T\u00fcm d\u00fcnyay\u0131 etkisi alt\u0131na alan yeni tip koronavir\u00fcs salg\u0131n\u0131 nedeniyle D\u00fcnya Saati sadece evlerde ger\u00e7ekle\u015fecek ve dijital mecralardan payla\u015f\u0131lacak. <\/strong><\/h2>\n<p><strong>\u00a0<\/strong><strong>WWF\u2019in (D\u00fcnya Do\u011fay\u0131 Koruma Vakf\u0131)<\/strong> do\u011fal alanlar\u0131n ve <strong>t\u00fcrlerin yok olu\u015funa, iklim krizi<\/strong>ne dikkat \u00e7ekmek i\u00e7in her y\u0131l <strong>Mart <\/strong>ay\u0131n\u0131n <strong>son cumartesi g\u00fcn\u00fc<\/strong> d\u00fcnya kamuoyuna \u00e7a\u011fr\u0131da bulundu\u011fu k\u00fcresel bir etkinlik olan <strong>\u201cD\u00fcnya Saati\u201d<\/strong>, bu y\u0131l t\u00fcm d\u00fcnyada, <strong>28 Mart Cumartesi<\/strong> ak\u015fam\u0131 <strong>20.30-<img loading=\"lazy\" class=\"alignright wp-image-110807\" src=\"https:\/\/www.enerjigazetesi.ist\/wp-content\/uploads\/2020\/03\/isiklar-28-martta-doga-ve-insanlik-icin-dayanisma-temasiyla-sonduruluyor-1.jpg\" alt=\"\" width=\"320\" height=\"221\" srcset=\"https:\/\/www.enerjigazetesi.ist\/wp-content\/uploads\/2020\/03\/isiklar-28-martta-doga-ve-insanlik-icin-dayanisma-temasiyla-sonduruluyor-1.jpg 707w, https:\/\/www.enerjigazetesi.ist\/wp-content\/uploads\/2020\/03\/isiklar-28-martta-doga-ve-insanlik-icin-dayanisma-temasiyla-sonduruluyor-1-300x207.jpg 300w, https:\/\/www.enerjigazetesi.ist\/wp-content\/uploads\/2020\/03\/isiklar-28-martta-doga-ve-insanlik-icin-dayanisma-temasiyla-sonduruluyor-1-500x345.jpg 500w, https:\/\/www.enerjigazetesi.ist\/wp-content\/uploads\/2020\/03\/isiklar-28-martta-doga-ve-insanlik-icin-dayanisma-temasiyla-sonduruluyor-1-72x50.jpg 72w\" sizes=\"(max-width: 320px) 100vw, 320px\" \/>21.30 saatleri<\/strong> aras\u0131nda ger\u00e7ekle\u015fecek.<\/p>\n<p><strong>D\u00fcnya Saati<\/strong> kapsam\u0131ndaki etkinlikler, t\u00fcm d\u00fcnyay\u0131 etkisi alt\u0131na alan yeni tip <strong>koronavir\u00fcs (Covid-19) \u00a0salg\u0131n\u0131<\/strong> nedeniyle bu y\u0131l sadece <strong>evlerde yap\u0131lacak ve dijital mecralardan<\/strong> payla\u015f\u0131lacak. Do\u011fa ve insanl\u0131k i\u00e7in dayan\u0131\u015fma ad\u0131na <strong>\u201cD\u00fcnya Dayan\u0131\u015fma Saati\u201d<\/strong> temas\u0131yla d\u00fczenlenecek<strong> D\u00fcnya Saati<\/strong> ile i\u00e7inde bulundu\u011fumuz zorlu s\u00fcre\u00e7te <strong>k\u00fcresel zorluklarla ba\u015f etmek<\/strong> i\u00e7in dayan\u0131\u015fman\u0131n \u00f6nemine dikkat \u00e7ekilecek. \u00d6nceki y\u0131llarda d\u0131\u015f mek\u00e2nlarda da etkinlikler ger\u00e7ekle\u015ftirilirken bu y\u0131l <strong>sa\u011fl\u0131k \u00f6nlemleri do\u011frultusunda<\/strong> bireylere, <strong>#EvdeKal<\/strong> \u00e7a\u011fr\u0131s\u0131 yap\u0131larak <strong>bireysel kat\u0131l\u0131m \u00f6n plana \u00e7\u0131kar\u0131lacak<\/strong>, etkinlikler dijital mecralara ta\u015f\u0131nacak.<\/p>\n<p>\u00dclkemizde, <strong>WWF-T\u00fcrkiye<\/strong>\u2019nin <strong>(Do\u011fal Hayat\u0131 Koruma Vakf\u0131)<\/strong> \u00f6nc\u00fcl\u00fck etti\u011fi<strong> \u201cD\u00fcnya Saati\u201d<\/strong> Garanti BBVA ve Panasonic Life Solutions T\u00fcrkiye\u2019nin ana sponsorlu\u011funda ger\u00e7ekle\u015ftirilecek. Bireyler 1 saat boyunca evlerinin \u0131\u015f\u0131klar\u0131n\u0131 kapatarak ve sosyal medyay\u0131 takip ederek D\u00fcnya Saati\u2019ne kat\u0131lacak. D\u00fcnya Saati\u2019ne <a href=\"http:\/\/www.dunyasaati.org\/\" target=\"_blank\" rel=\"noopener\">www.dunyasaati.org<\/a>\u00a0adresi \u00fczerinden kay\u0131t yaparak kat\u0131l\u0131m sa\u011flan\u0131yor. Bununla birlikte, <a href=\"http:\/\/www.dunyasaati.org\" target=\"_blank\" rel=\"noopener\">www.dunyasaati.org<\/a>\u00a0web sitesini ziyaret edenler <strong>WWF\u2019in k\u00fcresel kampanyas\u0131<\/strong> \u201cHarekete Ge\u00e7\u201de imza vererek <strong>do\u011fa ve insan<\/strong> i\u00e7in yeni bir ba\u015flang\u0131\u00e7 yapmak \u00fczere s\u00f6z veriyor ve d\u00fcnya liderlerine <strong>iklim krizi ve do\u011fa koruma<\/strong> gibi <strong>k\u00fcresel sorunlar<\/strong> i\u00e7in vakit kaybetmeden harekete ge\u00e7me \u00e7a\u011fr\u0131s\u0131 yap\u0131yor.<\/p>\n<h2><strong>Asl\u0131 Pasinli\u2019den \u201cB\u00fcy\u00fck \u0130nsanl\u0131k Ailesi olarak Yeni bir Ba\u015flang\u0131\u00e7\u201d \u00e7a\u011fr\u0131s\u0131<\/strong><\/h2>\n<p><strong>WWF-T\u00fcrkiye Genel M\u00fcd\u00fcr\u00fc Asl\u0131 Pasinli,<\/strong> t\u00fcm bireyleri <strong>do\u011fa ve insanl\u0131k<\/strong> i\u00e7in dayan\u0131\u015fmaya davet etti: \u201c\u0130\u00e7inde bulundu\u011fumuz hassas d\u00f6nemde, insanl\u0131k tek bir konuya odaklanm\u0131\u015f durumda. Sosyalle\u015fmeyi k\u0131s\u0131tlad\u0131\u011f\u0131m\u0131z bu g\u00fcnlerde yaln\u0131z olmad\u0131\u011f\u0131m\u0131z\u0131, fiziksel olarak bir arada olamasak da asl\u0131nda <strong>b\u00fcy\u00fck insanl\u0131k ailesi<\/strong> olarak beraber oldu\u011fumuzu, <strong>kolektif hareket edersek<\/strong> ne kadar g\u00fc\u00e7l\u00fc olabildi\u011fimizi hat\u0131rlamaya ihtiyac\u0131m\u0131z var. Her y\u0131l d\u00fcnyan\u0131n d\u00f6rt bir yan\u0131ndan milyonlarca insan\u0131n kat\u0131l\u0131m\u0131yla d\u00fczenledi\u011fimiz <strong>D\u00fcnya Saati<\/strong>\u2019nde, <strong>28 Mart ak\u015fam\u0131<\/strong> evlerimizde <strong>bir saatli\u011fine \u0131\u015f\u0131klar\u0131 kapat<\/strong>arak birlik oldu\u011fumuzu g\u00f6sterebiliriz. \u0130nsanl\u0131k, i\u00e7inden <strong>ge\u00e7ti\u011fimiz zorlu s\u00fcre\u00e7ten<\/strong> dayan\u0131\u015fma sayesinde iklim krizi gibi k\u00fcresel zorluklarla ba\u015f etmek i\u00e7in daha g\u00fc\u00e7l\u00fc \u00e7\u0131kabilir.\u201d<\/p>","protected":false},"excerpt":{"rendered":"<p>Sorry, this entry is only available in Turkish. For the sake of viewer convenience, the content is shown below in the alternative language. You may click the link to switch the active language. WWF\u2019in Do\u011fal Alanlar ve T\u00fcrlerin Yok Olu\u015fu ile \u0130klim Krizine Dikkat \u00c7ekmek i\u00e7in her y\u0131l D\u00fcnya Kamuoyuna \u00c7a\u011fr\u0131 Yapt\u0131\u011f\u0131 \u201cD\u00fcnya Saati\u201d 28 [&hellip;]<\/p>\n","protected":false},"author":1,"featured_media":110808,"comment_status":"open","ping_status":"open","sticky":false,"template":"","format":"standard","meta":[],"categories":[51,53,52],"tags":[69290,33408,69295,69297,69296,55978,69293,8980,22129,52259,53412,52510,66104,57125,37032,1298,69294,687],"views":127,"_links":{"self":[{"href":"https:\/\/www.enerjigazetesi.ist\/en\/wp-json\/wp\/v2\/posts\/110804"}],"collection":[{"href":"https:\/\/www.enerjigazetesi.ist\/en\/wp-json\/wp\/v2\/posts"}],"about":[{"href":"https:\/\/www.enerjigazetesi.ist\/en\/wp-json\/wp\/v2\/types\/post"}],"author":[{"embeddable":true,"href":"https:\/\/www.enerjigazetesi.ist\/en\/wp-json\/wp\/v2\/users\/1"}],"replies":[{"embeddable":true,"href":"https:\/\/www.enerjigazetesi.ist\/en\/wp-json\/wp\/v2\/comments?post=110804"}],"version-history":[{"count":0,"href":"https:\/\/www.enerjigazetesi.ist\/en\/wp-json\/wp\/v2\/posts\/110804\/revisions"}],"wp:featuredmedia":[{"embeddable":true,"href":"https:\/\/www.enerjigazetesi.ist\/en\/wp-json\/wp\/v2\/media\/110808"}],"wp:attachment":[{"href":"https:\/\/www.enerjigazetesi.ist\/en\/wp-json\/wp\/v2\/media?parent=110804"}],"wp:term":[{"taxonomy":"category","embeddable":true,"href":"https:\/\/www.enerjigazetesi.ist\/en\/wp-json\/wp\/v2\/categories?post=110804"},{"taxonomy":"post_tag","embeddable":true,"href":"https:\/\/www.enerjigazetesi.ist\/en\/wp-json\/wp\/v2\/tags?post=110804"}],"curies":[{"name":"wp","href":"https:\/\/api.w.org\/{rel}","templated":true}]}}