{"id":110725,"date":"2020-03-25T11:52:01","date_gmt":"2020-03-25T08:52:01","guid":{"rendered":"https:\/\/www.enerjigazetesi.ist\/?p=110725"},"modified":"2020-03-25T11:55:08","modified_gmt":"2020-03-25T08:55:08","slug":"benzin-istasyonlarindaki-marketler-saat-sinirlamasinin-disinda-yer-aldi","status":"publish","type":"post","link":"https:\/\/www.enerjigazetesi.ist\/en\/benzin-istasyonlarindaki-marketler-saat-sinirlamasinin-disinda-yer-aldi\/","title":{"rendered":"(Turkish) Benzin \u0130stasyonlar\u0131ndaki Marketler Saat S\u0131n\u0131rlamas\u0131n\u0131n D\u0131\u015f\u0131nda!"},"content":{"rendered":"<p class=\"qtranxs-available-languages-message qtranxs-available-languages-message-en\">Sorry, this entry is only available in <a href=\"https:\/\/www.enerjigazetesi.ist\/tr\/wp-json\/wp\/v2\/posts\/110725\" class=\"qtranxs-available-language-link qtranxs-available-language-link-tr\" title=\"Turkish\">Turkish<\/a>. For the sake of viewer convenience, the content is shown below in the alternative language. You may click the link to switch the active language.<\/p><p><\/p>\n<h1>\u0130\u00e7i\u015fleri Bakanl\u0131\u011f\u0131 taraf\u0131ndan valiliklere yeni tip koronavir\u00fcs (Covid-19) salg\u0131n\u0131na y\u00f6nelik m\u00fccadele kapsam\u0131nda marketlerin \u00e7al\u0131\u015fma saatleri, marketlerde al\u0131\u015fveri\u015f yapan m\u00fc\u015fteri say\u0131s\u0131, \u015fehir i\u00e7i ve \u015fehirleraras\u0131 \u00e7al\u0131\u015fan toplu ta\u015f\u0131ma ara\u00e7lar\u0131 i\u00e7in ek genelge iletilerek istasyonlardaki marketler saat s\u0131n\u0131rlamas\u0131n\u0131n d\u0131\u015f\u0131nda tutuldu.<\/h1>\n<p>Konuya y\u00f6nelik a\u00e7\u0131klamalarda bulunan\u00a0<strong>Petrol \u00dcr\u00fcnleri \u0130\u015fverenler Sendikas\u0131 (P\u00dc\u0130S)<\/strong>,\u00a0Genel Ba\u015fkan\u0131 <strong>\u0130mran Okumu\u015f<\/strong>, \u201c\u0130\u00e7i\u015fleri Bakanl\u0131\u011f\u0131 <strong>\u0130ller \u0130daresi Genel M\u00fcd\u00fcrl\u00fc\u011f\u00fc<\/strong> ile sabah yapt\u0131\u011f\u0131m\u0131z <img loading=\"lazy\" class=\"alignright wp-image-110729\" src=\"https:\/\/www.enerjigazetesi.ist\/wp-content\/uploads\/2020\/03\/benzin-istasyonlarindaki-marketler-saat-sinirlamasinin-disinda-yer-aldi.jpg\" alt=\"\" width=\"320\" height=\"211\" srcset=\"https:\/\/www.enerjigazetesi.ist\/wp-content\/uploads\/2020\/03\/benzin-istasyonlarindaki-marketler-saat-sinirlamasinin-disinda-yer-aldi.jpg 739w, https:\/\/www.enerjigazetesi.ist\/wp-content\/uploads\/2020\/03\/benzin-istasyonlarindaki-marketler-saat-sinirlamasinin-disinda-yer-aldi-300x198.jpg 300w, https:\/\/www.enerjigazetesi.ist\/wp-content\/uploads\/2020\/03\/benzin-istasyonlarindaki-marketler-saat-sinirlamasinin-disinda-yer-aldi-500x330.jpg 500w, https:\/\/www.enerjigazetesi.ist\/wp-content\/uploads\/2020\/03\/benzin-istasyonlarindaki-marketler-saat-sinirlamasinin-disinda-yer-aldi-76x50.jpg 76w\" sizes=\"(max-width: 320px) 100vw, 320px\" \/>g\u00f6r\u00fc\u015fmede Bakanl\u0131\u011f\u0131n marketlere ili\u015fkin genelgedeki <strong>saat s\u0131n\u0131rlamas\u0131n\u0131n istasyonlardaki<\/strong> marketleri kapsamas\u0131 halinde marketlerde bulunan <strong>POS cihazlar\u0131<\/strong> ve <strong>WC<\/strong>\u2019ler nedeniyle ma\u011fduriyet ya\u015fanaca\u011f\u0131n\u0131 iletmi\u015f ve istasyonlar\u0131n bu kapsamdan \u00e7\u0131kar\u0131lmas\u0131n\u0131 talep etmi\u015ftik.&#8221; dedi.<\/p>\n<p>Ayr\u0131ca Okumu\u015f, \u201c\u0130<strong>stasyonlardaki marketler<\/strong> saat s\u0131n\u0131rlamas\u0131n\u0131n d\u0131\u015f\u0131nda tutuldu ama genelgede yer alan di\u011fer hususlara uymak durumunda. Sizlerden ricam kendiniz, \u00e7al\u0131\u015fanlar\u0131n\u0131z ile m\u00fc\u015fterilerinizin sa\u011fl\u0131\u011f\u0131 ve herhangi bir <strong>cezaya maruz kalmamak<\/strong> i\u00e7in <strong>\u0130\u00e7i\u015fleri Bakanl\u0131\u011f\u0131<\/strong>n\u0131n genelgesinde yer alan a\u015fa\u011f\u0131daki hususlara dikkat etmeniz.\u201difadelerini kulland\u0131.<\/p>\n<p>Genelgeye g\u00f6re marketlerde <span style=\"text-decoration: underline;\">al\u0131nmas\u0131 gereken tedbirler ise \u015fu \u015fekildedir;<\/span><\/p>\n<p>&#8211; <strong>Market i\u00e7indeki<\/strong> en fazla m\u00fc\u015fteri say\u0131s\u0131 m\u00fc\u015fteriye <strong>do\u011frudan hizmet sunulan<\/strong> toplam alan\u0131n (depolar, idari b\u00fcrolar vb. hari\u00e7) onda biri kadar olacak. \u00d6rne\u011fin <strong>marketin m\u00fc\u015fterilerin hizmetine<\/strong> sunulan alan\u0131 <strong>100 metrekare<\/strong> ise ayn\u0131 anda i\u00e7eride en fazla <strong>10 m\u00fc\u015fteri<\/strong> olmas\u0131 gerekecek.<\/p>\n<p>&#8211; T\u00fcm marketler, hizmet alan\u0131 b\u00fcy\u00fckl\u00fc\u011f\u00fcne g\u00f6re i\u00e7eride bulunabilecek <strong>maksimum m\u00fc\u015fteri say\u0131s\u0131<\/strong>n\u0131 market giri\u015flerine asarak <strong>ilan edecek<\/strong>.<\/p>\n<p>&#8211; \u0130\u00e7eride belirlenen say\u0131da <strong>m\u00fc\u015fteri bulunmas\u0131 i\u00e7in<\/strong> gerekli tedbirleri alacak. Market i\u00e7inde <strong>belirlenen say\u0131da m\u00fc\u015fteri var<\/strong> ise <strong>i\u00e7erden m\u00fc\u015fteri \u00e7\u0131kmadan<\/strong> ba\u015fka m\u00fc\u015fteri i\u00e7eriye al\u0131nmayacak.<\/p>\n<p>&#8211; Marketler ayn\u0131 zamanda i\u00e7eriye girmek i\u00e7in bekleyen m\u00fc\u015fterilerin <strong>en az bir metre mesafe<\/strong> ile beklemeleri gerekti\u011fini s\u00fcrekli hat\u0131rlatacaklar, <strong>market giri\u015finde g\u00f6r\u00fclecek \u015fekilde<\/strong> bu hususu belirten <strong>afi\u015f as\u0131lacak<\/strong>.<\/p>","protected":false},"excerpt":{"rendered":"<p>Sorry, this entry is only available in Turkish. For the sake of viewer convenience, the content is shown below in the alternative language. You may click the link to switch the active language. \u0130\u00e7i\u015fleri Bakanl\u0131\u011f\u0131 taraf\u0131ndan valiliklere yeni tip koronavir\u00fcs (Covid-19) salg\u0131n\u0131na y\u00f6nelik m\u00fccadele kapsam\u0131nda marketlerin \u00e7al\u0131\u015fma saatleri, marketlerde al\u0131\u015fveri\u015f yapan m\u00fc\u015fteri say\u0131s\u0131, \u015fehir i\u00e7i [&hellip;]<\/p>\n","protected":false},"author":1,"featured_media":110729,"comment_status":"open","ping_status":"open","sticky":false,"template":"","format":"standard","meta":[],"categories":[53,44],"tags":[52407,46900,69221,52259,38693,69220,41325,69219,68609,69218,53153,64843],"views":76,"_links":{"self":[{"href":"https:\/\/www.enerjigazetesi.ist\/en\/wp-json\/wp\/v2\/posts\/110725"}],"collection":[{"href":"https:\/\/www.enerjigazetesi.ist\/en\/wp-json\/wp\/v2\/posts"}],"about":[{"href":"https:\/\/www.enerjigazetesi.ist\/en\/wp-json\/wp\/v2\/types\/post"}],"author":[{"embeddable":true,"href":"https:\/\/www.enerjigazetesi.ist\/en\/wp-json\/wp\/v2\/users\/1"}],"replies":[{"embeddable":true,"href":"https:\/\/www.enerjigazetesi.ist\/en\/wp-json\/wp\/v2\/comments?post=110725"}],"version-history":[{"count":0,"href":"https:\/\/www.enerjigazetesi.ist\/en\/wp-json\/wp\/v2\/posts\/110725\/revisions"}],"wp:featuredmedia":[{"embeddable":true,"href":"https:\/\/www.enerjigazetesi.ist\/en\/wp-json\/wp\/v2\/media\/110729"}],"wp:attachment":[{"href":"https:\/\/www.enerjigazetesi.ist\/en\/wp-json\/wp\/v2\/media?parent=110725"}],"wp:term":[{"taxonomy":"category","embeddable":true,"href":"https:\/\/www.enerjigazetesi.ist\/en\/wp-json\/wp\/v2\/categories?post=110725"},{"taxonomy":"post_tag","embeddable":true,"href":"https:\/\/www.enerjigazetesi.ist\/en\/wp-json\/wp\/v2\/tags?post=110725"}],"curies":[{"name":"wp","href":"https:\/\/api.w.org\/{rel}","templated":true}]}}