{"id":110524,"date":"2020-03-20T20:35:04","date_gmt":"2020-03-20T17:35:04","guid":{"rendered":"https:\/\/www.enerjigazetesi.ist\/?p=110524"},"modified":"2020-03-20T20:39:08","modified_gmt":"2020-03-20T17:39:08","slug":"yenilenebilir-enerji-sektorunde-teknik-personel-ihtiyac-analizi-anketi","status":"publish","type":"post","link":"https:\/\/www.enerjigazetesi.ist\/en\/yenilenebilir-enerji-sektorunde-teknik-personel-ihtiyac-analizi-anketi\/","title":{"rendered":"&#8220;Yenilenebilir Enerji Sekt\u00f6r\u00fcnde Teknik Personel \u0130htiya\u00e7 Analizi Anketi&#8221;"},"content":{"rendered":"<p class=\"qtranxs-available-languages-message qtranxs-available-languages-message-en\">Sorry, this entry is only available in <a href=\"https:\/\/www.enerjigazetesi.ist\/tr\/wp-json\/wp\/v2\/posts\/110524\" class=\"qtranxs-available-language-link qtranxs-available-language-link-tr\" title=\"Turkish\">Turkish<\/a>. For the sake of viewer convenience, the content is shown below in the alternative language. You may click the link to switch the active language.<\/p><p><\/p>\n<h1><strong><img loading=\"lazy\" class=\"alignright wp-image-110527\" src=\"https:\/\/www.enerjigazetesi.ist\/wp-content\/uploads\/2020\/03\/yenilenebilir-enerji-sektorunde-teknik-personel-ihtiyac-analizi-anketi.jpg\" alt=\"\" width=\"320\" height=\"206\" srcset=\"https:\/\/www.enerjigazetesi.ist\/wp-content\/uploads\/2020\/03\/yenilenebilir-enerji-sektorunde-teknik-personel-ihtiyac-analizi-anketi.jpg 620w, https:\/\/www.enerjigazetesi.ist\/wp-content\/uploads\/2020\/03\/yenilenebilir-enerji-sektorunde-teknik-personel-ihtiyac-analizi-anketi-300x194.jpg 300w, https:\/\/www.enerjigazetesi.ist\/wp-content\/uploads\/2020\/03\/yenilenebilir-enerji-sektorunde-teknik-personel-ihtiyac-analizi-anketi-500x323.jpg 500w, https:\/\/www.enerjigazetesi.ist\/wp-content\/uploads\/2020\/03\/yenilenebilir-enerji-sektorunde-teknik-personel-ihtiyac-analizi-anketi-78x50.jpg 78w\" sizes=\"(max-width: 320px) 100vw, 320px\" \/>\u00c7evreci Enerji Derne\u011fi ve Pi Gen\u00e7lik Derne\u011fi ile ortak bir proje haz\u0131rlamaktad\u0131r. <span style=\"text-decoration: underline;\">Bu proje;<\/span> yenilenebilir enerji sekt\u00f6r\u00fcnde teknik personelin mevcut durumunun tespiti, \u00f6zellikle meslek lisesi mezunlar\u0131n\u0131n teknik e\u011fitim ihtiya\u00e7lar\u0131, sekt\u00f6r\u00fcn kalifiyeli teknik personele ula\u015f\u0131m a\u011f\u0131n\u0131n olu\u015fturulmas\u0131 ve insan kaynaklar\u0131 konusunda sekt\u00f6r\u00fcn taleplerini i\u00e7erecek \u015fekilde tasarlan\u0131yor.<\/strong><\/h1>\n<p>Bu kapsamda haz\u0131rlanan <strong>\u201cYenilenebilir Enerji Sekt\u00f6r\u00fcnde Teknik Personel \u0130htiya\u00e7 Analizi Anketi\u201d<\/strong> siz de\u011ferli okurlar\u0131m\u0131z ile payla\u015f\u0131yoruz.<\/p>\n<p>Ankete\u00a0<strong><a href=\"https:\/\/docs.google.com\/forms\/d\/e\/1FAIpQLScdQBLNEZEcIufWYkY4e1A0ixOGQSJ_YvEZN_fQ_B9Bi2f0xg\/viewform\" target=\"_blank\" rel=\"noopener\">Buradan<\/a>\u00a0<\/strong>Ula\u015farak Projeye Katk\u0131 Sa\u011flaman\u0131z\u0131 Temenni Ederiz&#8230;<\/p>","protected":false},"excerpt":{"rendered":"<p>Sorry, this entry is only available in Turkish. For the sake of viewer convenience, the content is shown below in the alternative language. You may click the link to switch the active language. \u00c7evreci Enerji Derne\u011fi ve Pi Gen\u00e7lik Derne\u011fi ile ortak bir proje haz\u0131rlamaktad\u0131r. Bu proje; yenilenebilir enerji sekt\u00f6r\u00fcnde teknik personelin mevcut durumunun tespiti, [&hellip;]<\/p>\n","protected":false},"author":1,"featured_media":110527,"comment_status":"open","ping_status":"open","sticky":false,"template":"","format":"standard","meta":[],"categories":[51,53],"tags":[29150,68975,68973,68971,68974,68972,54979,68976],"views":168,"_links":{"self":[{"href":"https:\/\/www.enerjigazetesi.ist\/en\/wp-json\/wp\/v2\/posts\/110524"}],"collection":[{"href":"https:\/\/www.enerjigazetesi.ist\/en\/wp-json\/wp\/v2\/posts"}],"about":[{"href":"https:\/\/www.enerjigazetesi.ist\/en\/wp-json\/wp\/v2\/types\/post"}],"author":[{"embeddable":true,"href":"https:\/\/www.enerjigazetesi.ist\/en\/wp-json\/wp\/v2\/users\/1"}],"replies":[{"embeddable":true,"href":"https:\/\/www.enerjigazetesi.ist\/en\/wp-json\/wp\/v2\/comments?post=110524"}],"version-history":[{"count":1,"href":"https:\/\/www.enerjigazetesi.ist\/en\/wp-json\/wp\/v2\/posts\/110524\/revisions"}],"predecessor-version":[{"id":110525,"href":"https:\/\/www.enerjigazetesi.ist\/en\/wp-json\/wp\/v2\/posts\/110524\/revisions\/110525"}],"wp:featuredmedia":[{"embeddable":true,"href":"https:\/\/www.enerjigazetesi.ist\/en\/wp-json\/wp\/v2\/media\/110527"}],"wp:attachment":[{"href":"https:\/\/www.enerjigazetesi.ist\/en\/wp-json\/wp\/v2\/media?parent=110524"}],"wp:term":[{"taxonomy":"category","embeddable":true,"href":"https:\/\/www.enerjigazetesi.ist\/en\/wp-json\/wp\/v2\/categories?post=110524"},{"taxonomy":"post_tag","embeddable":true,"href":"https:\/\/www.enerjigazetesi.ist\/en\/wp-json\/wp\/v2\/tags?post=110524"}],"curies":[{"name":"wp","href":"https:\/\/api.w.org\/{rel}","templated":true}]}}