{"id":110440,"date":"2020-03-19T12:10:24","date_gmt":"2020-03-19T09:10:24","guid":{"rendered":"https:\/\/www.enerjigazetesi.ist\/?p=110440"},"modified":"2020-03-19T12:11:03","modified_gmt":"2020-03-19T09:11:03","slug":"enerji-ve-tabii-kaynaklar-bakanliginin-duzenledigi-egitimler-ertelendi","status":"publish","type":"post","link":"https:\/\/www.enerjigazetesi.ist\/en\/enerji-ve-tabii-kaynaklar-bakanliginin-duzenledigi-egitimler-ertelendi\/","title":{"rendered":"(Turkish) &#8217;Enerji ve Tabii Kaynaklar Bakanl\u0131\u011f\u0131&#8217;n\u0131n D\u00fczenledi\u011fi E\u011fitimler Ertelendi"},"content":{"rendered":"<p class=\"qtranxs-available-languages-message qtranxs-available-languages-message-en\">Sorry, this entry is only available in <a href=\"https:\/\/www.enerjigazetesi.ist\/tr\/wp-json\/wp\/v2\/posts\/110440\" class=\"qtranxs-available-language-link qtranxs-available-language-link-tr\" title=\"Turkish\">Turkish<\/a>. For the sake of viewer convenience, the content is shown below in the alternative language. You may click the link to switch the active language.<\/p><p><\/p>\n<h1><strong>Enerji ve Tabii Kaynaklar Bakanl\u0131\u011f\u0131 taraf\u0131ndan resmi web sitesinden yap\u0131lan a\u00e7\u0131klamada e\u011fitimlerin ertelendi\u011fi <img loading=\"lazy\" class=\"alignright size-full wp-image-110443\" src=\"https:\/\/www.enerjigazetesi.ist\/wp-content\/uploads\/2020\/03\/enerji-ve-tabii-kaynaklar-bakanliginin-duzenledigi-egitimler-ertelendi.jpg\" alt=\"\" width=\"299\" height=\"168\" srcset=\"https:\/\/www.enerjigazetesi.ist\/wp-content\/uploads\/2020\/03\/enerji-ve-tabii-kaynaklar-bakanliginin-duzenledigi-egitimler-ertelendi.jpg 299w, https:\/\/www.enerjigazetesi.ist\/wp-content\/uploads\/2020\/03\/enerji-ve-tabii-kaynaklar-bakanliginin-duzenledigi-egitimler-ertelendi-80x45.jpg 80w\" sizes=\"(max-width: 299px) 100vw, 299px\" \/>a\u00e7\u0131kland\u0131.<\/strong><\/h1>\n<p><strong>Enerji ve Tabii Kaynaklar Bakanl\u0131\u011f\u0131,\u00a0<\/strong><em>resmi web sitesinden<\/em> yapt\u0131\u011f\u0131 a\u00e7\u0131klama ile<strong> Mart ay\u0131nda<\/strong> yap\u0131lacak olan\u00a0<strong>e\u011fitimlerin\u00a0ertelendi\u011fini<\/strong> belirtti.<\/p>\n<p><strong>Enerji ve Tabii Kaynaklar Bakanl\u0131\u011f\u0131,\u00a0<\/strong>resmi <span style=\"text-decoration: underline;\">sitesinde yap\u0131lan a\u00e7\u0131klama \u015fu \u015fekildedir:<\/span><\/p>\n<div id=\"content\">\n<div class=\"middle\">\n<div id=\"contentContainer\">\n<div class=\"contentText\">\n<div class=\"contentText\"><em>&#8221; T\u00fcm d\u00fcnyada ve \u00fclkemizde ortaya \u00e7\u0131kan <strong>Corona COVID-19<\/strong> vir\u00fcs salg\u0131n\u0131 tehlikesi sebebiyle <strong>toplumsal koruma \u00f6nlemleri ve halk sa\u011fl\u0131\u011f\u0131 uygulamalar\u0131<\/strong> kapsam\u0131nda <strong>16-27.03-06.04.2020<\/strong> tarihlerinde ki e\u011fitimlerimiz ileri bir tarihe ertelenmi\u015ftir. &#8220;<\/em><\/div>\n<\/div>\n<\/div>\n<\/div>\n<\/div>\n<p><\/p>","protected":false},"excerpt":{"rendered":"<p>Sorry, this entry is only available in Turkish. For the sake of viewer convenience, the content is shown below in the alternative language. You may click the link to switch the active language. Enerji ve Tabii Kaynaklar Bakanl\u0131\u011f\u0131 taraf\u0131ndan resmi web sitesinden yap\u0131lan a\u00e7\u0131klamada e\u011fitimlerin ertelendi\u011fi a\u00e7\u0131kland\u0131. Enerji ve Tabii Kaynaklar Bakanl\u0131\u011f\u0131,\u00a0resmi web sitesinden yapt\u0131\u011f\u0131 [&hellip;]<\/p>\n","protected":false},"author":1,"featured_media":110443,"comment_status":"open","ping_status":"open","sticky":false,"template":"","format":"standard","meta":[],"categories":[51,53,52],"tags":[68889,2161,68890,52259,1972,58103,1635,793],"views":73,"_links":{"self":[{"href":"https:\/\/www.enerjigazetesi.ist\/en\/wp-json\/wp\/v2\/posts\/110440"}],"collection":[{"href":"https:\/\/www.enerjigazetesi.ist\/en\/wp-json\/wp\/v2\/posts"}],"about":[{"href":"https:\/\/www.enerjigazetesi.ist\/en\/wp-json\/wp\/v2\/types\/post"}],"author":[{"embeddable":true,"href":"https:\/\/www.enerjigazetesi.ist\/en\/wp-json\/wp\/v2\/users\/1"}],"replies":[{"embeddable":true,"href":"https:\/\/www.enerjigazetesi.ist\/en\/wp-json\/wp\/v2\/comments?post=110440"}],"version-history":[{"count":0,"href":"https:\/\/www.enerjigazetesi.ist\/en\/wp-json\/wp\/v2\/posts\/110440\/revisions"}],"wp:featuredmedia":[{"embeddable":true,"href":"https:\/\/www.enerjigazetesi.ist\/en\/wp-json\/wp\/v2\/media\/110443"}],"wp:attachment":[{"href":"https:\/\/www.enerjigazetesi.ist\/en\/wp-json\/wp\/v2\/media?parent=110440"}],"wp:term":[{"taxonomy":"category","embeddable":true,"href":"https:\/\/www.enerjigazetesi.ist\/en\/wp-json\/wp\/v2\/categories?post=110440"},{"taxonomy":"post_tag","embeddable":true,"href":"https:\/\/www.enerjigazetesi.ist\/en\/wp-json\/wp\/v2\/tags?post=110440"}],"curies":[{"name":"wp","href":"https:\/\/api.w.org\/{rel}","templated":true}]}}