{"id":110393,"date":"2020-03-18T16:36:14","date_gmt":"2020-03-18T13:36:14","guid":{"rendered":"https:\/\/www.enerjigazetesi.ist\/?p=110393"},"modified":"2020-03-18T16:36:14","modified_gmt":"2020-03-18T13:36:14","slug":"sedastan-calisanlarina-ve-halk-sagligina-yonelik-koronavirus-onlemleri","status":"publish","type":"post","link":"https:\/\/www.enerjigazetesi.ist\/en\/sedastan-calisanlarina-ve-halk-sagligina-yonelik-koronavirus-onlemleri\/","title":{"rendered":"(Turkish) SEDA\u015e&#8217;tan \u00c7al\u0131\u015fanlar\u0131na ve Halk Sa\u011fl\u0131\u011f\u0131na Y\u00f6nelik Koronavir\u00fcs \u00d6nlemleri"},"content":{"rendered":"<p class=\"qtranxs-available-languages-message qtranxs-available-languages-message-en\">Sorry, this entry is only available in <a href=\"https:\/\/www.enerjigazetesi.ist\/tr\/wp-json\/wp\/v2\/posts\/110393\" class=\"qtranxs-available-language-link qtranxs-available-language-link-tr\" title=\"Turkish\">Turkish<\/a>. For the sake of viewer convenience, the content is shown below in the alternative language. You may click the link to switch the active language.<\/p><p><\/p>\n<h1><strong>T\u00fcm d\u00fcnyay\u0131 etkisi alt\u0131na alan korona vir\u00fcs\u00fcn yay\u0131l\u0131m\u0131n\u0131 engellemek amac\u0131yla al\u0131nan \u00f6nlemlerin kapsam\u0131 geni\u015fletirken, SEDA\u015e da hem saha hem de ofis \u00e7al\u0131\u015fanlar\u0131na y\u00f6nelik bir dizi tedbiri hayata ge\u00e7irdi.<\/strong><\/h1>\n<p><strong><img loading=\"lazy\" class=\"alignright wp-image-110396\" src=\"https:\/\/www.enerjigazetesi.ist\/wp-content\/uploads\/2020\/03\/sedastan-calisanlarina-ve-halk-sagligina-yonelik-koronavirus-onlemleri-2.jpg\" alt=\"\" width=\"320\" height=\"213\" srcset=\"https:\/\/www.enerjigazetesi.ist\/wp-content\/uploads\/2020\/03\/sedastan-calisanlarina-ve-halk-sagligina-yonelik-koronavirus-onlemleri-2.jpg 734w, https:\/\/www.enerjigazetesi.ist\/wp-content\/uploads\/2020\/03\/sedastan-calisanlarina-ve-halk-sagligina-yonelik-koronavirus-onlemleri-2-300x199.jpg 300w, https:\/\/www.enerjigazetesi.ist\/wp-content\/uploads\/2020\/03\/sedastan-calisanlarina-ve-halk-sagligina-yonelik-koronavirus-onlemleri-2-500x332.jpg 500w, https:\/\/www.enerjigazetesi.ist\/wp-content\/uploads\/2020\/03\/sedastan-calisanlarina-ve-halk-sagligina-yonelik-koronavirus-onlemleri-2-75x50.jpg 75w, https:\/\/www.enerjigazetesi.ist\/wp-content\/uploads\/2020\/03\/sedastan-calisanlarina-ve-halk-sagligina-yonelik-koronavirus-onlemleri-2-450x300.jpg 450w\" sizes=\"(max-width: 320px) 100vw, 320px\" \/>Sakarya Elektrik Da\u011f\u0131t\u0131m A.\u015e (SEDA\u015e)<\/strong>, d\u00fcnyay\u0131 etkisi alt\u0131na alan <strong>korona vir\u00fcs tehdidi<\/strong> ile ilgili gerekli \u00f6nlemleri ald\u0131.<\/p>\n<p>SEDA\u015e;<strong> Sakarya, Kocaeli, Bolu ve D\u00fczce<\/strong>\u2019de faaliyet b\u00f6lgesindeki <strong>1,9 milyon abonesi<\/strong>nin yan\u0131 s\u0131ra \u00e7al\u0131\u015fanlar\u0131 ve <strong>genel halk sa\u011fl\u0131\u011f\u0131<\/strong> i\u00e7in \u00f6nemli d\u00fczenlemeler yapt\u0131. T\u00fcm b\u00f6lgelerdeki ofisler d\u00fczenli olarak dezenfekte edilirken, <strong>mobil hizmet noktalar\u0131<\/strong>nda da ayn\u0131 i\u015flem uygulan\u0131yor. Bunun yan\u0131 s\u0131ra \u00e7al\u0131\u015fanlara <strong>eldiven, dezenfektan ve maske<\/strong> gibi malzemelerin da\u011f\u0131t\u0131m\u0131 yap\u0131l\u0131yor.<\/p>\n<h2><strong>\u00d6ZEL TEDB\u0130RLER ALINIYOR<\/strong><\/h2>\n<p><strong>Kesintisiz enerji<\/strong> i\u00e7in t\u00fcm d\u00fcnyay\u0131 etkisi alt\u0131na alan korona vir\u00fcs salg\u0131n\u0131na kar\u015f\u0131 <strong>Acil Durum Eylem Plan\u0131<\/strong>\u2019n\u0131 devreye alan SEDA\u015e; <strong>hem sahada hem de ofiste g\u00f6rev yapan<\/strong> \u00e7al\u0131\u015fanlar\u0131n\u0131 bilin\u00e7lendirerek, konuya gerekli hassasiyeti g\u00f6stermeleri konusunda bilgilendirmeler yap\u0131yor. <strong>G\u00f6rsel ve yaz\u0131l\u0131 bilgilendirme<\/strong> kapsam\u0131nda; <strong>i\u015f yeri hekimi ve i\u015f yeri hem\u015firesi<\/strong>nin y\u00f6nlendirmelerini i\u00e7eren <strong>video ve email payla\u015f\u0131mlar\u0131<\/strong> t\u00fcm \u00e7al\u0131\u015fanlara iletiliyor.<\/p>\n<p>\u00c7al\u0131\u015fanlara <strong>maske, dezenfektan ve eldiven<\/strong> gibi koruyucu malzemeler da\u011f\u0131t\u0131larak ortam\u0131n hijyeni en \u00fcst seviyede tutuluyor. <strong>Vir\u00fcs\u00fcn yay\u0131l\u0131m\u0131<\/strong>n\u0131 \u00f6nlemek ad\u0131na ki\u015filer aras\u0131 mesafeye de dikkat \u00e7eken <strong>SEDA\u015e<\/strong>&#8216;ta, y\u00fcz y\u00fcze yap\u0131lan toplant\u0131lar yerine de <strong>uzaktan ba\u011flant\u0131 sistemi<\/strong> ile yap\u0131lan toplant\u0131lar tercih ediliyor.<\/p>\n<h2><strong>M\u00dc\u015eTER\u0130 H\u0130ZMET MERKEZLER\u0130 YER\u0130NE ONLINE KANAL KULLANIMI<\/strong><\/h2>\n<p>T\u00fcm toplumu etkisi alt\u0131na alan s\u00fcre\u00e7te; <strong>m\u00fc\u015fteri ve t\u00fcm payda\u015flar\u0131n sa\u011fl\u0131\u011f\u0131n\u0131n korunmas\u0131<\/strong> i\u00e7in <strong>M\u00fc\u015fteri Hizmet Merkezleri<\/strong>\u2019nde yap\u0131lan i\u015flemler online kanallara y\u00f6nlendiriliyor. Sms ve sosyal platformlar arac\u0131l\u0131\u011f\u0131yla yap\u0131lan bilgilendirmelerde; m\u00fc\u015fterilerine <a href=\"https:\/\/www.sedas.com\" target=\"_blank\" rel=\"noopener\">https:\/\/www.sedas.com<\/a> adresi \u00fczerinden Web-online ve Web-Chat i\u015flem kanallar\u0131n\u0131, <a href=\"mailto:info@sedas.com\" target=\"_blank\" rel=\"noopener\">info@sedas.com<\/a> adresini, <strong>0530 919 19 19<\/strong> <strong>Whatsapp Hatt\u0131<\/strong> veya <strong>Alo 186 \u00c7a\u011fr\u0131 merkezi<\/strong>ni kullanmalar\u0131 konusunda duyuru yapan SEDA\u015e;\u00a0 al\u0131nan tedbirler do\u011frultusunda, kapal\u0131 ortamlarda \u00e7ok say\u0131da ki\u015finin bir arada bulunmas\u0131n\u0131 \u00f6nlemek ad\u0131na bu s\u00fcre\u00e7te <strong>M\u00fc\u015fteri Hizmet Merkezleri<\/strong>\u2019nde s\u0131n\u0131rl\u0131 say\u0131da g\u00f6revli bulunduracak.<\/p>\n<p><strong>SEDA\u015e ekipleri;<\/strong> Hayat\u0131n ola\u011fan ak\u0131\u015f\u0131n\u0131 engelleyebilecek enerji kesintilerinin \u00f6n\u00fcne ge\u00e7mek i\u00e7in <strong>7\/24<\/strong> esas\u0131nda \u00e7al\u0131\u015fmalar\u0131n\u0131 y\u00fcr\u00fct\u00fcrken, <strong>toplum ve \u00e7al\u0131\u015fanlar\u0131n\u0131n sa\u011fl\u0131\u011f\u0131<\/strong> i\u00e7in de gerekli ad\u0131mlar\u0131 atmaya devam ediyor.<\/p>","protected":false},"excerpt":{"rendered":"<p>Sorry, this entry is only available in Turkish. For the sake of viewer convenience, the content is shown below in the alternative language. You may click the link to switch the active language. T\u00fcm d\u00fcnyay\u0131 etkisi alt\u0131na alan korona vir\u00fcs\u00fcn yay\u0131l\u0131m\u0131n\u0131 engellemek amac\u0131yla al\u0131nan \u00f6nlemlerin kapsam\u0131 geni\u015fletirken, SEDA\u015e da hem saha hem de ofis \u00e7al\u0131\u015fanlar\u0131na [&hellip;]<\/p>\n","protected":false},"author":1,"featured_media":110395,"comment_status":"open","ping_status":"open","sticky":false,"template":"","format":"standard","meta":[],"categories":[51,53],"tags":[68859,64168,52674,52259,68858,1254,68861,68856,68857,38112,68860,2241,56856,64561],"views":143,"_links":{"self":[{"href":"https:\/\/www.enerjigazetesi.ist\/en\/wp-json\/wp\/v2\/posts\/110393"}],"collection":[{"href":"https:\/\/www.enerjigazetesi.ist\/en\/wp-json\/wp\/v2\/posts"}],"about":[{"href":"https:\/\/www.enerjigazetesi.ist\/en\/wp-json\/wp\/v2\/types\/post"}],"author":[{"embeddable":true,"href":"https:\/\/www.enerjigazetesi.ist\/en\/wp-json\/wp\/v2\/users\/1"}],"replies":[{"embeddable":true,"href":"https:\/\/www.enerjigazetesi.ist\/en\/wp-json\/wp\/v2\/comments?post=110393"}],"version-history":[{"count":0,"href":"https:\/\/www.enerjigazetesi.ist\/en\/wp-json\/wp\/v2\/posts\/110393\/revisions"}],"wp:featuredmedia":[{"embeddable":true,"href":"https:\/\/www.enerjigazetesi.ist\/en\/wp-json\/wp\/v2\/media\/110395"}],"wp:attachment":[{"href":"https:\/\/www.enerjigazetesi.ist\/en\/wp-json\/wp\/v2\/media?parent=110393"}],"wp:term":[{"taxonomy":"category","embeddable":true,"href":"https:\/\/www.enerjigazetesi.ist\/en\/wp-json\/wp\/v2\/categories?post=110393"},{"taxonomy":"post_tag","embeddable":true,"href":"https:\/\/www.enerjigazetesi.ist\/en\/wp-json\/wp\/v2\/tags?post=110393"}],"curies":[{"name":"wp","href":"https:\/\/api.w.org\/{rel}","templated":true}]}}