{"id":110389,"date":"2020-03-18T16:24:19","date_gmt":"2020-03-18T13:24:19","guid":{"rendered":"https:\/\/www.enerjigazetesi.ist\/?p=110389"},"modified":"2020-03-18T16:24:19","modified_gmt":"2020-03-18T13:24:19","slug":"18-mart-sehitleri-anma-gunu-ve-canakkale-deniz-zaferine-ozel-video","status":"publish","type":"post","link":"https:\/\/www.enerjigazetesi.ist\/en\/18-mart-sehitleri-anma-gunu-ve-canakkale-deniz-zaferine-ozel-video\/","title":{"rendered":"(Turkish) &#8217;18 Mart \u015eehitleri Anma G\u00fcn\u00fc ve \u00c7anakkale Deniz Zaferi&#8217;ne \u00d6zel Video!"},"content":{"rendered":"<p class=\"qtranxs-available-languages-message qtranxs-available-languages-message-en\">Sorry, this entry is only available in <a href=\"https:\/\/www.enerjigazetesi.ist\/tr\/wp-json\/wp\/v2\/posts\/110389\" class=\"qtranxs-available-language-link qtranxs-available-language-link-tr\" title=\"Turkish\">Turkish<\/a>. For the sake of viewer convenience, the content is shown below in the alternative language. You may click the link to switch the active language.<\/p><p><\/p>\n<h1><strong>\u00c7anakkale Sava\u015flar\u0131 ve Gelibolu Tarih\u00ee Alan Ba\u015fkanl\u0131\u011f\u0131 (\u00c7ATAB) 18 Mart \u015eehitleri Anma G\u00fcn\u00fc ve \u00c7anakkale Deniz Zaferi\u2019nin 105&#8217;inci y\u0131l d\u00f6n\u00fcm\u00fcne \u00f6zel video haz\u0131rlad\u0131. Tarihi zaferin kahramanlar\u0131n\u0131 \u201cHilalin G\u00f6lgesinde Sakl\u0131 Abideler\u201d slogan\u0131 etraf\u0131nda bulu\u015fturan \u00c7ATAB\u2019\u0131n haz\u0131rlad\u0131\u011f\u0131 video, televizyon ekranlar\u0131ndan ve internet \u00fczerinden izleyicilerle bulu\u015facak. <\/strong><\/h1>\n<p>\u00c7anakkale ruhunun toplumu olu\u015fturan b\u00fcy\u00fck, k\u00fc\u00e7\u00fck, gen\u00e7, ya\u015fl\u0131 t\u00fcm bireylerinin \u00f6zverisi ile kazan\u0131ld\u0131\u011f\u0131 d\u00fc\u015f\u00fcncesinden yola \u00e7\u0131karak, <strong>18 Mart \u015eehitleri Anma G\u00fcn\u00fc ve \u00c7anakkale Deniz Zaferi<\/strong>\u2019nin <strong>105. y\u0131l d\u00f6n\u00fcm\u00fc<\/strong>n\u00fcn slogan\u0131n\u0131 <strong>\u201cHilalin G\u00f6lgesinde Sakl\u0131 Abideler\u201d<\/strong> olarak belirleyen <strong>\u00c7anakkale <img loading=\"lazy\" class=\"alignright wp-image-110391\" src=\"https:\/\/www.enerjigazetesi.ist\/wp-content\/uploads\/2020\/03\/18-mart-sehitleri-anma-gunu-ve-canakkale-deniz-zaferine-ozel-video.jpg\" alt=\"\" width=\"320\" height=\"262\" srcset=\"https:\/\/www.enerjigazetesi.ist\/wp-content\/uploads\/2020\/03\/18-mart-sehitleri-anma-gunu-ve-canakkale-deniz-zaferine-ozel-video.jpg 857w, https:\/\/www.enerjigazetesi.ist\/wp-content\/uploads\/2020\/03\/18-mart-sehitleri-anma-gunu-ve-canakkale-deniz-zaferine-ozel-video-300x245.jpg 300w, https:\/\/www.enerjigazetesi.ist\/wp-content\/uploads\/2020\/03\/18-mart-sehitleri-anma-gunu-ve-canakkale-deniz-zaferine-ozel-video-768x628.jpg 768w, https:\/\/www.enerjigazetesi.ist\/wp-content\/uploads\/2020\/03\/18-mart-sehitleri-anma-gunu-ve-canakkale-deniz-zaferine-ozel-video-489x400.jpg 489w, https:\/\/www.enerjigazetesi.ist\/wp-content\/uploads\/2020\/03\/18-mart-sehitleri-anma-gunu-ve-canakkale-deniz-zaferine-ozel-video-61x50.jpg 61w\" sizes=\"(max-width: 320px) 100vw, 320px\" \/>Sava\u015flar\u0131 ve Gelibolu Tarih\u00ee Alan Ba\u015fkanl\u0131\u011f\u0131 (\u00c7ATAB)<\/strong>, bu \u00f6zel g\u00fcn i\u00e7in bir video haz\u0131rlad\u0131.<\/p>\n<p>Bu yurdun her kar\u0131\u015f topra\u011f\u0131 i\u00e7in sava\u015fan, cephede, cephe gerisinde omuz omuza ve karde\u015f\u00e7e <strong>Edirne\u2019den Kars\u2019a, Sinop\u2019tan Hatay\u2019a<\/strong> <em>dil, mezhep, s\u0131n\u0131r fark<\/em> etmeksizin t\u00fcm <strong>g\u00fcc\u00fc ve inanc\u0131yla onuruyla direnen<\/strong> bir milleti anlatan <strong>video izleyicilerine<\/strong> olduk\u00e7a duygulu anlar ya\u015fatt\u0131.<\/p>\n<p><strong>\u00c7anakkale Sava\u015flar\u0131 Gelibolu Tarihi Alan Ba\u015fkan\u0131 \u0130smail Ka\u015fdemir,<\/strong> haz\u0131rlanan video hakk\u0131nda \u015funlar\u0131 s\u00f6yledi: \u201c<strong>Milli birlik ve beraberli\u011fimizi<\/strong> ta\u00e7land\u0131ran <strong>18 Mart \u015eehitleri Anma G\u00fcn\u00fc ve \u00c7anakkale Deniz Zaferi<\/strong> kapsam\u0131nda vatanda\u015flar\u0131m\u0131z\u0131 ayn\u0131 gurur ve b\u00fct\u00fcnl\u00fck hissiyle bir araya getirmek amac\u0131yla haz\u0131rlad\u0131\u011f\u0131m\u0131z <strong>video, izleyenlerin b\u00fcy\u00fck be\u011fenisini<\/strong> kazand\u0131. Ba\u015fkanl\u0131k olarak haz\u0131rlad\u0131\u011f\u0131m\u0131z <strong>videonun televizyon kanallar\u0131<\/strong>nda yay\u0131nlanmas\u0131 i\u00e7in u\u011fra\u015f\u0131yoruz. <strong>\u00c7anakkale<\/strong>&#8216;yi <strong>18 Mart&#8217;ta<\/strong> tek bir dille, g\u00fc\u00e7l\u00fc bir \u015fekilde t\u00fcm T\u00fcrkiye`de hatta t\u00fcm d\u00fcnyada duyurmay\u0131 arzu ediyoruz.\u201d<\/p>\n<p><strong>Haz\u0131rlanan Videoyu \u0130zlemek \u0130\u00e7in:<\/strong>\u00a0<a href=\"http:\/\/18martetkinlikleri.com\/Films\" target=\"_blank\" rel=\"noopener\">http:\/\/18martetkinlikleri.com\/Films<\/a>\u00a0adresini ziyaret edebilirsiniz.<\/p>","protected":false},"excerpt":{"rendered":"<p>Sorry, this entry is only available in Turkish. For the sake of viewer convenience, the content is shown below in the alternative language. You may click the link to switch the active language. \u00c7anakkale Sava\u015flar\u0131 ve Gelibolu Tarih\u00ee Alan Ba\u015fkanl\u0131\u011f\u0131 (\u00c7ATAB) 18 Mart \u015eehitleri Anma G\u00fcn\u00fc ve \u00c7anakkale Deniz Zaferi\u2019nin 105&#8217;inci y\u0131l d\u00f6n\u00fcm\u00fcne \u00f6zel video [&hellip;]<\/p>\n","protected":false},"author":1,"featured_media":110391,"comment_status":"open","ping_status":"open","sticky":false,"template":"","format":"standard","meta":[],"categories":[51,53,157],"tags":[68853,68852,52259,68854,68855],"views":298,"_links":{"self":[{"href":"https:\/\/www.enerjigazetesi.ist\/en\/wp-json\/wp\/v2\/posts\/110389"}],"collection":[{"href":"https:\/\/www.enerjigazetesi.ist\/en\/wp-json\/wp\/v2\/posts"}],"about":[{"href":"https:\/\/www.enerjigazetesi.ist\/en\/wp-json\/wp\/v2\/types\/post"}],"author":[{"embeddable":true,"href":"https:\/\/www.enerjigazetesi.ist\/en\/wp-json\/wp\/v2\/users\/1"}],"replies":[{"embeddable":true,"href":"https:\/\/www.enerjigazetesi.ist\/en\/wp-json\/wp\/v2\/comments?post=110389"}],"version-history":[{"count":0,"href":"https:\/\/www.enerjigazetesi.ist\/en\/wp-json\/wp\/v2\/posts\/110389\/revisions"}],"wp:featuredmedia":[{"embeddable":true,"href":"https:\/\/www.enerjigazetesi.ist\/en\/wp-json\/wp\/v2\/media\/110391"}],"wp:attachment":[{"href":"https:\/\/www.enerjigazetesi.ist\/en\/wp-json\/wp\/v2\/media?parent=110389"}],"wp:term":[{"taxonomy":"category","embeddable":true,"href":"https:\/\/www.enerjigazetesi.ist\/en\/wp-json\/wp\/v2\/categories?post=110389"},{"taxonomy":"post_tag","embeddable":true,"href":"https:\/\/www.enerjigazetesi.ist\/en\/wp-json\/wp\/v2\/tags?post=110389"}],"curies":[{"name":"wp","href":"https:\/\/api.w.org\/{rel}","templated":true}]}}