{"id":110330,"date":"2020-03-17T13:33:39","date_gmt":"2020-03-17T10:33:39","guid":{"rendered":"https:\/\/www.enerjigazetesi.ist\/?p=110330"},"modified":"2020-03-17T13:33:39","modified_gmt":"2020-03-17T10:33:39","slug":"bosch-termoteknik-yeni-nesil-kulubu-ile-gelecek-nesillere-odaklaniyor","status":"publish","type":"post","link":"https:\/\/www.enerjigazetesi.ist\/en\/bosch-termoteknik-yeni-nesil-kulubu-ile-gelecek-nesillere-odaklaniyor\/","title":{"rendered":"(Turkish) Bosch Termoteknik, &#8216;Yeni Nesil Kul\u00fcb\u00fc&#8217; ile Gelecek Nesillere Odaklan\u0131yor!"},"content":{"rendered":"<p class=\"qtranxs-available-languages-message qtranxs-available-languages-message-en\">Sorry, this entry is only available in <a href=\"https:\/\/www.enerjigazetesi.ist\/tr\/wp-json\/wp\/v2\/posts\/110330\" class=\"qtranxs-available-language-link qtranxs-available-language-link-tr\" title=\"Turkish\">Turkish<\/a>. For the sake of viewer convenience, the content is shown below in the alternative language. You may click the link to switch the active language.<\/p><p><\/p>\n<h1><strong>Bosch Termoteknik, iklimlendirme sekt\u00f6r\u00fcne katma de\u011fer sa\u011flayan platformu \u201cYeni Nesil Kul\u00fcb\u00fc\u201d ile yetkili servis ve i\u015f ortaklar\u0131n\u0131n 2&#8217;inci nesillerini bir araya getirerek s\u00fcrd\u00fcr\u00fclebilir bir a\u011f kuruyor.<\/strong><\/h1>\n<p>\u0130klimlendirme sekt\u00f6r\u00fcnde tek olan \u201cYeni Nesil Kul\u00fcb\u00fc\u201d platfomu, <strong>Bosch Termoteknik T\u00fcrkiye<\/strong>\u2019nin yetkili servis ve i\u015f ortaklar\u0131n\u0131n ikinci ku\u015faklar\u0131yla s\u0131k\u0131 ve s\u00fcrd\u00fcr\u00fclebilir bir ileti\u015fim a\u011f\u0131 yakalamak amac\u0131yla <strong>2017 y\u0131l\u0131nda<\/strong> kuruldu. Kul\u00fcb\u00fcn organizasyonu, <strong>18<\/strong> ve <strong>30<\/strong> ya\u015flar\u0131 aras\u0131nda, e\u011fitimini <img loading=\"lazy\" class=\"alignright wp-image-110333\" src=\"https:\/\/www.enerjigazetesi.ist\/wp-content\/uploads\/2020\/03\/bosch-termoteknik-yeni-nesil-kulubu-ile-gelecek-nesillere-odaklaniyor-1.jpg\" alt=\"\" width=\"320\" height=\"180\" srcset=\"https:\/\/www.enerjigazetesi.ist\/wp-content\/uploads\/2020\/03\/bosch-termoteknik-yeni-nesil-kulubu-ile-gelecek-nesillere-odaklaniyor-1.jpg 868w, https:\/\/www.enerjigazetesi.ist\/wp-content\/uploads\/2020\/03\/bosch-termoteknik-yeni-nesil-kulubu-ile-gelecek-nesillere-odaklaniyor-1-300x169.jpg 300w, https:\/\/www.enerjigazetesi.ist\/wp-content\/uploads\/2020\/03\/bosch-termoteknik-yeni-nesil-kulubu-ile-gelecek-nesillere-odaklaniyor-1-768x432.jpg 768w, https:\/\/www.enerjigazetesi.ist\/wp-content\/uploads\/2020\/03\/bosch-termoteknik-yeni-nesil-kulubu-ile-gelecek-nesillere-odaklaniyor-1-500x281.jpg 500w, https:\/\/www.enerjigazetesi.ist\/wp-content\/uploads\/2020\/03\/bosch-termoteknik-yeni-nesil-kulubu-ile-gelecek-nesillere-odaklaniyor-1-80x45.jpg 80w\" sizes=\"(max-width: 320px) 100vw, 320px\" \/>iklimlendirme sekt\u00f6r\u00fc \u00fczerine s\u00fcrd\u00fcren, gelecekte sekt\u00f6re katk\u0131 sa\u011flamay\u0131 hedefleyen veya sekt\u00f6rde aktif olarak \u00e7al\u0131\u015fan gen\u00e7lerden olu\u015fuyor. Kul\u00fcp, Bosch Termoteknik Bireysel Kanal T\u00fcrkiye Sat\u0131\u015f M\u00fcd\u00fcr\u00fc <strong>H\u00fcseyin \u00dcmit \u00c7ilingir<\/strong> liderli\u011finde ve Pazarlama profesyonellerinin katk\u0131lar\u0131yla varl\u0131\u011f\u0131n\u0131 s\u00fcrd\u00fcr\u00fcyor.<\/p>\n<p>T\u00fcrkiye\u2019nin bir\u00e7ok farkl\u0131 \u015fehrinden i\u015f ortaklar\u0131n\u0131n <strong>2&#8217;inci nesiller<\/strong>ini bulu\u015fturan <strong>Yeni Nesil Kul\u00fcb\u00fc<\/strong>, Bosch k\u00fclt\u00fcr\u00fc ve de\u011ferlerine sahip olan ve bu k\u00fclt\u00fcr\u00fcn devaml\u0131l\u0131\u011f\u0131na odaklanan <strong>gen\u00e7leri gelece\u011fe haz\u0131rlama<\/strong>y\u0131 hedefliyor. Kul\u00fcp bu hedefinin yan\u0131 s\u0131ra<strong> gen\u00e7 nesillerin<\/strong> birbiriyle rahatl\u0131kla bilgi al\u0131\u015fveri\u015finde bulunmas\u0131 sayesinde i\u015f ortaklar\u0131 aras\u0131ndaki bilgi payla\u015f\u0131m\u0131n\u0131 da art\u0131r\u0131yor.<\/p>\n<p><strong>Yeni Nesil Kul\u00fcb\u00fc<\/strong>, mesleki geli\u015fimi oda\u011f\u0131na alarak bu do\u011frultuda <strong>3 y\u0131ld\u0131r<\/strong> d\u00fczenli aktiviteler ger\u00e7ekle\u015ftiriyor. Faaliyet plan\u0131 kapsam\u0131nda y\u0131l\u0131n belirli d\u00f6nemlerinde bir araya gelen <strong>Yeni Nesil Kul\u00fcb\u00fc \u00fcyeleri<\/strong>ne, Bosch\u2019un her daim oda\u011f\u0131nda olan d\u00fcnya ve \u00fclke trendleri konular\u0131nda e\u011fitimler veriliyor. T\u00fcrkiye\u2019nin \u00e7e\u015fitli \u015fehirlerinde ve Bosch Termoteknik Manisa Fabrikas\u0131nda <strong>e\u011fitim ve konferanslar<\/strong>la bir araya gelen kul\u00fcp, <strong>21 \u015eubat 2020<\/strong> tarihinde, <strong>2020 y\u0131l\u0131n\u0131n<\/strong> ilk etkinli\u011fini d\u00fczenledi. Etkinlik kapsam\u0131nda Bosch profesyonelleri taraf\u0131ndan <strong>\u201cD\u00fcnyada Dijital D\u00f6n\u00fc\u015f\u00fcm ve De\u011fi\u015fim, Geli\u015fen Yeni Trendler, Bosch\u2019un Dijitalle\u015fme ve Marka \u0130leti\u015fiminde Att\u0131\u011f\u0131 Ad\u0131mlar\u201d<\/strong> konular\u0131nda sunumlar ger\u00e7ekle\u015ftirildi. Verimli ge\u00e7en etkinlikte ayn\u0131 zamanda \u201c<strong>Teknoloji trendlerini<\/strong> deneyimleyerek \u00f6\u011fren\u201d konseptli bir e\u011fitim de hayata ge\u00e7irildi. Son olarak <strong>2020 y\u0131l\u0131<\/strong> i\u00e7indeki aktivitelerini planlayan kul\u00fcp \u00fcyeleri ve <strong>Bosch Termoteknik profesyonelleri<\/strong>, dopdolu ge\u00e7en g\u00fcn\u00fcn ak\u015fam\u0131nda keyifli bir <strong>ak\u015fam yeme\u011fi<\/strong> d\u00fczenledi.<\/p>\n<h2><strong>Yeni Nesil Kul\u00fcb\u00fc\u2019ne Bosch Y\u00f6netiminden Tam Destek<\/strong><\/h2>\n<p>Gen\u00e7leri iklimlendirme sekt\u00f6r\u00fcne ve gelece\u011fe haz\u0131rlamak amac\u0131yla kurulan Yeni Nesil Kul\u00fcb\u00fc Bosch y\u00f6netimi taraf\u0131ndan da destekleniyor. <strong>Bosch Termoteknik T\u00fcrkiye<\/strong> Sat\u0131\u015f Genel M\u00fcd\u00fcr\u00fc <strong>K\u0131van\u00e7 Arman<\/strong> kul\u00fcple ilgili g\u00f6r\u00fc\u015flerini \u015fu \u015fekilde belirtiyor: \u201cSekt\u00f6r\u00fcm\u00fczde tek olan bu \u00f6zel platform sayesinde hem <strong>Bosch k\u00fclt\u00fcr\u00fc<\/strong>n\u00fcn varl\u0131\u011f\u0131n\u0131 nesiller boyu s\u00fcrd\u00fcr\u00fcyor hem de sekt\u00f6r\u00fcm\u00fcze katma de\u011fer sa\u011fl\u0131yoruz. Gen\u00e7lerimizle, payda\u015flar\u0131m\u0131zla etkile\u015fimde oldu\u011fumuz her an\u0131 \u00f6nemli bulmakla birlikte, Yeni Nesil Kul\u00fcb\u00fc\u2019n\u00fcn gelecek odakl\u0131l\u0131\u011f\u0131n\u0131 \u015firketimizin <strong>\u201cTermoteknoloji \u00c7\u00f6z\u00fcmlerinde Lider\u201d vizyonu<\/strong> ile birebir \u00f6rt\u00fc\u015ft\u00fcr\u00fcyoruz. \u00d6n\u00fcm\u00fczdeki y\u0131llarda da, <strong>gen\u00e7 nesilleri<\/strong>mizle bir araya gelerek sekt\u00f6r\u00fcm\u00fcze de\u011fer katmaya devam edece\u011fiz.<\/p>","protected":false},"excerpt":{"rendered":"<p>Sorry, this entry is only available in Turkish. For the sake of viewer convenience, the content is shown below in the alternative language. You may click the link to switch the active language. Bosch Termoteknik, iklimlendirme sekt\u00f6r\u00fcne katma de\u011fer sa\u011flayan platformu \u201cYeni Nesil Kul\u00fcb\u00fc\u201d ile yetkili servis ve i\u015f ortaklar\u0131n\u0131n 2&#8217;inci nesillerini bir araya getirerek [&hellip;]<\/p>\n","protected":false},"author":1,"featured_media":110335,"comment_status":"open","ping_status":"open","sticky":false,"template":"","format":"standard","meta":[],"categories":[53,52],"tags":[35354,68808,50402,56547,52259,68807,53499,65569,57125,68809,68805,68806],"views":194,"_links":{"self":[{"href":"https:\/\/www.enerjigazetesi.ist\/en\/wp-json\/wp\/v2\/posts\/110330"}],"collection":[{"href":"https:\/\/www.enerjigazetesi.ist\/en\/wp-json\/wp\/v2\/posts"}],"about":[{"href":"https:\/\/www.enerjigazetesi.ist\/en\/wp-json\/wp\/v2\/types\/post"}],"author":[{"embeddable":true,"href":"https:\/\/www.enerjigazetesi.ist\/en\/wp-json\/wp\/v2\/users\/1"}],"replies":[{"embeddable":true,"href":"https:\/\/www.enerjigazetesi.ist\/en\/wp-json\/wp\/v2\/comments?post=110330"}],"version-history":[{"count":0,"href":"https:\/\/www.enerjigazetesi.ist\/en\/wp-json\/wp\/v2\/posts\/110330\/revisions"}],"wp:featuredmedia":[{"embeddable":true,"href":"https:\/\/www.enerjigazetesi.ist\/en\/wp-json\/wp\/v2\/media\/110335"}],"wp:attachment":[{"href":"https:\/\/www.enerjigazetesi.ist\/en\/wp-json\/wp\/v2\/media?parent=110330"}],"wp:term":[{"taxonomy":"category","embeddable":true,"href":"https:\/\/www.enerjigazetesi.ist\/en\/wp-json\/wp\/v2\/categories?post=110330"},{"taxonomy":"post_tag","embeddable":true,"href":"https:\/\/www.enerjigazetesi.ist\/en\/wp-json\/wp\/v2\/tags?post=110330"}],"curies":[{"name":"wp","href":"https:\/\/api.w.org\/{rel}","templated":true}]}}