{"id":110149,"date":"2020-03-13T17:46:38","date_gmt":"2020-03-13T14:46:38","guid":{"rendered":"https:\/\/www.enerjigazetesi.ist\/?p=110149"},"modified":"2020-03-13T17:51:03","modified_gmt":"2020-03-13T14:51:03","slug":"cevre-muhendisi-adaylari-atik-yonetimini-uygulamali-egitim-ile-pekistiriyor","status":"publish","type":"post","link":"https:\/\/www.enerjigazetesi.ist\/en\/cevre-muhendisi-adaylari-atik-yonetimini-uygulamali-egitim-ile-pekistiriyor\/","title":{"rendered":"(Turkish) &#8217;\u00c7evre M\u00fchendisi&#8217; Adaylar\u0131 At\u0131k Y\u00f6netimini Uygulamal\u0131 E\u011fitim \u0130le Peki\u015ftiriyor"},"content":{"rendered":"<p class=\"qtranxs-available-languages-message qtranxs-available-languages-message-en\">Sorry, this entry is only available in <a href=\"https:\/\/www.enerjigazetesi.ist\/tr\/wp-json\/wp\/v2\/posts\/110149\" class=\"qtranxs-available-language-link qtranxs-available-language-link-tr\" title=\"Turkish\">Turkish<\/a>. For the sake of viewer convenience, the content is shown below in the alternative language. You may click the link to switch the active language.<\/p><p><\/p>\n<h1><strong>\u201cTAY\u00c7ED AKADEM\u0130\u201d UYGULAMALI ATIK Y\u00d6NET\u0130M\u0130 MESLEK\u0130 E\u011e\u0130T\u0130M PROGRAMI<\/strong><\/h1>\n<p>&nbsp;<\/p>\n<h1><strong>\u201c\u00c7evre M\u00fchendisli\u011fi\u201d \u00f6\u011frencileri at\u0131k y\u00f6netimini sekt\u00f6r\u00fcn liderlerinden dinleyecek ve uygulamalar\u0131n i\u00e7inde yer alarak mesleklerini erkenden deneyimleme imkan\u0131na sahip olacak.<\/strong><\/h1>\n<p style=\"text-align: center;\"><img loading=\"lazy\" class=\"aligncenter wp-image-110152\" src=\"https:\/\/www.enerjigazetesi.ist\/wp-content\/uploads\/2020\/03\/cevre-muhendisi-adaylari-atik-yonetimini-uygulamali-egitim-ile-pekistiriyor-1-1024x485.jpg\" alt=\"\" width=\"624\" height=\"279\" \/><\/p>\n<p><strong>Entegre At\u0131k Y\u00f6netimi<\/strong> sekt\u00f6r\u00fcn\u00fcn lider \u015firketlerinden AKADEM\u0130 \u00c7EVRE CEO\u2019su <strong>Ufuk I\u015f\u0131k<\/strong>\u2019\u0131n, sekt\u00f6re deneyimli <strong>\u00e7evre m\u00fchendisleri<\/strong> yeti\u015ftirmek hedefiyle ba\u015flatt\u0131\u011f\u0131 <strong>\u201cUygulamal\u0131 At\u0131k Y\u00f6netimi Mesleki E\u011fitim Program\u0131\u201d<\/strong>, sekt\u00f6r\u00fcn lider sivil toplum \u00f6rg\u00fct\u00fc <strong>TAY\u00c7ED\u2019in (T\u00fcm At\u0131k ve \u00c7evre Y\u00f6netimi Derne\u011fi)<\/strong> de deste\u011fi al\u0131narak hayata ge\u00e7ti.<\/p>\n<p><strong>Sakarya \u00dcniversitesi, Kocaeli \u00dcniversitesi <\/strong>ve<strong> Gebze Teknik \u00dcniversitesi<\/strong> \u00c7evre M\u00fchendisli\u011fi b\u00f6l\u00fcmlerinden toplam <strong>48 \u00f6\u011frenci<\/strong> ile ba\u015flayan projenin tan\u0131t\u0131m toplant\u0131s\u0131 ge\u00e7ti\u011fimiz hafta <strong>Akademi \u00c7evre<\/strong>\u2019nin <strong>Tuzla\u2019daki<\/strong> merkezinde yap\u0131ld\u0131.<\/p>\n<p><strong>TAY\u00c7ED \u00fcyeleri<\/strong>nin i\u015fletmelerinde, sekt\u00f6re hizmet veren <strong>akademisyenler ve at\u0131k y\u00f6netimi<\/strong>nde lider \u015firketlerin y\u00f6neticileri taraf\u0131ndan verilecek e\u011fitim program\u0131 toplam <strong>12 hafta<\/strong> s\u00fcrecek. Uygulamal\u0131 e\u011fitim program\u0131na kat\u0131lan \u00f6\u011frenciler bu s\u00fcre\u00e7te <strong>T\u00fcrkiye\u2019nin<\/strong> en b\u00fcy\u00fck <strong>entegre at\u0131k \u015firketleri<\/strong>ni yak\u0131ndan tan\u0131ma, bu tesislerdeki uygulamalar\u0131 bire bir g\u00f6zlemleme imkan\u0131 yakalayacaklar.<\/p>\n<p>Proje fikrini yaratan <strong>AKADEM\u0130 \u00c7EVRE CEO\u2019 su Ufuk I\u015eIK,<\/strong> TAY\u00c7ED\u2019in koordinasyonunda bu projeyi hayata ge\u00e7irmekten \u00e7ok memnun oldu\u011funu belirtti. Tan\u0131t\u0131m toplant\u0131s\u0131nda konu\u015fan <strong>Ufuk I\u015eIK;<\/strong> \u201c<strong><em>Bizler; at\u0131k sekt\u00f6r\u00fcn\u00fcn referans noktas\u0131 olan TAY\u00c7ED \u00fcyeleri olarak \u00fclkemizde at\u0131k sekt\u00f6r\u00fcn\u00fcn geli\u015fmesi i\u00e7in \u00e7ok \u00f6nemli roller oynayan kurulu\u015flar\u0131z. Sekt\u00f6r\u00fcm\u00fcz\u00fc geli\u015ftirmek, d\u00fcnya standartlar\u0131na y\u00fckseltmek \u015f\u00fcphesiz hepimizin ortak hedefi. Bu hedefe do\u011fru giderken, gelecekte bu alan\u0131 teslim edece\u011fimiz yetkin ki\u015filerin say\u0131s\u0131n\u0131n artmas\u0131 gerekti\u011fine inan\u0131yorum. Bu d\u00fc\u015f\u00fcnceden yola \u00e7\u0131karak uygulamal\u0131 mesleki e\u011fitim program\u0131 fikrini geli\u015ftirdik ve bug\u00fcn, burada bu fikri hayata ge\u00e7iriyoruz. Projemizin temel amac\u0131; sekt\u00f6r uzmanlar\u0131nca verilecek uygulamal\u0131 e\u011fitimler ile \u00e7evre m\u00fchendisli\u011fi 3&#8217;\u00fcnc\u00fc ve 4&#8217;\u00fcnc\u00fc s\u0131n\u0131flar\u0131nda okuyan ve at\u0131k end\u00fcstrisine ilgi duyan \u00f6\u011frencilerin geli\u015fmelerine destek olmak\u201d <\/em><\/strong>dedi.<\/p>\n<p><strong>Sahip oldu\u011fu lisanslar\u0131<\/strong> kapsam\u0131nda <strong>700\u2019\u00fcn \u00fczerinde<\/strong> at\u0131k kodunu tesisinde i\u015fleyebilen <strong>Akademi \u00c7evre<\/strong>, <strong>12 Mart 2020<\/strong> haftas\u0131 ba\u015flayacak <strong>uygulamal\u0131 e\u011fitim program\u0131<\/strong>na ev sahipli\u011fi yapacak.<\/p>","protected":false},"excerpt":{"rendered":"<p>Sorry, this entry is only available in Turkish. For the sake of viewer convenience, the content is shown below in the alternative language. You may click the link to switch the active language. \u201cTAY\u00c7ED AKADEM\u0130\u201d UYGULAMALI ATIK Y\u00d6NET\u0130M\u0130 MESLEK\u0130 E\u011e\u0130T\u0130M PROGRAMI &nbsp; \u201c\u00c7evre M\u00fchendisli\u011fi\u201d \u00f6\u011frencileri at\u0131k y\u00f6netimini sekt\u00f6r\u00fcn liderlerinden dinleyecek ve uygulamalar\u0131n i\u00e7inde yer alarak [&hellip;]<\/p>\n","protected":false},"author":1,"featured_media":110153,"comment_status":"open","ping_status":"open","sticky":false,"template":"","format":"standard","meta":[],"categories":[53,52],"tags":[40346,3119,68641,52317,52259,68639,68636,45675,40968,731,57125,37032,68642,68638,68635,68637,68640],"views":178,"_links":{"self":[{"href":"https:\/\/www.enerjigazetesi.ist\/en\/wp-json\/wp\/v2\/posts\/110149"}],"collection":[{"href":"https:\/\/www.enerjigazetesi.ist\/en\/wp-json\/wp\/v2\/posts"}],"about":[{"href":"https:\/\/www.enerjigazetesi.ist\/en\/wp-json\/wp\/v2\/types\/post"}],"author":[{"embeddable":true,"href":"https:\/\/www.enerjigazetesi.ist\/en\/wp-json\/wp\/v2\/users\/1"}],"replies":[{"embeddable":true,"href":"https:\/\/www.enerjigazetesi.ist\/en\/wp-json\/wp\/v2\/comments?post=110149"}],"version-history":[{"count":0,"href":"https:\/\/www.enerjigazetesi.ist\/en\/wp-json\/wp\/v2\/posts\/110149\/revisions"}],"wp:featuredmedia":[{"embeddable":true,"href":"https:\/\/www.enerjigazetesi.ist\/en\/wp-json\/wp\/v2\/media\/110153"}],"wp:attachment":[{"href":"https:\/\/www.enerjigazetesi.ist\/en\/wp-json\/wp\/v2\/media?parent=110149"}],"wp:term":[{"taxonomy":"category","embeddable":true,"href":"https:\/\/www.enerjigazetesi.ist\/en\/wp-json\/wp\/v2\/categories?post=110149"},{"taxonomy":"post_tag","embeddable":true,"href":"https:\/\/www.enerjigazetesi.ist\/en\/wp-json\/wp\/v2\/tags?post=110149"}],"curies":[{"name":"wp","href":"https:\/\/api.w.org\/{rel}","templated":true}]}}