{"id":110038,"date":"2020-03-12T12:30:29","date_gmt":"2020-03-12T09:30:29","guid":{"rendered":"https:\/\/www.enerjigazetesi.ist\/?p=110038"},"modified":"2020-03-12T12:31:37","modified_gmt":"2020-03-12T09:31:37","slug":"avdel-hedefimiz-acik-ara-liderligimizi-surdurmek","status":"publish","type":"post","link":"https:\/\/www.enerjigazetesi.ist\/en\/avdel-hedefimiz-acik-ara-liderligimizi-surdurmek\/","title":{"rendered":"(Turkish) Avdel: &#8220;Hedefimiz A\u00e7\u0131k Ara Liderli\u011fimizi S\u00fcrd\u00fcrmek&#8221;"},"content":{"rendered":"<p class=\"qtranxs-available-languages-message qtranxs-available-languages-message-en\">Sorry, this entry is only available in <a href=\"https:\/\/www.enerjigazetesi.ist\/tr\/wp-json\/wp\/v2\/posts\/110038\" class=\"qtranxs-available-language-link qtranxs-available-language-link-tr\" title=\"Turkish\">Turkish<\/a>. For the sake of viewer convenience, the content is shown below in the alternative language. You may click the link to switch the active language.<\/p><p><\/p>\n<h1><strong>DemirD\u00f6k\u00fcm\u2019\u00fcn yetkili sat\u0131c\u0131lar\u0131 i\u00e7in geleneksel olarak d\u00fczenledi\u011fi &#8220;Liderler Zirvesi&#8221; K\u0131br\u0131s&#8217;ta ger\u00e7ekle\u015fti. Bu y\u0131l &#8220;A\u00e7\u0131k Ara&#8221; temas\u0131yla d\u00fczenlenen zirveye 200 i\u015f orta\u011f\u0131 kat\u0131l\u0131rken, 4 g\u00fcn s\u00fcren etkinlikte 2019 y\u0131l\u0131 i\u015f sonu\u00e7lar\u0131 ile 2020 y\u0131l\u0131 hedefleri payla\u015f\u0131ld\u0131. <\/strong><\/h1>\n<p><strong>\u0130klimlendirme sekt\u00f6r\u00fc<\/strong>n\u00fcn 66 y\u0131ll\u0131k ge\u00e7mi\u015fiyle en k\u00f6kl\u00fc markas\u0131 olan <strong>DemirD\u00f6k\u00fcm\u2019\u00fcn i\u015f <img loading=\"lazy\" class=\"alignright wp-image-110040\" src=\"https:\/\/www.enerjigazetesi.ist\/wp-content\/uploads\/2020\/03\/avdel-hedefimiz-acik-ara-liderligimizi-surdurmek-1.jpg\" alt=\"\" width=\"320\" height=\"192\" srcset=\"https:\/\/www.enerjigazetesi.ist\/wp-content\/uploads\/2020\/03\/avdel-hedefimiz-acik-ara-liderligimizi-surdurmek-1.jpg 814w, https:\/\/www.enerjigazetesi.ist\/wp-content\/uploads\/2020\/03\/avdel-hedefimiz-acik-ara-liderligimizi-surdurmek-1-300x180.jpg 300w, https:\/\/www.enerjigazetesi.ist\/wp-content\/uploads\/2020\/03\/avdel-hedefimiz-acik-ara-liderligimizi-surdurmek-1-768x460.jpg 768w, https:\/\/www.enerjigazetesi.ist\/wp-content\/uploads\/2020\/03\/avdel-hedefimiz-acik-ara-liderligimizi-surdurmek-1-500x300.jpg 500w, https:\/\/www.enerjigazetesi.ist\/wp-content\/uploads\/2020\/03\/avdel-hedefimiz-acik-ara-liderligimizi-surdurmek-1-80x48.jpg 80w\" sizes=\"(max-width: 320px) 100vw, 320px\" \/>ortaklar\u0131yla<\/strong> ili\u015fkilerini g\u00fc\u00e7lendirmek amac\u0131yla geleneksel olarak d\u00fczenledi\u011fi <strong>Liderler Zirvesi<\/strong>, K\u0131br\u0131s\u2019ta ger\u00e7ekle\u015fti. Bu y\u0131l <strong>&#8220;A\u00e7\u0131k Ara&#8221; temas\u0131<\/strong>yla d\u00fczenlenen organizasyona T\u00fcrkiye genelinden<strong> 200 DemirD\u00f6k\u00fcm yetkili sat\u0131c\u0131s\u0131<\/strong> kat\u0131ld\u0131. 2019&#8217;u T\u00fcrkiye dahil olmak \u00fczere 8 \u00fclkede lider olarak tamamlayan DemirD\u00f6k\u00fcm&#8217;\u00fcn Liderler Zirvesi&#8217;nde DemirD\u00f6k\u00fcm CEO\u2019su <strong>Alper Avdel<\/strong>, Vaillant Group T\u00fcrkiye CFO\u2019su <strong>Hasan Eren<\/strong>, DemirD\u00f6k\u00fcm Sat\u0131\u015f Direkt\u00f6r\u00fc <strong>Ufuk Atan<\/strong> ve DemirD\u00f6k\u00fcm Pazarlama Direkt\u00f6r\u00fc <strong>Bilge K\u0131ran<\/strong> \u015firketin 2019 y\u0131l\u0131 i\u015f sonu\u00e7lar\u0131 ile 2020 y\u0131l\u0131 hedeflerini payla\u015ft\u0131.<\/p>\n<p><strong>\u201cM\u00dc\u015eTER\u0130 MEMNUN\u0130YET\u0130NDE REFERANS NOKTASI OLACA\u011eIZ\u201d<\/strong><\/p>\n<p>Toplant\u0131n\u0131n a\u00e7\u0131l\u0131\u015f\u0131nda <strong>2019 y\u0131l\u0131nda<\/strong> T\u00fcrkiye\u2019ye, i\u015f ortaklar\u0131na ve t\u00fcketicilere de\u011fer yaratmak i\u00e7in<strong> ErP d\u00f6n\u00fc\u015f\u00fcm\u00fc<\/strong>ne, yeni projelere ve DemirD\u00f6k\u00fcm\u2019\u00fc sekt\u00f6rde referans noktas\u0131 yapacak m\u00fc\u015fteri deneyimi \u00e7al\u0131\u015fmalar\u0131na odakland\u0131klar\u0131n\u0131 belirten <strong>CEO Alper Avdel<\/strong>; \u201cLiderli\u011fimizi geli\u015ftirerek devam ettirme s\u00f6z\u00fcm\u00fcz\u00fc tutman\u0131n gururunu ya\u015f\u0131yoruz. 2019 y\u0131l\u0131nda <strong>yo\u011fu\u015fmal\u0131 kombi sat\u0131\u015flar\u0131<\/strong>m\u0131z\u0131 art\u0131rd\u0131k. T\u00fcrkiye genelinde a\u00e7\u0131k ara liderli\u011fimiz devam etti. Yeni gaz gelen <strong>il ve il\u00e7eler ile de\u011fi\u015fim pazarlar\u0131<\/strong> i\u00e7in ge\u00e7en y\u0131l T\u00fcrkiye&#8217;yi \u015fehir \u015fehir dola\u015f\u0131p hem i\u015f ortaklar\u0131m\u0131zla hem t\u00fcketicilerimizle bulu\u015ftuk. \u00dcr\u00fcnlerimizi, <strong>yo\u011fu\u015fmal\u0131 kombiler<\/strong>in \u00fclkemize ve t\u00fcketicilere sa\u011flad\u0131\u011f\u0131 katma de\u011feri detaylar\u0131yla payla\u015ft\u0131k. Bu emeklerimizle yeni <strong>gaz ve de\u011fi\u015fim pazar\u0131nda<\/strong> da <strong>DemirD\u00f6k\u00fcm<\/strong> markam\u0131z lider oldu&#8221; a\u00e7\u0131klamas\u0131n\u0131 yapt\u0131.<\/p>\n<p><strong>SADAKAT VE M\u00dc\u015eTER\u0130 MEMMUN\u0130YET\u0130NDE 1\u2019\u0130NC\u0130 SIRADA<\/strong><\/p>\n<p><strong>Kombinin yan\u0131 s\u0131ra<\/strong> yeni i\u015f kollar\u0131nda da <strong>DemirD\u00f6k\u00fcm&#8217;\u00fcn<\/strong> h\u0131zl\u0131 bir b\u00fcy\u00fcme elde etti\u011fini kaydeden <strong>Avdel<\/strong>; \u201c2019 y\u0131l\u0131nda zorlu pazar ko\u015fullar\u0131na ra\u011fmen iddias\u0131n\u0131 s\u00fcrd\u00fcren DemirD\u00f6k\u00fcm, sahip oldu\u011fu geni\u015f \u00fcr\u00fcn gam\u0131yla t\u00fcm b\u00fcy\u00fck illerde liderli\u011fe eri\u015fti. \u00dcr\u00fcnlerinde <strong>teknoloji, tasar\u0131m ve \u00f6zellikleriyle<\/strong> \u00f6n plana \u00e7\u0131kan DemirD\u00f6k\u00fcm, <strong>sat\u0131\u015f \u00f6ncesi ve sonras\u0131nda uygulad\u0131\u011f\u0131<\/strong> programlarla da <strong>m\u00fc\u015fteri memnuniyeti<\/strong>nde referans noktas\u0131 olmay\u0131 ba\u015fard\u0131. <strong>YouGov Is\u0131tma Sekt\u00f6r\u00fc Marka Bilinirlik Ara\u015ft\u0131rmas\u0131<\/strong>\u2019na g\u00f6re marka tercihinde <strong>1\u2019inci<\/strong> s\u0131rada yer ald\u0131k&#8221; dedi.<\/p>\n<p><strong>2019 y\u0131l\u0131nda<\/strong> cirosu <strong>2 milyar TL&#8217;ye<\/strong> \u00e7\u0131kan DemirD\u00f6k\u00fcm&#8217;\u00fcn, lider oldu\u011fu alanlar\u0131 peki\u015ftirerek bu alanlara yenilerini alanlar eklemek i\u00e7in haz\u0131rl\u0131klar\u0131n\u0131 tamamland\u0131\u011f\u0131n\u0131 belirten <strong>Alper Avdel<\/strong> \u015f\u00f6yle konu\u015ftu; &#8220;Bu y\u0131l <strong>2019&#8217;dan daha iyi bir y\u0131l<\/strong> olacak. Yenilikte h\u0131z kesmeden yolumuza devam edece\u011fiz. \u00dcr\u00fcn gruplar\u0131m\u0131za ekleyece\u011fimiz y<strong>eni \u00fcr\u00fcnlerimiz, kombi de\u011fi\u015fim pazar\u0131 ve do\u011falgaz\u0131n ula\u015faca\u011f\u0131 yeni il\u00e7elerle<\/strong> birlikte i\u00e7 pazardaki hedeflerimize rahatl\u0131kla ula\u015faca\u011f\u0131m\u0131z\u0131 \u00f6ng\u00f6r\u00fcyoruz. Hedefimiz y\u0131l sonunda y\u00fczde 20 b\u00fcy\u00fcmek.&#8221;<\/p>\n<p><strong>\u201cT\u00dcRK\u0130YE\u2019N\u0130N D\u00d6RT B\u0130R YANINDAK\u0130 \u0130N\u015eAAT PROJELER\u0130N\u0130N \u0130LK TERC\u0130H\u0130 OLDUK\u201d<\/strong><\/p>\n<p>Toplant\u0131da <strong>2019 y\u0131l\u0131nda<\/strong> sekt\u00f6rde ya\u015fanan daralmada i\u015f ortaklar\u0131n\u0131 ve t\u00fcketicileri desteklemek i\u00e7in yeni finansman uygulamalar\u0131n\u0131 hayata ge\u00e7irdiklerini belirten <strong>DemirD\u00f6k\u00fcm Sat\u0131\u015f Direkt\u00f6r\u00fc<\/strong> <strong>Ufuk Atan<\/strong>, &#8220;Y\u0131l boyunca i\u015f ortaklar\u0131m\u0131z\u0131 desteklemek, t\u00fcketicilerimizi avantajl\u0131 ko\u015fullarla bulu\u015fturmak i\u00e7in farkl\u0131 ihtiya\u00e7lara y\u00f6nelik kampanyalar d\u00fczenledik. <strong>Proaktif ve kusursuz m\u00fc\u015fteri deneyimi yakla\u015f\u0131m\u0131m\u0131z<\/strong> ile 2019&#8217;u a\u00e7\u0131k ara lider bitirdik. T\u00fcrkiye&#8217;nin <strong>d\u00f6rt bir yan\u0131nda<\/strong> h\u0131zla y\u00fckselen b\u00fcy\u00fck in\u015faat projelerinin kombi, merkezi sistem ve<strong> VRF tercihi<\/strong> de <strong>DemirD\u00f6k\u00fcm<\/strong> oldu. Bu y\u0131l pazar\u0131n <strong>% 15<\/strong> b\u00fcy\u00fcmesi \u00f6ng\u00f6r\u00fcl\u00fcyor. DemirD\u00f6k\u00fcm olarak pazar\u0131n \u00fczerinde bir b\u00fcy\u00fcme hedefiyle 2020&#8217;ye ba\u015flad\u0131k. <strong>Kombi ve panel radyat\u00f6r\u00fcn<\/strong> yan\u0131 s\u0131ra <strong>kaskad, VRF, \u0131s\u0131 pompas\u0131 ve klima kategorileri<\/strong>nde sat\u0131\u015fa sunaca\u011f\u0131m\u0131z yeni \u00fcr\u00fcnlerimizle hedefimiz liderli\u011fimizi yeni alanlarda da s\u00fcrd\u00fcrmek&#8221; dedi.<\/p>\n<p><strong>\u201cYEN\u0130L\u0130KTE HIZ KESMEYECE\u011e\u0130Z\u201d<\/strong><\/p>\n<p><strong>\u0130klimlendirme sekt\u00f6r\u00fcnde ve t\u00fcketici trendleri<\/strong>nde ya\u015fanan d\u00f6n\u00fc\u015f\u00fcmde \u00f6nc\u00fc olmak i\u00e7in <strong>2019 y\u0131l\u0131nda<\/strong> e\u015f zamanl\u0131 bir\u00e7ok \u00e7al\u0131\u015fmaya imza att\u0131klar\u0131n\u0131 belirten <strong>DemirD\u00f6k\u00fcm Pazarlama Direkt\u00f6r\u00fc<\/strong> <strong>Bilge K\u0131ran<\/strong> \u015f\u00f6yle konu\u015ftu; &#8220;Sekt\u00f6re y\u00f6n veren <strong>100&#8217;\u00fcn \u00fczerinde<\/strong> kampanyam\u0131z, \u00f6d\u00fcll\u00fc, \u00e7ok ses getiren t\u00fcketici ileti\u015fim kampanyalar\u0131m\u0131z, \u00fcr\u00fcn \u00e7e\u015fitlili\u011fimiz ve m\u00fc\u015fteri deneyimi alan\u0131nda y\u00fcr\u00fctt\u00fc\u011f\u00fcm\u00fcz \u00e7al\u0131\u015fmalar\u0131m\u0131zla sekt\u00f6rdeki \u00f6nc\u00fcl\u00fc\u011f\u00fcm\u00fcz\u00fc peki\u015ftirdik. Bu y\u0131l markam\u0131z\u0131n <strong>s\u00fcrd\u00fcr\u00fclebilir ba\u015far\u0131s\u0131na devam edebilmesi<\/strong> ve <strong>m\u00fc\u015fteri deneyimi ile memnuniyetinde<\/strong> referans nokta olabilmek i\u00e7in <strong>e\u011fitime, yat\u0131r\u0131ma<\/strong> devam edece\u011fiz. \u0130\u015f ortaklar\u0131m\u0131z ve m\u00fc\u015fterilerimizle sahada daha fazla bulu\u015faca\u011f\u0131z. Teknolojinin t\u00fcm nimetlerinden faydalan\u0131p, <strong>etkin ileti\u015fim alanlar\u0131nda<\/strong> varl\u0131\u011f\u0131m\u0131z\u0131 art\u0131raca\u011f\u0131z. Bizi as\u0131rl\u0131k hedeflerimize ula\u015ft\u0131racak <strong>d\u00f6n\u00fc\u015f\u00fcm projelerimiz<\/strong> ile sekt\u00f6rde farkl\u0131la\u015faca\u011f\u0131z. 2020\u2019de yenilikte h\u0131z kesmeyece\u011fiz. <strong>Kombi, klima, kaskad, \u0131s\u0131 pompas\u0131, kontrol cihaz\u0131 ve vana kategorilerinde<\/strong> y\u0131l boyunca m\u00fc\u015fteri beklentileri do\u011frultusunda geli\u015ftirdi\u011fimiz yeni \u00fcr\u00fcnlerimizi m\u00fc\u015fterilerimizin be\u011fenisine sunaca\u011f\u0131z. \u0130\u015f ortaklar\u0131m\u0131z aktif pazarlama ara\u00e7lar\u0131yla kendi b\u00f6lgelerine \u00f6zel kampanyalar kurgulay\u0131p, m\u00fc\u015fterilerimiz ile etkile\u015fimi art\u0131racak projeleri hayata ge\u00e7irebilecek. <strong>DemirD\u00f6k\u00fcm Akademi \u00e7at\u0131s\u0131<\/strong> alt\u0131nda d\u00fczenleyece\u011fimiz <strong>e\u011fitimlerimiz ile i\u015f ortaklar\u0131m\u0131z\u0131<\/strong> gelece\u011fe haz\u0131rlamaya devam edece\u011fiz.\u201d<\/p>","protected":false},"excerpt":{"rendered":"<p>Sorry, this entry is only available in Turkish. For the sake of viewer convenience, the content is shown below in the alternative language. You may click the link to switch the active language. DemirD\u00f6k\u00fcm\u2019\u00fcn yetkili sat\u0131c\u0131lar\u0131 i\u00e7in geleneksel olarak d\u00fczenledi\u011fi &#8220;Liderler Zirvesi&#8221; K\u0131br\u0131s&#8217;ta ger\u00e7ekle\u015fti. Bu y\u0131l &#8220;A\u00e7\u0131k Ara&#8221; temas\u0131yla d\u00fczenlenen zirveye 200 i\u015f orta\u011f\u0131 kat\u0131l\u0131rken, [&hellip;]<\/p>\n","protected":false},"author":1,"featured_media":110041,"comment_status":"open","ping_status":"open","sticky":false,"template":"","format":"standard","meta":[],"categories":[46,53,52],"tags":[36997,39360,869,54036,68552,68550,53499,10457,68551,3754,796,1440,49097,68549,41701,15467,55467,65085],"views":120,"_links":{"self":[{"href":"https:\/\/www.enerjigazetesi.ist\/en\/wp-json\/wp\/v2\/posts\/110038"}],"collection":[{"href":"https:\/\/www.enerjigazetesi.ist\/en\/wp-json\/wp\/v2\/posts"}],"about":[{"href":"https:\/\/www.enerjigazetesi.ist\/en\/wp-json\/wp\/v2\/types\/post"}],"author":[{"embeddable":true,"href":"https:\/\/www.enerjigazetesi.ist\/en\/wp-json\/wp\/v2\/users\/1"}],"replies":[{"embeddable":true,"href":"https:\/\/www.enerjigazetesi.ist\/en\/wp-json\/wp\/v2\/comments?post=110038"}],"version-history":[{"count":0,"href":"https:\/\/www.enerjigazetesi.ist\/en\/wp-json\/wp\/v2\/posts\/110038\/revisions"}],"wp:featuredmedia":[{"embeddable":true,"href":"https:\/\/www.enerjigazetesi.ist\/en\/wp-json\/wp\/v2\/media\/110041"}],"wp:attachment":[{"href":"https:\/\/www.enerjigazetesi.ist\/en\/wp-json\/wp\/v2\/media?parent=110038"}],"wp:term":[{"taxonomy":"category","embeddable":true,"href":"https:\/\/www.enerjigazetesi.ist\/en\/wp-json\/wp\/v2\/categories?post=110038"},{"taxonomy":"post_tag","embeddable":true,"href":"https:\/\/www.enerjigazetesi.ist\/en\/wp-json\/wp\/v2\/tags?post=110038"}],"curies":[{"name":"wp","href":"https:\/\/api.w.org\/{rel}","templated":true}]}}