{"id":110003,"date":"2020-03-12T01:28:01","date_gmt":"2020-03-11T22:28:01","guid":{"rendered":"https:\/\/www.enerjigazetesi.ist\/?p=110003"},"modified":"2020-03-12T01:28:28","modified_gmt":"2020-03-11T22:28:28","slug":"yilin-enerjik-kadini-odulu-gunes-enerjisi-kooperatifi-kuran-kadinlarin-oldu","status":"publish","type":"post","link":"https:\/\/www.enerjigazetesi.ist\/en\/yilin-enerjik-kadini-odulu-gunes-enerjisi-kooperatifi-kuran-kadinlarin-oldu\/","title":{"rendered":"(Turkish) Y\u0131l\u0131n Enerjik Kad\u0131n\u0131 \u00d6d\u00fcl\u00fc G\u00fcne\u015f Kooperatifi Kurmu\u015f Olan Kad\u0131nlar\u0131n Oldu"},"content":{"rendered":"<p class=\"qtranxs-available-languages-message qtranxs-available-languages-message-en\">Sorry, this entry is only available in <a href=\"https:\/\/www.enerjigazetesi.ist\/tr\/wp-json\/wp\/v2\/posts\/110003\" class=\"qtranxs-available-language-link qtranxs-available-language-link-tr\" title=\"Turkish\">Turkish<\/a>. For the sake of viewer convenience, the content is shown below in the alternative language. You may click the link to switch the active language.<\/p><p><\/p>\n<h1><strong>Enerji Ekonomisi Derne\u011fi&#8217;nin geleneksel olarak d\u00fczenledi\u011fi \u2018Y\u0131l\u0131n Enerjik Kad\u0131n\u0131\u2019 \u00f6d\u00fcl\u00fcn\u00fcn bu y\u0131lki kazanan\u0131 T\u00fcrkiye\u2019nin ilk enerji kooperatiflerinden birini kurmu\u015f olan 3 kad\u0131n giri\u015fimci oldu.<\/strong><\/h1>\n<p><strong>Enerji Ekonomisi Derne\u011fi<\/strong>\u2019nin, <strong>8 Mart D\u00fcnya Kad\u0131nlar G\u00fcn\u00fc<\/strong> kapsam\u0131nda ilk kez ge\u00e7ti\u011fimiz y\u0131l ba\u015flatt\u0131\u011f\u0131 ve <strong>geleneksel<\/strong> olarak d\u00fczenleyece\u011fi<strong> \u2018Y\u0131l\u0131n Enerjik Kad\u0131n\u0131\u2019 \u00f6d\u00fcl\u00fc<\/strong> bu y\u0131l yenilenebilir enerji alan\u0131nda \u00e7ok \u00f6nemli bir projeyi hayata ge\u00e7iren 3 kad\u0131n orta\u011fa verildi.<\/p>\n<div id=\"attachment_110005\" style=\"width: 330px\" class=\"wp-caption alignright\"><img aria-describedby=\"caption-attachment-110005\" loading=\"lazy\" class=\"wp-image-110005\" src=\"https:\/\/www.enerjigazetesi.ist\/wp-content\/uploads\/2020\/03\/yilin-enerjik-kadini-odulu-gunes-enerjisi-kooperatifi-kuran-kadinlarin-oldu.jpg\" alt=\"\" width=\"320\" height=\"251\" srcset=\"https:\/\/www.enerjigazetesi.ist\/wp-content\/uploads\/2020\/03\/yilin-enerjik-kadini-odulu-gunes-enerjisi-kooperatifi-kuran-kadinlarin-oldu.jpg 623w, https:\/\/www.enerjigazetesi.ist\/wp-content\/uploads\/2020\/03\/yilin-enerjik-kadini-odulu-gunes-enerjisi-kooperatifi-kuran-kadinlarin-oldu-300x235.jpg 300w, https:\/\/www.enerjigazetesi.ist\/wp-content\/uploads\/2020\/03\/yilin-enerjik-kadini-odulu-gunes-enerjisi-kooperatifi-kuran-kadinlarin-oldu-500x392.jpg 500w, https:\/\/www.enerjigazetesi.ist\/wp-content\/uploads\/2020\/03\/yilin-enerjik-kadini-odulu-gunes-enerjisi-kooperatifi-kuran-kadinlarin-oldu-64x50.jpg 64w\" sizes=\"(max-width: 320px) 100vw, 320px\" \/><p id=\"caption-attachment-110005\" class=\"wp-caption-text\">photocell boards<\/p><\/div>\n<h2><strong>T\u00fcrkiye\u2019de \u2018enerji kooperatifi\u2019 kurdular<\/strong><\/h2>\n<p><strong>EED<\/strong> Ba\u015fkan\u0131 <strong>Prof. Dr. G\u00fcrkan Kumbaro\u011flu<\/strong>, j\u00fcri taraf\u0131ndan belirlenen kazan\u0131n\u0131n <strong>Derya Nazan \u00dcnverir, Dilek \u00d6zsoy \u00c7ak\u0131lc\u0131o\u011flu, Filiz K\u0131r\u00e7\u0131n Kaya<\/strong> oldu\u011fu dile getirildi.<\/p>\n<p>3 ismin <strong>uzun s\u00fcreli<\/strong> ve olduk\u00e7a <strong>me\u015fakkatli bir s\u00fcrecin ard\u0131ndan<\/strong> T\u00fcrkiye\u2019de \u2018Enerji Kooperatifi\u2019 kuran ilk isimlerden oldu\u011funu anlatan <strong>Prof. Dr. Kumbaro\u011flu<\/strong>, \u201cYenilenebilir enerjinin d\u00fcnya genelinde bu denli \u00f6nemsendi\u011fi bir d\u00f6nemde kendi \u00e7abalar\u0131yla bu <strong>i\u015fi kooperatif noktas\u0131na \u00e7\u0131karabilmek<\/strong> i\u00e7in kollar\u0131 s\u0131vayan ve \u00f6nlerine \u00e7\u0131kan t\u00fcm zorluklar\u0131 bir bir a\u015farak hedeflerini ger\u00e7ekle\u015ftiren <strong>3 ismi \u00f6zel<\/strong> \u00f6d\u00fcle lay\u0131k g\u00f6rd\u00fck.\u201d ifadelerini kulland\u0131.<\/p>\n<p>Y\u00f6netim kurulunun kad\u0131nlardan meydana geldi\u011fi <strong>Troya Enerji Kooperatifi<\/strong>, 2012 y\u0131l\u0131nda fikri olarak ba\u015flayan bu yolculu\u011funu takvimler <strong>2016 y\u0131l\u0131<\/strong> Mart ay\u0131n\u0131 g\u00f6sterdi\u011finde farkl\u0131 bir noktaya getirdi. S\u00f6z <strong>konusu kooperatif<\/strong> o y\u0131l ilk kez <strong>y\u00f6netmelikte<\/strong> yer almay\u0131 ba\u015fard\u0131.<\/p>","protected":false},"excerpt":{"rendered":"<p>Sorry, this entry is only available in Turkish. For the sake of viewer convenience, the content is shown below in the alternative language. You may click the link to switch the active language. Enerji Ekonomisi Derne\u011fi&#8217;nin geleneksel olarak d\u00fczenledi\u011fi \u2018Y\u0131l\u0131n Enerjik Kad\u0131n\u0131\u2019 \u00f6d\u00fcl\u00fcn\u00fcn bu y\u0131lki kazanan\u0131 T\u00fcrkiye\u2019nin ilk enerji kooperatiflerinden birini kurmu\u015f olan 3 kad\u0131n [&hellip;]<\/p>\n","protected":false},"author":1,"featured_media":110005,"comment_status":"open","ping_status":"open","sticky":false,"template":"","format":"standard","meta":[],"categories":[51,53,49],"tags":[68530,37015,68533,68534,19154,11854,68532,68535,68531,17674,54979,68536],"views":123,"_links":{"self":[{"href":"https:\/\/www.enerjigazetesi.ist\/en\/wp-json\/wp\/v2\/posts\/110003"}],"collection":[{"href":"https:\/\/www.enerjigazetesi.ist\/en\/wp-json\/wp\/v2\/posts"}],"about":[{"href":"https:\/\/www.enerjigazetesi.ist\/en\/wp-json\/wp\/v2\/types\/post"}],"author":[{"embeddable":true,"href":"https:\/\/www.enerjigazetesi.ist\/en\/wp-json\/wp\/v2\/users\/1"}],"replies":[{"embeddable":true,"href":"https:\/\/www.enerjigazetesi.ist\/en\/wp-json\/wp\/v2\/comments?post=110003"}],"version-history":[{"count":0,"href":"https:\/\/www.enerjigazetesi.ist\/en\/wp-json\/wp\/v2\/posts\/110003\/revisions"}],"wp:featuredmedia":[{"embeddable":true,"href":"https:\/\/www.enerjigazetesi.ist\/en\/wp-json\/wp\/v2\/media\/110005"}],"wp:attachment":[{"href":"https:\/\/www.enerjigazetesi.ist\/en\/wp-json\/wp\/v2\/media?parent=110003"}],"wp:term":[{"taxonomy":"category","embeddable":true,"href":"https:\/\/www.enerjigazetesi.ist\/en\/wp-json\/wp\/v2\/categories?post=110003"},{"taxonomy":"post_tag","embeddable":true,"href":"https:\/\/www.enerjigazetesi.ist\/en\/wp-json\/wp\/v2\/tags?post=110003"}],"curies":[{"name":"wp","href":"https:\/\/api.w.org\/{rel}","templated":true}]}}