{"id":109987,"date":"2020-03-12T00:32:06","date_gmt":"2020-03-11T21:32:06","guid":{"rendered":"https:\/\/www.enerjigazetesi.ist\/?p=109987"},"modified":"2020-03-12T00:32:06","modified_gmt":"2020-03-11T21:32:06","slug":"yildiz-entegre-mersinde-bulunan-akdeniz-tesisine-ges-yatirimi-yapacak","status":"publish","type":"post","link":"https:\/\/www.enerjigazetesi.ist\/en\/yildiz-entegre-mersinde-bulunan-akdeniz-tesisine-ges-yatirimi-yapacak\/","title":{"rendered":"Y\u0131ld\u0131z Entegre"},"content":{"rendered":"<p class=\"qtranxs-available-languages-message qtranxs-available-languages-message-en\">Sorry, this entry is only available in <a href=\"https:\/\/www.enerjigazetesi.ist\/tr\/wp-json\/wp\/v2\/posts\/109987\" class=\"qtranxs-available-language-link qtranxs-available-language-link-tr\" title=\"Turkish\">Turkish<\/a>. For the sake of viewer convenience, the content is shown below in the alternative language. You may click the link to switch the active language.<\/p><p><\/p>\n<h1>Y\u0131ld\u0131z Entegre, Mersin\u2019de bulunan Akdeniz Tesisi\u2019nde yap\u0131lacak yeni yat\u0131r\u0131m i\u00e7in kollar\u0131 s\u0131vad\u0131. Yakla\u015f\u0131k 15 milyon TL\u2019lik yeni yat\u0131r\u0131m kapsam\u0131nda, 26 bin 400 metrekarelik alan g\u00fcne\u015f panelleriyle kaplanacak ve 11 bin a\u011fa\u00e7 e\u015fde\u011ferinde karbon sal\u0131m\u0131n\u0131n \u00f6n\u00fcne ge\u00e7ilecek. Yat\u0131r\u0131m tamamland\u0131\u011f\u0131nda tesis, toplam elektrik ihtiyac\u0131n\u0131n yakla\u015f\u0131k % 10\u2019unu g\u00fcne\u015f enerjisinden sa\u011flayacak.<\/h1>\n<p>T\u00fcrkiye\u2019de son y\u0131llarda say\u0131lar\u0131 g\u00fcn ge\u00e7tik\u00e7e artan \u00e7evreci sanayi tesislerine bir yenisi daha ekleniyor&#8230; <img loading=\"lazy\" class=\"alignright wp-image-109989\" src=\"https:\/\/www.enerjigazetesi.ist\/wp-content\/uploads\/2020\/03\/yildiz-entegre-mersinde-bulunan-akdeniz-tesisine-ges-yatirimi-yapacak.jpg\" alt=\"\" width=\"320\" height=\"213\" srcset=\"https:\/\/www.enerjigazetesi.ist\/wp-content\/uploads\/2020\/03\/yildiz-entegre-mersinde-bulunan-akdeniz-tesisine-ges-yatirimi-yapacak.jpg 732w, https:\/\/www.enerjigazetesi.ist\/wp-content\/uploads\/2020\/03\/yildiz-entegre-mersinde-bulunan-akdeniz-tesisine-ges-yatirimi-yapacak-300x200.jpg 300w, https:\/\/www.enerjigazetesi.ist\/wp-content\/uploads\/2020\/03\/yildiz-entegre-mersinde-bulunan-akdeniz-tesisine-ges-yatirimi-yapacak-500x333.jpg 500w, https:\/\/www.enerjigazetesi.ist\/wp-content\/uploads\/2020\/03\/yildiz-entegre-mersinde-bulunan-akdeniz-tesisine-ges-yatirimi-yapacak-75x50.jpg 75w, https:\/\/www.enerjigazetesi.ist\/wp-content\/uploads\/2020\/03\/yildiz-entegre-mersinde-bulunan-akdeniz-tesisine-ges-yatirimi-yapacak-450x300.jpg 450w\" sizes=\"(max-width: 320px) 100vw, 320px\" \/>T\u00fcrkiye\u2019de orman \u00fcr\u00fcnleri alan\u0131nda faaliyet g\u00f6steren; \u0130stanbul Sanayi Odas\u0131\u2019n\u0131n son a\u00e7\u0131klad\u0131\u011f\u0131 verilere g\u00f6re de \u00fclkemizin en b\u00fcy\u00fck <strong>45&#8217;inci<\/strong> ve <strong>orman \u00fcr\u00fcnleri sekt\u00f6r\u00fc<\/strong>nde lider sanayi \u015firketi olan <strong>Y\u0131ld\u0131z Entegre<\/strong>, <strong>Mersin<\/strong>\u2019de bulunan <strong>Akdeniz Tesisi<\/strong>\u2019nde g\u00fcne\u015f enerjisi yat\u0131r\u0131m\u0131na ba\u015flama karar\u0131 ald\u0131. \u00d6n\u00fcm\u00fczdeki g\u00fcnlerde ba\u015flamas\u0131 planlanan yat\u0131r\u0131m\u0131n <strong>6 ay i\u00e7inde<\/strong> tamamlanmas\u0131 \u00f6ng\u00f6r\u00fcl\u00fcyor.<\/p>\n<h2><strong>13.000&#8217;DEN FAZLA G\u00dcNE\u015e PANEL\u0130 KURULACAK<\/strong><\/h2>\n<p>Yakla\u015f\u0131k <strong>15 milyon TL\u2019lik<\/strong> yat\u0131r\u0131m planlamas\u0131 kapsam\u0131nda, \u00fcretim tesisindeki yakla\u015f\u0131k <strong>26 bin 400 metrekarelik<\/strong> alan toplam <strong>13 binden fazla<\/strong> g\u00fcne\u015f paneliyle kaplanacak. Yat\u0131r\u0131m tamamland\u0131\u011f\u0131nda tesis, toplam elektrik ihtiyac\u0131n\u0131n yakla\u015f\u0131k <strong>% 10\u2019unu<\/strong> g\u00fcne\u015f enerjisinden sa\u011flayacak. Di\u011fer yandan tesiste ger\u00e7ekle\u015ftirilecek olas\u0131 bak\u0131m \u00e7al\u0131\u015fmalar\u0131 ya da ar\u0131za durumlar\u0131nda, g\u00fcne\u015f panellerinden <strong>\u00fcretilen elektrik, genel \u015febekeye<\/strong> verilerek, Mersin ekonomisine de katk\u0131da bulunmas\u0131 sa\u011flanacak.<\/p>\n<h2><strong>\u00dcLKEM\u0130Z EKONOM\u0130S\u0130NE KATKI SA\u011eLIYORUZ<\/strong><\/h2>\n<p>Konuyla ilgili de\u011ferlendirmelerde bulunan <strong>Y\u0131ld\u0131zlar Yat\u0131r\u0131m Holding<\/strong> Yat\u0131r\u0131m Projeleri M\u00fcd\u00fcr\u00fc Y\u0131ld\u0131r\u0131m Akag\u00fcnd\u00fcz, enerji kaynaklar\u0131n\u0131n \u00e7e\u015fitlendirilmesinin \u015firketler i\u00e7in oldu\u011fu kadar \u00fclkeler i\u00e7in de \u00f6nemli oldu\u011funun alt\u0131n\u0131 \u00e7izerken, \u201cSon y\u0131llarda \u00fclkemizde, yenilenebilir enerji kaynaklar\u0131na kar\u015f\u0131 yo\u011fun bir ilgi var. Petrol ve do\u011falgaz gibi enerji kaynaklar\u0131 konusunda, \u00fclkemizin yurt d\u0131\u015f\u0131na ba\u011f\u0131ml\u0131 oldu\u011fu bir ger\u00e7ek. Ama bunun yan\u0131nda \u00f6zellikle r\u00fczg\u00e2r ve g\u00fcne\u015f konusunda T\u00fcrkiye\u2019nin \u00e7ok ciddi bir potansiyeli var. Bu kapsamda \u00f6zellikle sanayi \u015firketlerinin, <strong>yenilenebilir enerji kaynaklar\u0131na<\/strong> y\u00f6nelmeleri hem do\u011fan\u0131n ve \u00e7evrenin korunmas\u0131na b\u00fcy\u00fck katk\u0131 sa\u011flayacak hem de \u00fclkemiz ekonomisinin gelecek hedeflerine ula\u015fmas\u0131na \u0131\u015f\u0131k tutacakt\u0131r\u201d ifadelerini kulland\u0131.<\/p>\n<h2><strong>G\u00dcNE\u015e ENERJ\u0130S\u0130NDE DAHA FAZLA FAYDALANACA\u011eIZ<\/strong><\/h2>\n<p>Mersin\u2019deki <strong>Akdeniz Tesisi<\/strong>\u2019nde ger\u00e7ekle\u015ftirecekleri yat\u0131r\u0131m\u0131n, <strong>Y\u0131ld\u0131z Entegre<\/strong>\u2019nin bu alandaki ilk yat\u0131r\u0131m oldu\u011funa dikkat \u00e7eken Y\u0131ld\u0131r\u0131m Akag\u00fcnd\u00fcz \u201cBu yat\u0131r\u0131m\u0131 yaparken \u00f6ncelikli amac\u0131m\u0131z <strong>konvansiyonel enerji kaynaklar\u0131na olan ba\u011f\u0131ml\u0131l\u0131\u011f\u0131m\u0131z\u0131 azaltmak<\/strong>; daha \u00e7evreci ve do\u011faya sayg\u0131l\u0131 bir y\u00f6ntemle enerji girdisi elde etmek. Yasal mevzuatlar\u0131n izin verdi\u011fi \u00f6l\u00e7\u00fcde, <strong>g\u00fcne\u015f enerjisi verimlili\u011fi y\u00fcksek<\/strong> olan tesislerimiz i\u00e7in benzer projeler gelecek d\u00f6nemde de g\u00fcndemimizde olacak\u201d \u015feklinde konu\u015ftu.<\/p>\n<h2><strong>Akdeniz\u2019in Orta Do\u011fu ve Afrika\u2019ya a\u00e7\u0131lan kap\u0131s\u0131<\/strong><\/h2>\n<p><strong>Orman \u00fcr\u00fcnleri<\/strong> alan\u0131nda T\u00fcrkiye\u2019nin \u00f6nde gelen \u015firketleri aras\u0131nda bulunan <strong>Y\u0131ld\u0131z Entegre<\/strong>\u2019nin, \u00fclke genelindeki 4 \u00fcretim merkezinden biri olan <strong>Akdeniz Tesisi<\/strong>, ayn\u0131 zamanda <strong>Mersin Tarsus Organize Sanayi B\u00f6lgesi<\/strong>\u2019nin de en b\u00fcy\u00fck yat\u0131r\u0131mlar\u0131 aras\u0131nda \u00f6ne \u00e7\u0131k\u0131yor. Y\u0131ld\u0131z Entegre&#8217;nin i\u00e7 pazardaki pozisyonunu g\u00fc\u00e7lendiren Akdeniz Tesisi, bununla birlikte <strong>Orta Do\u011fu<\/strong> ile <strong>Kuzey Afrika pazarlar\u0131na<\/strong> olan yak\u0131nl\u0131\u011f\u0131yla <strong>\u015firketin ihracat g\u00fcc\u00fcne<\/strong> de katk\u0131da bulunuyor. Yakla\u015f\u0131k <strong>240 bin metrekare<\/strong> arazi \u00fczerine kurulu tesisi, g\u00fcnde <strong>1.500 metrek\u00fcpl\u00fck<\/strong> <em>MDF, MDFlam, laminat parke, kapak panel, emprenyeli ka\u011f\u0131t ve tutkal \u00fcretimi<\/em> kapasitesine sahip.<\/p>","protected":false},"excerpt":{"rendered":"<p>Sorry, this entry is only available in Turkish. For the sake of viewer convenience, the content is shown below in the alternative language. You may click the link to switch the active language. Y\u0131ld\u0131z Entegre, Mersin\u2019de bulunan Akdeniz Tesisi\u2019nde yap\u0131lacak yeni yat\u0131r\u0131m i\u00e7in kollar\u0131 s\u0131vad\u0131. Yakla\u015f\u0131k 15 milyon TL\u2019lik yeni yat\u0131r\u0131m kapsam\u0131nda, 26 bin 400 [&hellip;]<\/p>\n","protected":false},"author":1,"featured_media":109990,"comment_status":"open","ping_status":"open","sticky":false,"template":"","format":"standard","meta":[],"categories":[51,53,49],"tags":[68527,68524,53114,5070,52259,53157,10931,1301,26535,68525,68526,22415,66130],"views":467,"_links":{"self":[{"href":"https:\/\/www.enerjigazetesi.ist\/en\/wp-json\/wp\/v2\/posts\/109987"}],"collection":[{"href":"https:\/\/www.enerjigazetesi.ist\/en\/wp-json\/wp\/v2\/posts"}],"about":[{"href":"https:\/\/www.enerjigazetesi.ist\/en\/wp-json\/wp\/v2\/types\/post"}],"author":[{"embeddable":true,"href":"https:\/\/www.enerjigazetesi.ist\/en\/wp-json\/wp\/v2\/users\/1"}],"replies":[{"embeddable":true,"href":"https:\/\/www.enerjigazetesi.ist\/en\/wp-json\/wp\/v2\/comments?post=109987"}],"version-history":[{"count":0,"href":"https:\/\/www.enerjigazetesi.ist\/en\/wp-json\/wp\/v2\/posts\/109987\/revisions"}],"wp:featuredmedia":[{"embeddable":true,"href":"https:\/\/www.enerjigazetesi.ist\/en\/wp-json\/wp\/v2\/media\/109990"}],"wp:attachment":[{"href":"https:\/\/www.enerjigazetesi.ist\/en\/wp-json\/wp\/v2\/media?parent=109987"}],"wp:term":[{"taxonomy":"category","embeddable":true,"href":"https:\/\/www.enerjigazetesi.ist\/en\/wp-json\/wp\/v2\/categories?post=109987"},{"taxonomy":"post_tag","embeddable":true,"href":"https:\/\/www.enerjigazetesi.ist\/en\/wp-json\/wp\/v2\/tags?post=109987"}],"curies":[{"name":"wp","href":"https:\/\/api.w.org\/{rel}","templated":true}]}}