{"id":10985,"date":"2013-05-16T14:53:35","date_gmt":"2013-05-16T11:53:35","guid":{"rendered":"https:\/\/www.enerjigazetesi.ist\/?p=10985"},"modified":"2013-05-16T14:53:35","modified_gmt":"2013-05-16T11:53:35","slug":"enerji-fuari-icci-2013un-ardindan","status":"publish","type":"post","link":"https:\/\/www.enerjigazetesi.ist\/en\/enerji-fuari-icci-2013un-ardindan\/","title":{"rendered":"(Turkish) Enerji Fuar\u0131 ICCI 2013&#8217;\u00fcn Ard\u0131ndan&#8230;"},"content":{"rendered":"<p class=\"qtranxs-available-languages-message qtranxs-available-languages-message-en\">Sorry, this entry is only available in <a href=\"https:\/\/www.enerjigazetesi.ist\/tr\/wp-json\/wp\/v2\/posts\/10985\" class=\"qtranxs-available-language-link qtranxs-available-language-link-tr\" title=\"Turkish\">Turkish<\/a>. For the sake of viewer convenience, the content is shown below in the alternative language. You may click the link to switch the active language.<\/p><p><strong>Sekt\u00f6rel Fuarc\u0131l\u0131k taraf\u0131ndan d\u00fczenlenen ICCI 2013-19. Uluslararas\u0131 Enerji ve \u00c7evre Fuar\u0131 ve Konferans\u0131, \u00fc\u00e7 g\u00fcnl\u00fck maratonun ard\u0131ndan sona erdi. ICCI 2013, 24 Nisan 2013 tarihinde \u0130stanbul Fuar Merkezi\u2019nde yap\u0131lan t\u00f6renle Enerji ve Tabii Kaynaklar Bakan\u0131 Taner Y\u0131ld\u0131z taraf\u0131ndan a\u00e7\u0131ld\u0131.<\/strong><\/p>\n<p>Avrupa, Balkan ve Ortado\u011fu \u00fclkeleri ba\u015fta olmak \u00fczere 30 \u00fclkeden 350 enerji \u015firketinin kat\u0131ld\u0131\u011f\u0131 ICCI 2013, 15 binden fazla ki\u015fi taraf\u0131ndan ziyaret edildi fuar alan\u0131nda yeni \u00fcr\u00fcnler tan\u0131t\u0131ld\u0131.<\/p>\n<p>ICCI 2013 a\u00e7\u0131l\u0131\u015f t\u00f6renine Enerji ve Tabii Kaynaklar Bakan\u0131 Taner Y\u0131ld\u0131z, TBMM Sanayi, Ticaret, Enerji Tabii Kaynaklar, Bilgi ve Teknoloji Komisyonu Ba\u015fkan\u0131 Mahmut M\u00fccahit F\u0131nd\u0131kl\u0131, TBMM \u00c7evre Komisyonu Ba\u015fkan\u0131 Erol Kaya, EPDK Ba\u015fkan\u0131 Hasan K\u00f6ktas, T\u00dcS\u0130AD Y\u00f6netim Kurulu Ba\u015fkan\u0131 Muharrem Y\u0131lmaz, M\u00dcS\u0130AD Y\u00f6netim Kurulu Ba\u015fkan\u0131 Nail Olpak, ICCI Y\u00fcr\u00fctme Kurulu Ba\u015fkan\u0131 \/ ETKB M\u00fcste\u015far Yard\u0131mc\u0131s\u0131 Dr. Selahattin \u00c7imen, Sekt\u00f6rel Fuarc\u0131l\u0131k Y\u00f6netim Kurulu Ba\u015fkan\u0131 S\u00fcleyman Bulak kat\u0131ld\u0131.<\/p>\n<h2>10 panel 29 oturum d\u00fczenlendi<\/h2>\n<p>T\u00fcrkiye\u2019nin bulundu\u011fu co\u011frafyadaki en b\u00fcy\u00fck ve en kapsaml\u0131 enerji fuar\u0131 ve konferans\u0131 olan ICCI 2013\u2019te 10 panel ve 29 oturum d\u00fczenlendi. Fuar boyunca 200 akademisyen, \u00f6zel sekt\u00f6r temsilcisi, kamu kurum ve kurulu\u015flar\u0131n\u0131n y\u00f6neticileri yapt\u0131klar\u0131 sunumlarla enerji g\u00fcndemindeki \u00f6nemli konular\u0131 tart\u0131\u015fma imkan\u0131 buldu.<\/p>\n<p><a href=\"https:\/\/www.enerjigazetesi.ist\/wp-content\/uploads\/2013\/05\/ICCI-2013-enerji-fuari.jpg\"><img loading=\"lazy\" class=\"alignright size-medium wp-image-10986\" title=\"ICCI-2013-enerji-fuari\" src=\"https:\/\/www.enerjigazetesi.ist\/wp-content\/uploads\/2013\/05\/ICCI-2013-enerji-fuari-300x199.jpg\" alt=\"\" width=\"300\" height=\"199\" srcset=\"https:\/\/www.enerjigazetesi.ist\/wp-content\/uploads\/2013\/05\/ICCI-2013-enerji-fuari-300x199.jpg 300w, https:\/\/www.enerjigazetesi.ist\/wp-content\/uploads\/2013\/05\/ICCI-2013-enerji-fuari-75x50.jpg 75w, https:\/\/www.enerjigazetesi.ist\/wp-content\/uploads\/2013\/05\/ICCI-2013-enerji-fuari.jpg 500w\" sizes=\"(max-width: 300px) 100vw, 300px\" \/><\/a>Sekt\u00f6rel Fuarc\u0131l\u0131k Y\u00f6netim Kurulu Ba\u015fkan\u0131 S\u00fcleyman Bulak, ICCI 2013 etkinli\u011finin bu y\u0131l b\u00fcy\u00fck bir g\u00f6rev \u00fcstlendi\u011fini belirterek, enerji d\u00fcnyas\u0131n\u0131n ve ekonomi d\u00fcnyas\u0131n\u0131n \u00f6nemli isimlerini a\u011f\u0131rlayan, enerjinin g\u00fcndemini olu\u015fturan bir etkinlik haline geldi\u011fini s\u00f6yledi. Bulak, \u00fclkemizde \u00f6nemli yat\u0131r\u0131mlar yapan dev enerji \u015firketlerinin y\u00f6neticilerinin ICCI 2013 oturumlar\u0131nda yer ald\u0131\u011f\u0131na dikkat \u00e7ekerek \u015f\u00f6yle konu\u015ftu: \u201cICCI 2013\u2019te yer alan M\u00dcS\u0130AD \u00d6zel Oturumu\u2019nda Enerji ve Tabii Kaynaklar Bakan\u0131m\u0131z Taner Y\u0131ld\u0131z\u2019\u0131n yan\u0131 s\u0131ra Turgay Ciner, Ahmet \u00c7al\u0131k, Adnan Polat, Nihat \u00d6zdemir ve Fahrettin Amir Arman gibi \u00f6nemli isimler enerji sekt\u00f6r\u00fcne y\u00f6nelik \u00f6nemli a\u00e7\u0131klamalarda bulundular\u201d<\/p>\n<h2>\u015eirket kat\u0131l\u0131m\u0131nda rekor k\u0131r\u0131ld\u0131<\/h2>\n<p>S\u00fcleyman Bulak, 19 y\u0131l sonra 30 \u00fclkeden 350 \u015firketin kat\u0131ld\u0131\u011f\u0131n\u0131 a\u00e7\u0131klayarak \u015funlar\u0131 s\u00f6yledi: \u201cfuar alan\u0131nda yer alan \u015firket say\u0131s\u0131nda 350 \u015firket ile rekor k\u0131rmay\u0131 ba\u015fard\u0131k. ICCI her y\u0131l daha fazla \u015firketin yer almak istedi\u011fi bir organizasyon olmay\u0131 ba\u015fard\u0131. Gelecek y\u0131l fuar alan\u0131m\u0131z\u0131 geni\u015fletmeyi ve daha fazla \u015firkete ICCI \u00e7at\u0131s\u0131 alt\u0131nda, 20\u2019inci y\u0131l\u0131m\u0131z\u0131 kutlad\u0131\u011f\u0131m\u0131z y\u0131lda yer vermeyi hedefliyoruz.\u201d<\/p>\n<p>ICCI 2013 -19. Uluslararas\u0131 Enerji ve \u00c7evre Fuar\u0131 ve Konferans\u0131 kapsam\u0131nda d\u00fczenlenen 10 panel 29 oturuma enerji d\u00fcnyas\u0131n\u0131n \u00f6nemli isimleri kat\u0131ld\u0131. Borsa \u0130stanbul taraf\u0131ndan \u201cEnerji Borsas\u0131\u201d ad\u0131yla d\u00fczenlenen oturumun ba\u015fkanl\u0131\u011f\u0131n\u0131 Dr. Mustafa Kemal Y\u0131lmaz (Borsa \u0130stanbul Genel M\u00fcd\u00fcr Yard\u0131mc\u0131s\u0131) yaparken toplant\u0131ya Batu Aksoy (Turcas Enerji CEO), Mustafa Karahan (Enerji Ticareti Derne\u011fi Y\u00f6netim Kurulu Ba\u015fkan\u0131), Abdulkadir Ongun (Enerji ve Tabii Kaynaklar Bakanl\u0131\u011f\u0131 Arz G\u00fcvenli\u011fi Daire Ba\u015fkan\u0131) ve Bora Oru\u00e7 (Sermaye Piyasas\u0131 Kurulu Ba\u015fkan Dan\u0131\u015fman\u0131) kat\u0131ld\u0131.<\/p>\n<h2>T\u00dcS\u0130AD, do\u011falgaz piyasas\u0131na dikkat \u00e7ekti<\/h2>\n<p>T\u00dc\u0130SAD taraf\u0131ndan d\u00fczenlenen Do\u011falgaz Piyasas\u0131 oturumunda ba\u015fkanl\u0131k g\u00f6revini Nusret C\u00f6mert (Shell Y\u00f6netim Kurulu Ba\u015fkan\u0131) yaparken, Batu Aksoy (Turcas Petrol CEO), Korkut \u00d6zt\u00fcrkmen (OMV T\u00fcrkiye Genel M\u00fcd\u00fcr\u00fc), Do\u011fanay Samuray (Palmet Enerji Y\u00f6netim Kurulu Ba\u015fkan\u0131) ve Matthias Keuchel (E.ON Ba\u015fkan Yard\u0131mc\u0131s\u0131) oturumda g\u00f6r\u00fc\u015flerini payla\u015ft\u0131lar.<\/p>\n<p>Uluslararas\u0131 Enerji Ajans\u0131 Ba\u015fekonomisti Fatih Birol, d\u00fcnyadaki ve T\u00fcrkiye\u2019deki enerji politikalar\u0131 hakk\u0131nda \u00e7arp\u0131c\u0131 a\u00e7\u0131klamalarda bulundu. Fatih Birol konu\u015fmas\u0131nda, T\u00fcrkiye\u2019nin \u00f6n\u00fcm\u00fczdeki 5 y\u0131l i\u00e7indeki enerji politikalar\u0131n\u0131n \u00e7ok kritik oldu\u011funu belirterek \u015funlar\u0131 s\u00f6yledi: \u201cT\u00fcrkiye\u2019nin \u00e7evresindeki \u00fclkelerde hem petrol hem de do\u011falgaz a\u00e7\u0131s\u0131ndan \u00f6nemli potansiyeller do\u011fuyor. T\u00fcrk yat\u0131r\u0131mc\u0131lar bu \u00fclkelerde do\u011falgaz, petrol ve elektrik alan\u0131nda yat\u0131r\u0131m yapmas\u0131 gerekiyor.\u201d<\/p>\n<p>Kaynak: <a href=\"http:\/\/enerjienstitusu.com\/2013\/05\/16\/enerji-fuari-icci-2013-sona-erdi\/\" target=\"_blank\">Enerji Enstit\u00fcs\u00fc<\/a><\/p>","protected":false},"excerpt":{"rendered":"<p>Sorry, this entry is only available in Turkish. For the sake of viewer convenience, the content is shown below in the alternative language. You may click the link to switch the active language.Sekt\u00f6rel Fuarc\u0131l\u0131k taraf\u0131ndan d\u00fczenlenen ICCI 2013-19. Uluslararas\u0131 Enerji ve \u00c7evre Fuar\u0131 ve Konferans\u0131, \u00fc\u00e7 g\u00fcnl\u00fck maratonun ard\u0131ndan sona erdi. ICCI 2013, 24 Nisan [&hellip;]<\/p>\n","protected":false},"author":1,"featured_media":10986,"comment_status":"open","ping_status":"open","sticky":false,"template":"","format":"standard","meta":[],"categories":[53],"tags":[2092,63,744,67,165,2069,961,1361,1756,1481,4871],"views":1088,"_links":{"self":[{"href":"https:\/\/www.enerjigazetesi.ist\/en\/wp-json\/wp\/v2\/posts\/10985"}],"collection":[{"href":"https:\/\/www.enerjigazetesi.ist\/en\/wp-json\/wp\/v2\/posts"}],"about":[{"href":"https:\/\/www.enerjigazetesi.ist\/en\/wp-json\/wp\/v2\/types\/post"}],"author":[{"embeddable":true,"href":"https:\/\/www.enerjigazetesi.ist\/en\/wp-json\/wp\/v2\/users\/1"}],"replies":[{"embeddable":true,"href":"https:\/\/www.enerjigazetesi.ist\/en\/wp-json\/wp\/v2\/comments?post=10985"}],"version-history":[{"count":2,"href":"https:\/\/www.enerjigazetesi.ist\/en\/wp-json\/wp\/v2\/posts\/10985\/revisions"}],"predecessor-version":[{"id":10988,"href":"https:\/\/www.enerjigazetesi.ist\/en\/wp-json\/wp\/v2\/posts\/10985\/revisions\/10988"}],"wp:featuredmedia":[{"embeddable":true,"href":"https:\/\/www.enerjigazetesi.ist\/en\/wp-json\/wp\/v2\/media\/10986"}],"wp:attachment":[{"href":"https:\/\/www.enerjigazetesi.ist\/en\/wp-json\/wp\/v2\/media?parent=10985"}],"wp:term":[{"taxonomy":"category","embeddable":true,"href":"https:\/\/www.enerjigazetesi.ist\/en\/wp-json\/wp\/v2\/categories?post=10985"},{"taxonomy":"post_tag","embeddable":true,"href":"https:\/\/www.enerjigazetesi.ist\/en\/wp-json\/wp\/v2\/tags?post=10985"}],"curies":[{"name":"wp","href":"https:\/\/api.w.org\/{rel}","templated":true}]}}