{"id":109791,"date":"2020-03-07T20:48:38","date_gmt":"2020-03-07T17:48:38","guid":{"rendered":"https:\/\/www.enerjigazetesi.ist\/?p=109791"},"modified":"2020-03-07T20:49:54","modified_gmt":"2020-03-07T17:49:54","slug":"dunya-liderleri-egitimci-kadinlar-tink-te-bulustu","status":"publish","type":"post","link":"https:\/\/www.enerjigazetesi.ist\/en\/dunya-liderleri-egitimci-kadinlar-tink-te-bulustu\/","title":{"rendered":"(Turkish) &#8217;D\u00fcnya Liderleri E\u011fitimci Kad\u0131nlar&#8217; T\u0130NK&#8217;te Bulu\u015ftu!"},"content":{"rendered":"<p class=\"qtranxs-available-languages-message qtranxs-available-languages-message-en\">Sorry, this entry is only available in <a href=\"https:\/\/www.enerjigazetesi.ist\/tr\/wp-json\/wp\/v2\/posts\/109791\" class=\"qtranxs-available-language-link qtranxs-available-language-link-tr\" title=\"Turkish\">Turkish<\/a>. For the sake of viewer convenience, the content is shown below in the alternative language. You may click the link to switch the active language.<\/p><p><\/p>\n<h1>UNESCO \u0130LK KADIN L\u0130DER\u0130 \u0130R\u0130NA BOKOVA, KADINLAR G\u00dcN\u00dc PANEL\u0130NDE &#8220;E\u011e\u0130T\u0130M EN DO\u011eRU YOL&#8221; DED\u0130&#8230;<\/h1>\n<p>E\u011fitimci kad\u0131nlar, T\u0130NK&#8217;te bulu\u015ftu. <strong>Teknoloji ve \u0130nsan Koleji<\/strong>&#8216;nde (Tink) d\u00fcn <strong>D\u00fcnya Kad\u0131nlar G\u00fcn\u00fc Paneli<\/strong> d\u00fczenlendi. Panelde Tink Kurucusu <strong>Zeynep Dereli<\/strong> <strong>Birle\u015fmi\u015f Milletler E\u011fitim, <img loading=\"lazy\" class=\"alignright wp-image-109794\" src=\"https:\/\/www.enerjigazetesi.ist\/wp-content\/uploads\/2020\/03\/dunya-liderleri-egitimci-kadinlar-tink-te-bulustu.jpg\" alt=\"\" width=\"320\" height=\"184\" srcset=\"https:\/\/www.enerjigazetesi.ist\/wp-content\/uploads\/2020\/03\/dunya-liderleri-egitimci-kadinlar-tink-te-bulustu.jpg 847w, https:\/\/www.enerjigazetesi.ist\/wp-content\/uploads\/2020\/03\/dunya-liderleri-egitimci-kadinlar-tink-te-bulustu-300x173.jpg 300w, https:\/\/www.enerjigazetesi.ist\/wp-content\/uploads\/2020\/03\/dunya-liderleri-egitimci-kadinlar-tink-te-bulustu-768x442.jpg 768w, https:\/\/www.enerjigazetesi.ist\/wp-content\/uploads\/2020\/03\/dunya-liderleri-egitimci-kadinlar-tink-te-bulustu-500x288.jpg 500w, https:\/\/www.enerjigazetesi.ist\/wp-content\/uploads\/2020\/03\/dunya-liderleri-egitimci-kadinlar-tink-te-bulustu-80x46.jpg 80w\" sizes=\"(max-width: 320px) 100vw, 320px\" \/>Bilim ve K\u00fclt\u00fcr \u00d6rg\u00fct\u00fc<\/strong>&#8216;n\u00fcn <strong>(UNESCO)<\/strong> ilk kad\u0131n genel direkt\u00f6rl\u00fc\u011f\u00fc yapan <strong>Irina Bokova<\/strong>, <strong>Limak Yat\u0131r\u0131m ve Limak Vakf\u0131<\/strong> Y\u00f6netim Kurulu Ba\u015fkan\u0131 <strong>Ebru \u00d6zdemir<\/strong> konu\u015fmac\u0131 olarak yer ald\u0131.<\/p>\n<p>\u201cKad\u0131nlar\u0131n liderli\u011fe getirdikleri \u00e7e\u015fitlili\u011fin kabul edilmesi ve \u00e7ok daha fazla desteklenmesi\u201d gerekti\u011fini belirten Irina Bokova, &#8220;Liderlik do\u011fal bir kabiliyet de\u011fildir; liderlerin \u00f6zenle yeti\u015ftirilmesi gerekir. Liderlerin yeti\u015ftirilmesi t\u0131pk\u0131 Teknoloji ve \u0130nsan Kolejleri\u2019nde oldu\u011fu gibi okul s\u0131ralar\u0131nda ba\u015flar. E\u011fitim, insan geli\u015fimi i\u00e7in <strong>en g\u00fc\u00e7l\u00fc at\u0131l\u0131m ve ilerleme<\/strong> stratejisidir. E\u011fitim insan\u0131 kendi sesine kavu\u015fturur, <strong>toplumsal kat\u0131l\u0131m\u0131<\/strong> te\u015fvik eder ve i\u015f piyasas\u0131ndaki f\u0131rsatlar\u0131 geni\u015fletir. <strong>Kad\u0131nlara liderlik yapmalar\u0131<\/strong> i\u00e7in yeni alanlar a\u00e7abiliriz&#8221; diye konu\u015ftu.<\/p>\n<h2>&#8216;E\u011fitim en do\u011fru yol&#8217;<\/h2>\n<p>Toplumun gelece\u011fi i\u00e7in <strong>e\u011fitimin yenilik\u00e7i teknolojilerle verilmesi<\/strong> gerekti\u011fini belirten Bokova, \u201cBireylere merak etme disiplinini ve yarat\u0131c\u0131l\u0131\u011f\u0131 kazand\u0131ran e\u011fitim modeli, d\u00fcnyam\u0131z i\u00e7in son derece gereklidir. Do\u011faya sayg\u0131 i\u00e7in, s\u00fcrd\u00fcr\u00fclebilirlik i\u00e7in, piyasalar i\u00e7in. G\u00fcn\u00fcn sonunda d\u00fcnyay\u0131 daha iyi bir yer haline getirmek i\u00e7in e\u011fitim en do\u011fru yol&#8221; dedi.<\/p>\n<p>E\u011fitim ve her alanda gereken f\u0131rsat e\u015fitli\u011finin bug\u00fcnden yar\u0131na harika hale gelecek bir \u015fey olmad\u0131\u011f\u0131n\u0131, \u00e7ok fazla emek ve zaman gerekti\u011fini belirten Tink Kurucusu <strong>Zeynep Dereli<\/strong> ise &#8220;Toplumun sorunlar\u0131 hakk\u0131nda dertlenmiyorsan\u0131z ve birlikte <strong>hareket etmek<\/strong> gibi temel bir anlay\u0131\u015f\u0131 \u00f6nemsemiyorsan\u0131z <strong>hi\u00e7bir \u015feyin d\u00fczelmesini beklememek<\/strong> gerek&#8221; dedi.<\/p>\n<p>T\u00fcrkiye\u2019de kad\u0131nlar\u0131n <strong>e\u011fitim, \u00e7al\u0131\u015fma hayat\u0131 ve siyasette<\/strong> karar alma s\u00fcre\u00e7lerine e\u015fit kat\u0131l\u0131mlar\u0131n\u0131n sa\u011flanmas\u0131 i\u00e7in \u00f6nce e\u011fitimde \u00f6nemli de\u011fi\u015fiklikler yap\u0131lmas\u0131 gerekti\u011fini aktaran Dereli &#8220;\u00dclkemizde kad\u0131n-erkek e\u015fitli\u011finin sa\u011flanmas\u0131, h\u00fck\u00fcmetlerin, <strong>sivil toplum \u00f6rg\u00fctleri<\/strong>nin, <strong>akademik \u00e7evreler<\/strong>in ve ilgili t\u00fcm toplum kesimlerinin <strong>kesintisiz \u00e7abalar\u0131 ile m\u00fcmk\u00fcn<\/strong> olabilecektir&#8221; diye konu\u015ftu.<\/p>\n<p><strong>Kad\u0131n-erkek e\u015fitli\u011finin sa\u011flanmas\u0131<\/strong> i\u00e7in, var olan <strong>toplumsal yap\u0131lar\u0131n ve ili\u015fki sistemlerinin<\/strong> \u00f6nemli d\u00f6n\u00fc\u015f\u00fcmler ge\u00e7irmesi gerekti\u011fi ifade eden Dereli \u015funlar\u0131 s\u00f6yledi: &#8220;E\u011fitimci bir kad\u0131n olarak bu \u00f6nemli g\u00fcnde d\u00fcnyada \u00f6nc\u00fc <strong>iki kad\u0131n lideri<\/strong> okulumuzda a\u011f\u0131rl\u0131yor olmaktan \u015feref duyuyorum. Umar\u0131m kad\u0131nlar\u0131m\u0131z\u0131n \u00f6nce e\u011fitimde sonra da \u00e7al\u0131\u015fma <strong>hayat\u0131 ve siyasette e\u015fit \u015fartlara<\/strong> sahip olmalar\u0131 konusunda rehberlik yapabiliriz.&#8221;<\/p>\n<h2>&#8216;Cam tavanlar\u0131 k\u0131ral\u0131m&#8217;<\/h2>\n<p>Limak Yat\u0131r\u0131m ve Limak Vakf\u0131 Y\u00f6netim Kurulu Ba\u015fkan\u0131 <strong>Ebru \u00d6zdemir<\/strong> de i\u015f d\u00fcnyas\u0131nda ba\u015far\u0131l\u0131 bir kad\u0131n olmakla ilgili, &#8220;Benim ba\u015far\u0131 tarifime g\u00f6re; <strong>\u00f6ncelikle merak, yarat\u0131c\u0131l\u0131k, kararl\u0131l\u0131k <\/strong>ve<strong> disiplin<\/strong> gerekli. Bunlar\u0131 bir araya getirmeyi ba\u015fard\u0131\u011f\u0131n\u0131zda sorunlar\u0131 \u00e7\u00f6z\u00fcyorsunuz ve <strong>d\u00fcnya i\u00e7in i\u015fleri<\/strong> kolayla\u015ft\u0131r\u0131yorsunuz. Disiplinle \u00e7al\u0131\u015f\u0131p ilerledi\u011finizde<strong> hem sorunlar\u0131 \u00e7\u00f6z\u00fcyorsunuz<\/strong> hem de kariyerinizi iyile\u015ftiriyorsunuz&#8221; dedi.<\/p>\n<p>\u00d6zdemir, i\u015f ya\u015fam\u0131nda ba\u015far\u0131l\u0131 bir kad\u0131n olman\u0131n yollar\u0131n\u0131 anlat\u0131rken, <strong>kad\u0131n-erkek f\u0131rsat e\u015fitli\u011fi<\/strong>ne dikkati \u00e7ekti.<\/p>\n<p>\u00d6zdemir, &#8220;\u0130\u015f d\u00fcnyas\u0131 dahil, toplumun her alan\u0131nda kad\u0131nlar\u0131n bak\u0131\u015f a\u00e7\u0131s\u0131na ve yenilik\u00e7i yakla\u015f\u0131mlar\u0131na ihtiyac\u0131m\u0131z var&#8221; ifadelerini kullanarak &#8220;Her kademede gereken <strong>&#8220;kad\u0131n yakla\u015f\u0131m\u0131&#8221;<\/strong> ihtiyac\u0131ndan hareketle, ba\u015fta <strong>T\u00fcrkiye\u2019nin M\u00fchendis K\u0131zlar\u0131 (TMK)<\/strong> olmak \u00fczere, farkl\u0131 projelerle, T\u00fcrkiye&#8217;nin gelece\u011fine y\u00f6n verecek ve <strong>cinsiyete dayal\u0131 \u00f6nyarg\u0131lar<\/strong> anlam\u0131na gelen &#8220;cam tavanlar\u0131&#8221; k\u0131racak <strong>kad\u0131n liderler yeti\u015ftirme<\/strong>ye \u00e7al\u0131\u015ft\u0131klar\u0131n\u0131 anlatt\u0131. \u00d6zdemir, <strong>TMK Projesi<\/strong> hakk\u0131nda \u015fu bilgileri verdi: &#8220;Kad\u0131nlar\u0131n i\u015f g\u00fcc\u00fcne kat\u0131l\u0131m\u0131n\u0131n en d\u00fc\u015f\u00fck oldu\u011fu profesyonel alanlardan biri m\u00fchendislik olarak dikkati \u00e7ekiyor. Bu veriden hareketle <strong>Limak Grubu<\/strong> b\u00fcnyesinde, T\u00fcrkiye\u2019nin gelece\u011fine yat\u0131r\u0131m yapmak ve <strong>kad\u0131nlar\u0131n m\u00fchendislik alan\u0131nda daha fazla yer almalar\u0131<\/strong>n\u0131 sa\u011flayarak, \u00fclkemizin <strong>ekonomik ve sosyal g\u00fc\u00e7lenmesi<\/strong>ne katk\u0131da bulunmak amac\u0131yla 2015 y\u0131l\u0131nda <strong>&#8216;T\u00fcrkiye\u2019nin M\u00fchendis K\u0131zlar\u0131&#8217; projesi<\/strong> ba\u015flad\u0131.<\/p>\n<p>M\u00fchendislik e\u011fitimi alan <strong>ve\/veya<\/strong> alacak olan k\u0131z \u00f6\u011frencileri, e\u011fitimlerinin farkl\u0131 a\u015famalar\u0131nda ve bir\u00e7ok y\u00f6nden desteklemek \u00fczere yola \u00e7\u0131kan<strong> &#8216;T\u00fcrkiye\u2019nin M\u00fchendis K\u0131zlar\u0131&#8217; projesi<\/strong>, <em>lise ve \u00fcniversitede okuyan<\/em> k\u0131z \u00f6\u011frencilere y\u00f6nelik 2 ayr\u0131 programdan meydana geliyor.<\/p>\n<p>Projenin \u00fcniversite program\u0131nda; devlet \u00fcniversitelerinin<strong> bilgisayar, \u00e7evre, elektrik-elektronik, end\u00fcstri, in\u015faat ve makine m\u00fchendisli\u011fi<\/strong> b\u00f6l\u00fcmlerinde <strong>okuyan \u00f6\u011frencilere burs deste\u011fi<\/strong>nin yan\u0131 s\u0131ra Limak Grubu ve di\u011fer kurulu\u015flarda \u00e7al\u0131\u015fan kad\u0131n m\u00fchendislerle <strong>g\u00f6n\u00fcll\u00fc mentorluk<\/strong> ve <strong>staj<\/strong> gibi olanaklar sa\u011flan\u0131yor.<\/p>\n<p>\u00d6zdemir, projeyle k\u0131zlara <strong>Limak Grubu<\/strong> ve di\u011fer kurulu\u015flarda staj imkan\u0131yla,<strong> 21&#8217;inci y\u00fczy\u0131l<\/strong> becerileri olarak adland\u0131r\u0131lan; <strong>ileti\u015fim, tak\u0131m \u00e7al\u0131\u015fmas\u0131, yarat\u0131c\u0131l\u0131k, ili\u015fki y\u00f6netimi, karar alma<\/strong> gibi konularda yetkinlikler kazanmas\u0131 amac\u0131yla <strong>PERY\u00d6N Akademi<\/strong> ile birlikte geli\u015ftirilen &#8216;M\u00fchendislikte Liderlik Sertifika Program\u0131&#8217;na kat\u0131l\u0131m hakk\u0131 verildi\u011fi bilgisini verdi. \u00d6zdemir konuyla ilgili \u015funlar\u0131 kaydetti:<\/p>\n<p>&#8220;<strong>TMK \u00dcniversite Program\u0131<\/strong>\u2019n\u0131n ilk y\u0131l\u0131ndan itibaren s\u0131ras\u0131yla; <strong>40, 54, 106 ve 110<\/strong> olmak \u00fczere <strong>4 y\u0131lda<\/strong> toplam <strong>310 k\u0131z<\/strong> \u00f6\u011frenci burs ve \u00e7ok y\u00f6nl\u00fc desteklerden faydaland\u0131. <strong>2019-2020 d\u00f6neminde<\/strong> ise <strong>120 \u00f6\u011frenci program kapsam\u0131nda<\/strong> sunulan imkanlardan yararlanacak.<\/p>\n<h2>&#8220;Tink&#8217;in e\u011fitimi bireyleri gelece\u011fe haz\u0131rl\u0131yor&#8217;<\/h2>\n<p><strong>Pek \u00e7ok mesle\u011fe yak\u0131n gelecekte ihtiya\u00e7<\/strong> kalmayaca\u011f\u0131n\u0131 anlatan \u00d6zdemir, <strong>\u00f6zg\u00fcn m\u00fcfredat\u0131<\/strong> ve <strong>inovatif e\u011fitim anlay\u0131\u015f\u0131yla<\/strong> \u00f6ne \u00e7\u0131kan <strong>Tink<\/strong>\u2019in, verdi\u011fi <strong>e\u011fitimle bireyleri<\/strong> gelece\u011fin d\u00fcnyas\u0131na haz\u0131rlad\u0131\u011f\u0131n\u0131 s\u00f6yledi.<\/p>\n<p><strong>Gelecekte fark yaratmak isteyenler<\/strong> i\u00e7in \u00f6nerilerde bulunan \u00d6zdemir, &#8220;Benim ba\u015far\u0131 tarifime g\u00f6re; <strong>\u00f6ncelikle merak, yarat\u0131c\u0131l\u0131k, kararl\u0131l\u0131k ve disiplin<\/strong> gerekli. Bunlar\u0131 bir araya getirmeyi ba\u015fard\u0131\u011f\u0131n\u0131zda <strong>sorunlar\u0131 \u00e7\u00f6z\u00fcyorsunuz<\/strong> ve <strong>d\u00fcnya i\u00e7in i\u015fleri<\/strong> kolayla\u015ft\u0131r\u0131yorsunuz. Disiplinle \u00e7al\u0131\u015f\u0131p ilerledi\u011finizde hem sorunlar\u0131 \u00e7\u00f6z\u00fcyorsunuz hem de kariyerinizi iyile\u015ftiriyorsunuz.&#8221; dedi.<\/p>\n<p>Panelin ard\u0131ndan konu\u015fmac\u0131lara <strong>plaket ve zeytin fidan\u0131<\/strong> hediye edildi. Toplant\u0131, <strong>hat\u0131ra foto\u011fraf\u0131 \u00e7ekimleriyle<\/strong> sona erdi.<\/p>","protected":false},"excerpt":{"rendered":"<p>Sorry, this entry is only available in Turkish. For the sake of viewer convenience, the content is shown below in the alternative language. You may click the link to switch the active language. UNESCO \u0130LK KADIN L\u0130DER\u0130 \u0130R\u0130NA BOKOVA, KADINLAR G\u00dcN\u00dc PANEL\u0130NDE &#8220;E\u011e\u0130T\u0130M EN DO\u011eRU YOL&#8221; DED\u0130&#8230; E\u011fitimci kad\u0131nlar, T\u0130NK&#8217;te bulu\u015ftu. Teknoloji ve \u0130nsan Koleji&#8216;nde [&hellip;]<\/p>\n","protected":false},"author":1,"featured_media":109795,"comment_status":"open","ping_status":"open","sticky":false,"template":"","format":"standard","meta":[],"categories":[53],"tags":[17253,68292,68291,2530,18324,34403,2506,52259,68302,68297,68288,68296,68294,68300,858,68293,68298,68301,68299,15679,37032,68287,68289,67188,68295,46615,46304,68290],"views":99,"_links":{"self":[{"href":"https:\/\/www.enerjigazetesi.ist\/en\/wp-json\/wp\/v2\/posts\/109791"}],"collection":[{"href":"https:\/\/www.enerjigazetesi.ist\/en\/wp-json\/wp\/v2\/posts"}],"about":[{"href":"https:\/\/www.enerjigazetesi.ist\/en\/wp-json\/wp\/v2\/types\/post"}],"author":[{"embeddable":true,"href":"https:\/\/www.enerjigazetesi.ist\/en\/wp-json\/wp\/v2\/users\/1"}],"replies":[{"embeddable":true,"href":"https:\/\/www.enerjigazetesi.ist\/en\/wp-json\/wp\/v2\/comments?post=109791"}],"version-history":[{"count":0,"href":"https:\/\/www.enerjigazetesi.ist\/en\/wp-json\/wp\/v2\/posts\/109791\/revisions"}],"wp:featuredmedia":[{"embeddable":true,"href":"https:\/\/www.enerjigazetesi.ist\/en\/wp-json\/wp\/v2\/media\/109795"}],"wp:attachment":[{"href":"https:\/\/www.enerjigazetesi.ist\/en\/wp-json\/wp\/v2\/media?parent=109791"}],"wp:term":[{"taxonomy":"category","embeddable":true,"href":"https:\/\/www.enerjigazetesi.ist\/en\/wp-json\/wp\/v2\/categories?post=109791"},{"taxonomy":"post_tag","embeddable":true,"href":"https:\/\/www.enerjigazetesi.ist\/en\/wp-json\/wp\/v2\/tags?post=109791"}],"curies":[{"name":"wp","href":"https:\/\/api.w.org\/{rel}","templated":true}]}}