{"id":109643,"date":"2020-03-04T15:40:38","date_gmt":"2020-03-04T12:40:38","guid":{"rendered":"https:\/\/www.enerjigazetesi.ist\/?p=109643"},"modified":"2020-03-04T15:40:56","modified_gmt":"2020-03-04T12:40:56","slug":"ruzgar-turbinlerinde-25-yillik-ekonomik-omur-icin-planli-bakim-sart","status":"publish","type":"post","link":"https:\/\/www.enerjigazetesi.ist\/en\/ruzgar-turbinlerinde-25-yillik-ekonomik-omur-icin-planli-bakim-sart\/","title":{"rendered":"(Turkish) R\u00fczgar T\u00fcrbinlerinde 25 Y\u0131ll\u0131k Ekonomik \u00d6m\u00fcr \u0130\u00e7in Planl\u0131 Bak\u0131m \u015eart"},"content":{"rendered":"<p class=\"qtranxs-available-languages-message qtranxs-available-languages-message-en\">Sorry, this entry is only available in <a href=\"https:\/\/www.enerjigazetesi.ist\/tr\/wp-json\/wp\/v2\/posts\/109643\" class=\"qtranxs-available-language-link qtranxs-available-language-link-tr\" title=\"Turkish\">Turkish<\/a>. For the sake of viewer convenience, the content is shown below in the alternative language. You may click the link to switch the active language.<\/p><p><\/p>\n<h1><strong>\u00dclkemizde r\u00fczgar enerjisinin elektrik \u00fcretimindeki pay\u0131n\u0131n %8\u2019lere \u00e7\u0131kmas\u0131nda yeni kurulan ve bak\u0131mlar\u0131na \u00f6nem verilmesi gereken r\u00fczgar t\u00fcrbinlerinin pay\u0131 \u00e7ok y\u00fcksek. Halen \u00fclkemizde kurulu 3.285 adet r\u00fczgar t\u00fcrbini verimlili\u011finin elektrik \u00fcretimine direkt etkisi oldu\u011funu dile getiren \u00dclke Enerji Genel M\u00fcd\u00fcr\u00fc Ali Ayd\u0131n, bir r\u00fczgar t\u00fcrbinin yakla\u015f\u0131k 25 y\u0131ll\u0131k ekonomik \u00f6mr\u00fcnde d\u00fczenli bak\u0131mlar\u0131n \u00e7ok b\u00fcy\u00fck rol oynad\u0131\u011f\u0131n\u0131n alt\u0131n\u0131 \u00e7iziyor.<\/strong><strong><br \/>\n<\/strong><\/h1>\n<p>R\u00fczgar enerjisini elektri\u011fe d\u00f6n\u00fc\u015ft\u00fcren en \u00f6nemli noktalardan birini r\u00fczgar t\u00fcrbinleri olu\u015fturuyor. Y\u0131llar i\u00e7erisinde yap\u0131lan yat\u0131r\u0131mlar ve r\u00fczgar enerjisine duyulan ihtiya\u00e7 ile say\u0131lar\u0131 artan r\u00fczgar t\u00fcrbinlerinin gelece\u011fini ise d\u00fczenli ve d\u00fczensiz bak\u0131mlar belirliyor. Yurti\u00e7i ve yurtd\u0131\u015f\u0131ndaki r\u00fczgar enerjisi santrallerine servis hizmetleri sunan<strong> \u00dclke Enerji<\/strong>\u2019nin Genel M\u00fcd\u00fcr\u00fc <strong>Ali Ayd\u0131n<\/strong>\u2019a g\u00f6re, 25 y\u0131ll\u0131k bir ekonomik \u00f6m\u00fcr i\u00e7in r\u00fczgar t\u00fcrbinlerinde d\u00fczenli bak\u0131mlar\u0131n yap\u0131lmas\u0131 gerekiyor.<\/p>\n<h2><strong><img loading=\"lazy\" class=\"alignright wp-image-109645\" src=\"https:\/\/www.enerjigazetesi.ist\/wp-content\/uploads\/2020\/03\/ruzgar-turbinlerinde-25-yillik-ekonomik-omur-icin-planli-bakim-sart-2.jpg\" alt=\"\" width=\"320\" height=\"213\" srcset=\"https:\/\/www.enerjigazetesi.ist\/wp-content\/uploads\/2020\/03\/ruzgar-turbinlerinde-25-yillik-ekonomik-omur-icin-planli-bakim-sart-2.jpg 732w, https:\/\/www.enerjigazetesi.ist\/wp-content\/uploads\/2020\/03\/ruzgar-turbinlerinde-25-yillik-ekonomik-omur-icin-planli-bakim-sart-2-300x200.jpg 300w, https:\/\/www.enerjigazetesi.ist\/wp-content\/uploads\/2020\/03\/ruzgar-turbinlerinde-25-yillik-ekonomik-omur-icin-planli-bakim-sart-2-500x333.jpg 500w, https:\/\/www.enerjigazetesi.ist\/wp-content\/uploads\/2020\/03\/ruzgar-turbinlerinde-25-yillik-ekonomik-omur-icin-planli-bakim-sart-2-75x50.jpg 75w, https:\/\/www.enerjigazetesi.ist\/wp-content\/uploads\/2020\/03\/ruzgar-turbinlerinde-25-yillik-ekonomik-omur-icin-planli-bakim-sart-2-450x300.jpg 450w\" sizes=\"(max-width: 320px) 100vw, 320px\" \/>Hayata Ge\u00e7mesi Y\u0131llar\u0131 Alabiliyor<\/strong><strong><br \/>\n<\/strong><\/h2>\n<p>Bir r\u00fczgar t\u00fcrbinin i\u015flev hale gelmesi ciddi bir s\u00fcreci kaps\u0131yor. Kurulacak r\u00fczgar t\u00fcrbini i\u00e7in y\u00fcksek yat\u0131r\u0131mlar\u0131n yap\u0131lmas\u0131n\u0131n yan\u0131 s\u0131ra, b\u00fcrokratik i\u015flemler ve in\u015fas\u0131 y\u0131llar i\u00e7erisinde ger\u00e7ekle\u015febiliyor. Zorlu bir s\u00fcre\u00e7ten sonra \u00fcretime ba\u015flayan r\u00fczgar t\u00fcrbinlerinin zorlu hava \u015fartlar\u0131nda y\u0131pranarak \u00f6mr\u00fcn\u00fc k\u0131saltmas\u0131 ise b\u00fcy\u00fck bir tehlike olarak g\u00f6r\u00fcl\u00fcyor. <strong>R\u00fczgar t\u00fcrbinlerinin bak\u0131mlar\u0131<\/strong> yap\u0131lmad\u0131\u011f\u0131nda yat\u0131r\u0131mc\u0131ya, \u00fcreticiye ve \u00fclke enerjisine d\u00f6n\u00fc\u015f\u00fcn\u00fcn zararl\u0131 oldu\u011funu belirten Ali Ayd\u0131n, r\u00fczgar t\u00fcrbininden beklenilen performans\u0131 alabilmenin anahtar\u0131 olarak d\u00fczenli bak\u0131mlar\u0131 i\u015faret ediyor.<\/p>\n<h2><strong>T\u00fcrbinin \u00d6mr\u00fc Bak\u0131mlara Ba\u011fl\u0131<\/strong><\/h2>\n<p>Kurulu olan ve \u00fcretime ba\u015flayan r\u00fczgar t\u00fcrbinlerinde g\u00f6zle g\u00f6r\u00fclen ya da g\u00f6r\u00fclmeyen bir\u00e7ok hasar \u00f6mr\u00fcn\u00fc etkiliyor. \u00d6zellikle g\u00f6zle g\u00f6r\u00fclemeyen hasarlar\u0131n tespit edilememesi nedeniyle r\u00fczgar t\u00fcrbinlerinde zamanla b\u00fcy\u00fck sorunlar olu\u015fabiliyor ya da <strong>t\u00fcrbin kanatlar\u0131<\/strong>ndaki ilk ba\u015fta \u00f6nemsenmeyen bir \u00e7izik, <strong>t\u00fcrbinin durmas\u0131ndan kanad\u0131n t\u00fcrbinden ayr\u0131lmas\u0131na<\/strong> kadar pek \u00e7ok soruna yol a\u00e7abiliyor. D\u00fczenli bak\u0131mlarla <strong>r\u00fczgar t\u00fcrbinlerinin \u00f6m\u00fcrleri<\/strong>nin ortalama <strong>25 y\u0131la<\/strong> kadar \u00e7\u0131kabildi\u011fini ifade eden Ali Ayd\u0131n, R\u00fczgar t\u00fcrbinlerine ait bile\u015fenlerin bak\u0131m takipleri ve bak\u0131mlar\u0131 d\u00fczenli yap\u0131lmad\u0131\u011f\u0131 takdirde alarm verdi\u011fini ve ciddi zararlar ortaya \u00e7\u0131karaca\u011f\u0131n\u0131 aktar\u0131yor.<\/p>\n<h2><strong>\u201cGer\u00e7ekle\u015ftirilen Bak\u0131m ve Hizmetlerde Avrupa ile Ayn\u0131 Performanstay\u0131z\u201d<\/strong><strong><br \/>\n<\/strong><\/h2>\n<p><strong>D\u00fczenli ve d\u00fczensiz bak\u0131mlarla<\/strong> ekonomik \u00f6m\u00fcrlerine destek olunan <strong>r\u00fczgar t\u00fcrbinlerinin<\/strong> sa\u011fl\u0131kl\u0131 \u00e7al\u0131\u015fabilmelerinde <strong>geli\u015fen teknolojinin ve uygulamalar\u0131n<\/strong> katk\u0131s\u0131 olduk\u00e7a b\u00fcy\u00fck. Avrupa ile k\u0131yasland\u0131\u011f\u0131nda \u00fclkemizde sunduklar\u0131 <strong>bak\u0131m ve hizmetlerin<\/strong> y\u00fcksek seviyede oldu\u011funu aktaran Ali Ayd\u0131n, sahip olduklar\u0131<strong> teknolojik altyap\u0131, nitelikli \u00e7al\u0131\u015fma arkada\u015flar\u0131 ve tecr\u00fcbe<\/strong> ile r\u00fczgar enerjisinin <strong>bel kemi\u011fi<\/strong> olan <strong>t\u00fcrbinlerin \u00f6m\u00fcrlerini uzatt\u0131klar\u0131n\u0131<\/strong> ve <strong>verimlilikleri art\u0131rd\u0131klar\u0131n\u0131<\/strong> ifade ediyor.<\/p>","protected":false},"excerpt":{"rendered":"<p>Sorry, this entry is only available in Turkish. For the sake of viewer convenience, the content is shown below in the alternative language. You may click the link to switch the active language. \u00dclkemizde r\u00fczgar enerjisinin elektrik \u00fcretimindeki pay\u0131n\u0131n %8\u2019lere \u00e7\u0131kmas\u0131nda yeni kurulan ve bak\u0131mlar\u0131na \u00f6nem verilmesi gereken r\u00fczgar t\u00fcrbinlerinin pay\u0131 \u00e7ok y\u00fcksek. Halen \u00fclkemizde [&hellip;]<\/p>\n","protected":false},"author":1,"featured_media":109646,"comment_status":"open","ping_status":"open","sticky":false,"template":"","format":"standard","meta":[],"categories":[51,53,50],"tags":[45446,5070,52259,45449,53282,10449,68145,68146,68147,45445],"views":473,"_links":{"self":[{"href":"https:\/\/www.enerjigazetesi.ist\/en\/wp-json\/wp\/v2\/posts\/109643"}],"collection":[{"href":"https:\/\/www.enerjigazetesi.ist\/en\/wp-json\/wp\/v2\/posts"}],"about":[{"href":"https:\/\/www.enerjigazetesi.ist\/en\/wp-json\/wp\/v2\/types\/post"}],"author":[{"embeddable":true,"href":"https:\/\/www.enerjigazetesi.ist\/en\/wp-json\/wp\/v2\/users\/1"}],"replies":[{"embeddable":true,"href":"https:\/\/www.enerjigazetesi.ist\/en\/wp-json\/wp\/v2\/comments?post=109643"}],"version-history":[{"count":0,"href":"https:\/\/www.enerjigazetesi.ist\/en\/wp-json\/wp\/v2\/posts\/109643\/revisions"}],"wp:featuredmedia":[{"embeddable":true,"href":"https:\/\/www.enerjigazetesi.ist\/en\/wp-json\/wp\/v2\/media\/109646"}],"wp:attachment":[{"href":"https:\/\/www.enerjigazetesi.ist\/en\/wp-json\/wp\/v2\/media?parent=109643"}],"wp:term":[{"taxonomy":"category","embeddable":true,"href":"https:\/\/www.enerjigazetesi.ist\/en\/wp-json\/wp\/v2\/categories?post=109643"},{"taxonomy":"post_tag","embeddable":true,"href":"https:\/\/www.enerjigazetesi.ist\/en\/wp-json\/wp\/v2\/tags?post=109643"}],"curies":[{"name":"wp","href":"https:\/\/api.w.org\/{rel}","templated":true}]}}