{"id":109450,"date":"2020-03-01T23:23:22","date_gmt":"2020-03-01T20:23:22","guid":{"rendered":"https:\/\/www.enerjigazetesi.ist\/?p=109450"},"modified":"2020-03-01T23:24:17","modified_gmt":"2020-03-01T20:24:17","slug":"avrupa-enerjisinin-yuzde-15-ini-turkiye-ise-yuzde-8-ini-ruzgardan-sagliyor","status":"publish","type":"post","link":"https:\/\/www.enerjigazetesi.ist\/en\/avrupa-enerjisinin-yuzde-15-ini-turkiye-ise-yuzde-8-ini-ruzgardan-sagliyor\/","title":{"rendered":"(Turkish) Avrupa Enerjisi&#8217;nin %15\u2019ini, T\u00fcrkiye ise %8\u2019ini R\u00fczgar&#8217;dan Sa\u011fl\u0131yor"},"content":{"rendered":"<p class=\"qtranxs-available-languages-message qtranxs-available-languages-message-en\">Sorry, this entry is only available in <a href=\"https:\/\/www.enerjigazetesi.ist\/tr\/wp-json\/wp\/v2\/posts\/109450\" class=\"qtranxs-available-language-link qtranxs-available-language-link-tr\" title=\"Turkish\">Turkish<\/a>. For the sake of viewer convenience, the content is shown below in the alternative language. You may click the link to switch the active language.<\/p><p><\/p>\n<h1>Avrupa R\u00fczgar Enerjisi Birli\u011fi (WindEurope) 2019 raporuna g\u00f6re, AB \u00fclkeleri ge\u00e7en y\u0131l elektrik ihtiya\u00e7lar\u0131n\u0131n %15\u2019ini r\u00fczgar enerjisinden elde etti. T\u00fcrkiye\u2019nin r\u00fczgar enerjisinden elde etti\u011fi elektrik \u00fcretimi ise art\u0131\u015f g\u00f6stererek %8\u2019e y\u00fckseldi. 2019 y\u0131l\u0131nda T\u00fcrkiye\u2019de yeni 686 MW kurulu r\u00fczgar enerjisi g\u00fcc\u00fcn\u00fcn devreye al\u0131nd\u0131\u011f\u0131n\u0131 belirten \u00dclke Enerji Genel M\u00fcd\u00fcr\u00fc Ali Ayd\u0131n\u2019a g\u00f6re, 2020 y\u0131l\u0131nda hedef olarak koyulan 10 GW i\u00e7in yat\u0131r\u0131mlar\u0131n ve \u00e7al\u0131\u015fmalar\u0131n artarak devam etmesi gerekiyor.<\/h1>\n<p><img loading=\"lazy\" class=\"alignright wp-image-109452\" src=\"https:\/\/www.enerjigazetesi.ist\/wp-content\/uploads\/2020\/03\/avrupa-enerjisinin-yuzde-15-ini-turkiye-ise-yuzde-8-ini-ruzgardan-sagliyor.jpg\" alt=\"\" width=\"320\" height=\"198\" srcset=\"https:\/\/www.enerjigazetesi.ist\/wp-content\/uploads\/2020\/03\/avrupa-enerjisinin-yuzde-15-ini-turkiye-ise-yuzde-8-ini-ruzgardan-sagliyor.jpg 787w, https:\/\/www.enerjigazetesi.ist\/wp-content\/uploads\/2020\/03\/avrupa-enerjisinin-yuzde-15-ini-turkiye-ise-yuzde-8-ini-ruzgardan-sagliyor-300x186.jpg 300w, https:\/\/www.enerjigazetesi.ist\/wp-content\/uploads\/2020\/03\/avrupa-enerjisinin-yuzde-15-ini-turkiye-ise-yuzde-8-ini-ruzgardan-sagliyor-768x476.jpg 768w, https:\/\/www.enerjigazetesi.ist\/wp-content\/uploads\/2020\/03\/avrupa-enerjisinin-yuzde-15-ini-turkiye-ise-yuzde-8-ini-ruzgardan-sagliyor-500x310.jpg 500w, https:\/\/www.enerjigazetesi.ist\/wp-content\/uploads\/2020\/03\/avrupa-enerjisinin-yuzde-15-ini-turkiye-ise-yuzde-8-ini-ruzgardan-sagliyor-80x50.jpg 80w\" sizes=\"(max-width: 320px) 100vw, 320px\" \/>WindEurope taraf\u0131ndan Avrupa Birli\u011fi ve \u00e7evre \u00fclkelerinde yap\u0131lan <strong>Avrupa R\u00fczgar Enerjisi ara\u015ft\u0131rmas\u0131n\u0131n<\/strong> 2019 raporu yay\u0131nland\u0131. Ara\u015ft\u0131rmada AB \u00fclkelerinin ge\u00e7en y\u0131l elektrik ihtiya\u00e7lar\u0131n\u0131n %15\u2019ini <strong>r\u00fczgar enerjisinden<\/strong> elde etti\u011fi raporland\u0131. 2019 y\u0131l\u0131nda r\u00fczgar enerjisinde <strong>686 MW<\/strong> kurulum ger\u00e7ekle\u015ftiren T\u00fcrkiye ise elektrik ihtiyac\u0131n\u0131n <strong>%8\u2019sini<\/strong> r\u00fczgar enerjisinden kar\u015f\u0131lad\u0131. Avrupa\u2019da kurulu r\u00fczgar g\u00fcc\u00fc bak\u0131m\u0131ndan <strong>7&#8217;inci s\u0131radaki<\/strong> konumunu koruyan T\u00fcrkiye\u2019nin \u00e7al\u0131\u015fmalar\u0131n\u0131 h\u0131zland\u0131rmas\u0131 gerekti\u011fini belirten \u00dclke Enerji Genel M\u00fcd\u00fcr\u00fc Ali Ayd\u0131n, r\u00fczgar\u0131n \u00fclkemizden yana esmesi i\u00e7in <strong>proje devreye al\u0131mlar\u0131n\u0131n h\u0131zlanmas\u0131<\/strong> gerekti\u011finin alt\u0131n\u0131 \u00e7izdi.<\/p>\n<h2>2019\u2019da Avrupa\u2019da 15 GW \u00dczerinde R\u00fczgar Enerjisi Kuruldu<\/h2>\n<p>Avrupa\u2019da, ge\u00e7en y\u0131l <strong>15,4 GW\u2019l\u0131k<\/strong> yeni r\u00fczgar enerjisi santrali kuruldu. Yeni kurulumlarla birlikte Avrupa <strong>205 GW<\/strong> kurulu r\u00fczgar g\u00fcc\u00fcne ula\u015ft\u0131. Bu oran, 2018\u2019den <strong>%27<\/strong> daha y\u00fcksek ancak <strong>2017\u2019deki<\/strong> rekor kurulumun <strong>%10<\/strong> alt\u0131nda. Ge\u00e7en y\u0131l Avrupa\u2019daki t\u00fcm elektrik ihtiyac\u0131n\u0131n <strong>%15\u2019ini<\/strong> r\u00fczgar enerjisi kar\u015f\u0131larken, T\u00fcrkiye ise elektrik ihtiyac\u0131n\u0131n <strong>%8\u2019ini<\/strong> r\u00fczgar enerjisinden temin etti. Ge\u00e7en y\u0131llara oranla T\u00fcrkiye\u2019nin <strong>2019 y\u0131l\u0131ndaki<\/strong> r\u00fczgar enerjisi yat\u0131r\u0131mlar\u0131n\u0131n d\u00fc\u015f\u00fck oldu\u011funa dikkat \u00e7eken <strong>Ali Ayd\u0131n<\/strong>\u2019a g\u00f6re, <strong>2020 y\u0131l\u0131nda<\/strong> ula\u015f\u0131lmas\u0131 hedeflenen <strong>10 GW<\/strong> i\u00e7in gerekli \u00e7al\u0131\u015fmalar\u0131n h\u0131zland\u0131r\u0131lmas\u0131 gerekiyor. R\u00fczgar enerjisinden faydalanma a\u00e7\u0131s\u0131ndan Danimarka <strong>%48\u2019lik<\/strong> oranla rekoru elinde bulunduruyor.<\/p>\n<p>WindEurope\u2019nin yay\u0131nlad\u0131\u011f\u0131 rapora g\u00f6re, Avrupa\u2019daki t\u00fcm r\u00fczgar enerjisi kapasitesinin <strong>%67<\/strong>\u2019si 5 \u00fclkede bulunuyor. Almanya <strong>61 GW<\/strong>, \u0130spanya <strong>26 GW<\/strong>, \u0130ngiltere <strong>24 GW<\/strong>, Fransa <strong>17 GW<\/strong> ve \u0130talya <strong>11 GW\u2019<\/strong>ye sahip. T\u00fcrkiye\u2019nin \u00f6n\u00fcnde bulunan \u0130sve\u00e7 <strong>9 GW<\/strong> kurulu g\u00fcce sahipken, Avrupa genelinde <strong>7&#8217;inci s\u0131rada<\/strong> bulunan T\u00fcrkiye\u2019nin sahip oldu\u011fu kurulu r\u00fczgar enerjisi g\u00fcc\u00fc ise <strong>686 MW\u2019lik<\/strong> art\u0131\u015fla <strong>8 GW<\/strong> oldu. <strong>2019\u2019daki<\/strong> yat\u0131r\u0131mlara g\u00f6re ise \u0130ngiltere, <strong>2,4 GW\u2019l\u0131k<\/strong> kapasite art\u0131\u015f\u0131 ile 1&#8217;inci s\u0131rada geldi.<\/p>","protected":false},"excerpt":{"rendered":"<p>Sorry, this entry is only available in Turkish. For the sake of viewer convenience, the content is shown below in the alternative language. You may click the link to switch the active language. Avrupa R\u00fczgar Enerjisi Birli\u011fi (WindEurope) 2019 raporuna g\u00f6re, AB \u00fclkeleri ge\u00e7en y\u0131l elektrik ihtiya\u00e7lar\u0131n\u0131n %15\u2019ini r\u00fczgar enerjisinden elde etti. T\u00fcrkiye\u2019nin r\u00fczgar enerjisinden [&hellip;]<\/p>\n","protected":false},"author":1,"featured_media":109452,"comment_status":"open","ping_status":"open","sticky":false,"template":"","format":"standard","meta":[],"categories":[51,53,50],"tags":[45446,67951,67277,5070,52259,35002,35004,23137,53282,45445],"views":117,"_links":{"self":[{"href":"https:\/\/www.enerjigazetesi.ist\/en\/wp-json\/wp\/v2\/posts\/109450"}],"collection":[{"href":"https:\/\/www.enerjigazetesi.ist\/en\/wp-json\/wp\/v2\/posts"}],"about":[{"href":"https:\/\/www.enerjigazetesi.ist\/en\/wp-json\/wp\/v2\/types\/post"}],"author":[{"embeddable":true,"href":"https:\/\/www.enerjigazetesi.ist\/en\/wp-json\/wp\/v2\/users\/1"}],"replies":[{"embeddable":true,"href":"https:\/\/www.enerjigazetesi.ist\/en\/wp-json\/wp\/v2\/comments?post=109450"}],"version-history":[{"count":0,"href":"https:\/\/www.enerjigazetesi.ist\/en\/wp-json\/wp\/v2\/posts\/109450\/revisions"}],"wp:featuredmedia":[{"embeddable":true,"href":"https:\/\/www.enerjigazetesi.ist\/en\/wp-json\/wp\/v2\/media\/109452"}],"wp:attachment":[{"href":"https:\/\/www.enerjigazetesi.ist\/en\/wp-json\/wp\/v2\/media?parent=109450"}],"wp:term":[{"taxonomy":"category","embeddable":true,"href":"https:\/\/www.enerjigazetesi.ist\/en\/wp-json\/wp\/v2\/categories?post=109450"},{"taxonomy":"post_tag","embeddable":true,"href":"https:\/\/www.enerjigazetesi.ist\/en\/wp-json\/wp\/v2\/tags?post=109450"}],"curies":[{"name":"wp","href":"https:\/\/api.w.org\/{rel}","templated":true}]}}