{"id":109385,"date":"2020-02-28T17:55:52","date_gmt":"2020-02-28T14:55:52","guid":{"rendered":"https:\/\/www.enerjigazetesi.ist\/?p=109385"},"modified":"2020-02-28T17:55:52","modified_gmt":"2020-02-28T14:55:52","slug":"enerji-donusumunde-kapilarimizi-yatirimcilara-actik","status":"publish","type":"post","link":"https:\/\/www.enerjigazetesi.ist\/en\/enerji-donusumunde-kapilarimizi-yatirimcilara-actik\/","title":{"rendered":"(Turkish) &#8221;Enerji D\u00f6n\u00fc\u015f\u00fcm\u00fcnde Kap\u0131lar\u0131m\u0131z\u0131 Yat\u0131r\u0131mc\u0131lara A\u00e7t\u0131k&#8221;"},"content":{"rendered":"<p class=\"qtranxs-available-languages-message qtranxs-available-languages-message-en\">Sorry, this entry is only available in <a href=\"https:\/\/www.enerjigazetesi.ist\/tr\/wp-json\/wp\/v2\/posts\/109385\" class=\"qtranxs-available-language-link qtranxs-available-language-link-tr\" title=\"Turkish\">Turkish<\/a>. For the sake of viewer convenience, the content is shown below in the alternative language. You may click the link to switch the active language.<\/p><p><\/p>\n<h1><strong>Enerji ve Tabii Kaynaklar Bakanl\u0131\u011f\u0131 Enerji ve \u00c7evre Dairesi Ba\u015fkan\u0131 O\u011fuz Can, T\u00fcrkiye\u2019de yenilenebilir enerji potansiyelinin y\u00fcksek oldu\u011funu belirterek, \u201cEnerji d\u00f6n\u00fc\u015f\u00fcm\u00fcnde kap\u0131lar\u0131m\u0131z\u0131 yat\u0131r\u0131mc\u0131lara a\u00e7t\u0131k. Akademi ve end\u00fcstrideki sekt\u00f6r payda\u015flar\u0131n\u0131n katk\u0131lar\u0131n\u0131 bekliyoruz\u201d dedi.<\/strong><\/h1>\n<p>\u0130lk \u00e7ok uluslu <strong>Horizon 2020 (H2020) projesi<\/strong> olan <strong>\u2018SolarTwins\u2019 projesi<\/strong> toplant\u0131s\u0131nda konu\u015fan <img loading=\"lazy\" class=\"alignright wp-image-109387\" src=\"https:\/\/www.enerjigazetesi.ist\/wp-content\/uploads\/2020\/02\/enerji-donusumunde-kapilarimizi-yatirimcilara-actik.jpg\" alt=\"\" width=\"320\" height=\"170\" srcset=\"https:\/\/www.enerjigazetesi.ist\/wp-content\/uploads\/2020\/02\/enerji-donusumunde-kapilarimizi-yatirimcilara-actik.jpg 640w, https:\/\/www.enerjigazetesi.ist\/wp-content\/uploads\/2020\/02\/enerji-donusumunde-kapilarimizi-yatirimcilara-actik-300x159.jpg 300w, https:\/\/www.enerjigazetesi.ist\/wp-content\/uploads\/2020\/02\/enerji-donusumunde-kapilarimizi-yatirimcilara-actik-500x266.jpg 500w, https:\/\/www.enerjigazetesi.ist\/wp-content\/uploads\/2020\/02\/enerji-donusumunde-kapilarimizi-yatirimcilara-actik-80x43.jpg 80w\" sizes=\"(max-width: 320px) 100vw, 320px\" \/>Can, \u00fclkenin mevcut enerji ba\u011f\u0131ml\u0131l\u0131\u011f\u0131 dikkate al\u0131nd\u0131\u011f\u0131nda T\u00fcrkiye\u2019nin yenilenebilir enerjiye y\u00f6nelmesinin ka\u00e7\u0131n\u0131lmaz oldu\u011funu ifade etti.<\/p>\n<p>Can, T\u00fcrkiye\u2019nin yenilenebilir enerji portf\u00f6y\u00fc ve hedeflerine de\u011finerek, \u201cMevcut elektrik \u00fcretim kapasitemiz <strong>91.3 gigavat<\/strong>. Son <strong>20 y\u0131lda<\/strong> \u00f6zellikle <strong>yenilenebilir enerjide ve g\u00fcne\u015f enerjisinde<\/strong> kurulu g\u00fcc\u00fcm\u00fcz\u00fc art\u0131rd\u0131k. Bu anlamda yenilenebilir enerji, enerji ba\u011f\u0131ms\u0131zl\u0131\u011f\u0131m\u0131z i\u00e7in gereklidir\u201d diye konu\u015ftu.<\/p>\n<p>T\u00fcrkiye\u2019de yenilenebilir enerji kaynaklar\u0131 aras\u0131nda g\u00fcne\u015fin \u00f6nemli bir yere sahip oldu\u011funu vurgulayan Can, \u201cEnerji d\u00f6n\u00fc\u015f\u00fcm\u00fcnde kap\u0131lar\u0131m\u0131z\u0131 yat\u0131r\u0131mc\u0131lara a\u00e7t\u0131k. Akademi ve end\u00fcstrideki sekt\u00f6r payda\u015flar\u0131n\u0131n katk\u0131lar\u0131n\u0131 bekliyoruz\u201d dedi.<\/p>\n<p>Ayr\u0131ca Can, enerji d\u00f6n\u00fc\u015f\u00fcm\u00fcnde k\u00fcresel ve yerel d\u00fczeyde \u00e7evreyle uyumlu projeler \u00fczerinde \u00e7al\u0131\u015ft\u0131klar\u0131n\u0131 dile getirerek, \u201cStabil elektrik \u00e7al\u0131\u015fmalar\u0131m\u0131za g\u00fc\u00e7l\u00fc bir \u015fekilde devam ederken, \u00f6te yandan enerji d\u00f6n\u00fc\u015f\u00fcm\u00fc ve elektrik alt yap\u0131 faaliyetleri ger\u00e7ekle\u015ftiriyoruz. Karbonsuz enerji alt yap\u0131s\u0131 i\u00e7in k\u00fcresel d\u00fczeyde projeler y\u00fcr\u00fct\u00fcyoruz\u201d ifadelerini kulland\u0131.<\/p>","protected":false},"excerpt":{"rendered":"<p>Sorry, this entry is only available in Turkish. For the sake of viewer convenience, the content is shown below in the alternative language. You may click the link to switch the active language. Enerji ve Tabii Kaynaklar Bakanl\u0131\u011f\u0131 Enerji ve \u00c7evre Dairesi Ba\u015fkan\u0131 O\u011fuz Can, T\u00fcrkiye\u2019de yenilenebilir enerji potansiyelinin y\u00fcksek oldu\u011funu belirterek, \u201cEnerji d\u00f6n\u00fc\u015f\u00fcm\u00fcnde kap\u0131lar\u0131m\u0131z\u0131 [&hellip;]<\/p>\n","protected":false},"author":1,"featured_media":109387,"comment_status":"open","ping_status":"open","sticky":false,"template":"","format":"standard","meta":[],"categories":[51,53,49],"tags":[67904,5070,52674,52259,53157,67903,54979],"views":103,"_links":{"self":[{"href":"https:\/\/www.enerjigazetesi.ist\/en\/wp-json\/wp\/v2\/posts\/109385"}],"collection":[{"href":"https:\/\/www.enerjigazetesi.ist\/en\/wp-json\/wp\/v2\/posts"}],"about":[{"href":"https:\/\/www.enerjigazetesi.ist\/en\/wp-json\/wp\/v2\/types\/post"}],"author":[{"embeddable":true,"href":"https:\/\/www.enerjigazetesi.ist\/en\/wp-json\/wp\/v2\/users\/1"}],"replies":[{"embeddable":true,"href":"https:\/\/www.enerjigazetesi.ist\/en\/wp-json\/wp\/v2\/comments?post=109385"}],"version-history":[{"count":0,"href":"https:\/\/www.enerjigazetesi.ist\/en\/wp-json\/wp\/v2\/posts\/109385\/revisions"}],"wp:featuredmedia":[{"embeddable":true,"href":"https:\/\/www.enerjigazetesi.ist\/en\/wp-json\/wp\/v2\/media\/109387"}],"wp:attachment":[{"href":"https:\/\/www.enerjigazetesi.ist\/en\/wp-json\/wp\/v2\/media?parent=109385"}],"wp:term":[{"taxonomy":"category","embeddable":true,"href":"https:\/\/www.enerjigazetesi.ist\/en\/wp-json\/wp\/v2\/categories?post=109385"},{"taxonomy":"post_tag","embeddable":true,"href":"https:\/\/www.enerjigazetesi.ist\/en\/wp-json\/wp\/v2\/tags?post=109385"}],"curies":[{"name":"wp","href":"https:\/\/api.w.org\/{rel}","templated":true}]}}