{"id":109307,"date":"2020-02-27T14:37:22","date_gmt":"2020-02-27T11:37:22","guid":{"rendered":"https:\/\/www.enerjigazetesi.ist\/?p=109307"},"modified":"2020-02-27T15:34:33","modified_gmt":"2020-02-27T12:34:33","slug":"yenilenebilir-enerjinin-de-icinde-yer-aldigi-torba-teklif-komisyondan-gecti","status":"publish","type":"post","link":"https:\/\/www.enerjigazetesi.ist\/en\/yenilenebilir-enerjinin-de-icinde-yer-aldigi-torba-teklif-komisyondan-gecti\/","title":{"rendered":"(Turkish) Yenilenebilir Enerji&#8217;nin de \u0130\u00e7inde Yer Ald\u0131\u011f\u0131 Torba Teklif Komisyondan Ge\u00e7ti"},"content":{"rendered":"<p class=\"qtranxs-available-languages-message qtranxs-available-languages-message-en\">Sorry, this entry is only available in <a href=\"https:\/\/www.enerjigazetesi.ist\/tr\/wp-json\/wp\/v2\/posts\/109307\" class=\"qtranxs-available-language-link qtranxs-available-language-link-tr\" title=\"Turkish\">Turkish<\/a>. For the sake of viewer convenience, the content is shown below in the alternative language. You may click the link to switch the active language.<\/p><p><\/p>\n<h1><strong>Ekonomiye ili\u015fkin Baz\u0131 Kanunlarda De\u011fi\u015fiklik Yap\u0131lmas\u0131na Dair Kanun Teklifi, TBMM Plan ve B\u00fct\u00e7e Komisyonu taraf\u0131ndan kabul edildi.<\/strong><\/h1>\n<p><strong>Enerji ve Tabii Kaynaklar Bakanl\u0131\u011f\u0131<\/strong>, yenilenebilir enerji kaynaklar\u0131n\u0131n <strong>etkin ve verimli kullan\u0131lmas\u0131<\/strong>, bu alanlar\u0131n ve ba\u011flant\u0131 kapasitelerinin yat\u0131r\u0131mc\u0131lara tahsisiyle yat\u0131r\u0131mlar\u0131n h\u0131zl\u0131 bir \u015fekilde ger\u00e7ekle\u015ftirilmeye y\u00f6nelik<strong> Kamu ve Hazine ta\u015f\u0131nmazlar\u0131<\/strong> ile <strong>\u00f6zel m\u00fclkiyete konu <img loading=\"lazy\" class=\"alignright wp-image-109309\" src=\"https:\/\/www.enerjigazetesi.ist\/wp-content\/uploads\/2020\/02\/yenilenebilir-enerjinin-de-icinde-yer-aldigi-torba-teklif-komisyondan-gecti.jpg\" alt=\"\" width=\"320\" height=\"172\" srcset=\"https:\/\/www.enerjigazetesi.ist\/wp-content\/uploads\/2020\/02\/yenilenebilir-enerjinin-de-icinde-yer-aldigi-torba-teklif-komisyondan-gecti.jpg 906w, https:\/\/www.enerjigazetesi.ist\/wp-content\/uploads\/2020\/02\/yenilenebilir-enerjinin-de-icinde-yer-aldigi-torba-teklif-komisyondan-gecti-300x162.jpg 300w, https:\/\/www.enerjigazetesi.ist\/wp-content\/uploads\/2020\/02\/yenilenebilir-enerjinin-de-icinde-yer-aldigi-torba-teklif-komisyondan-gecti-768x414.jpg 768w, https:\/\/www.enerjigazetesi.ist\/wp-content\/uploads\/2020\/02\/yenilenebilir-enerjinin-de-icinde-yer-aldigi-torba-teklif-komisyondan-gecti-500x269.jpg 500w, https:\/\/www.enerjigazetesi.ist\/wp-content\/uploads\/2020\/02\/yenilenebilir-enerjinin-de-icinde-yer-aldigi-torba-teklif-komisyondan-gecti-80x43.jpg 80w\" sizes=\"(max-width: 320px) 100vw, 320px\" \/>ta\u015f\u0131nmazlarda<\/strong>, kurum ve kurulu\u015flar\u0131n g\u00f6r\u00fc\u015f\u00fc al\u0131narak, <strong>yer se\u00e7imi yapmak suretiyle<\/strong> <strong>yenilenebilir enerji kaynak alanlar\u0131<\/strong> meydana getirecek.<\/p>\n<p>Bu i\u015flemin\u00a0<strong>tapu k\u00fct\u00fc\u011f\u00fcne \u015ferhi<\/strong> yap\u0131lacak olunup \u015eerh tarihinden itibaren<strong> 3 y\u0131l zarf\u0131nda<\/strong> <strong>Kamula\u015ft\u0131rma Kanunu<\/strong>\u2019ndaki ilgili h\u00fckme g\u00f6re <strong>kamula\u015ft\u0131rma bedelinin<\/strong> tespitiyle, \u201c<strong>Hazine ad\u0131na tescili iste\u011fi<\/strong>\u201dnde bulunuldu\u011funa dair mahkemeden al\u0131nacak belge <strong>tapu idaresine<\/strong> ibraz edilmedi\u011fi takdirde, bu <strong>\u015ferh tapu idaresince resen sicilden<\/strong> silinecek.<\/p>\n<p><strong>Yenilenebilir enerji kaynak alanlar\u0131<\/strong>n\u0131n <em>kullan\u0131m\u0131n\u0131 ve verimlili\u011fini etkileyici<\/em> <strong>imar planlar\u0131<\/strong> d\u00fczenlenemeyecek. Belirlenmi\u015f olunan yenilenebilir enerji kaynak alanlar\u0131, <strong>imar planlar\u0131na resen i\u015flenmek<\/strong> suretiyle\u00a0<strong>Enerji ve Tabii Kaynaklar Bakanl\u0131\u011f\u0131<\/strong>&#8216;nca ilgili mercilere bildirilecek.<\/p>\n<h2><strong>ACELE KAMULA\u015eTIRMA YAPILAB\u0130LECEK<\/strong><\/h2>\n<p><strong>\u00d6zel m\u00fclkiyete<\/strong> konu <strong>ta\u015f\u0131nmazlar\u0131n<\/strong>, <strong>yenilenebilir enerji kaynak alan\u0131<\/strong> olarak belirlenmesi halinde, bu alanlar \u00fczerinde <strong>acele kamula\u015ft\u0131rma<\/strong> yap\u0131labilecek. <strong>End\u00fcstri B\u00f6lgeleri Kanunu<\/strong> kapsam\u0131nda belirlenen b\u00f6lgelerin <strong>yenilenebilir enerji kaynak alan\u0131<\/strong> olarak da belirlenmesi halinde, <strong>bu alanlar\u0131n tahsis edilece\u011fi t\u00fczel ki\u015filerin<\/strong> belirlenmesi d\u0131\u015f\u0131ndaki di\u011fer gerekli i\u015flemler bu kanuna g\u00f6re y\u00fcr\u00fct\u00fcl\u00fcp ilgili alanlar\u0131 kullanacak <strong>t\u00fczel ki\u015filer<\/strong>, <strong>bakanl\u0131k\u00e7a<\/strong> belirlenecektir.<\/p>","protected":false},"excerpt":{"rendered":"<p>Sorry, this entry is only available in Turkish. For the sake of viewer convenience, the content is shown below in the alternative language. You may click the link to switch the active language. Ekonomiye ili\u015fkin Baz\u0131 Kanunlarda De\u011fi\u015fiklik Yap\u0131lmas\u0131na Dair Kanun Teklifi, TBMM Plan ve B\u00fct\u00e7e Komisyonu taraf\u0131ndan kabul edildi. Enerji ve Tabii Kaynaklar Bakanl\u0131\u011f\u0131, [&hellip;]<\/p>\n","protected":false},"author":1,"featured_media":109309,"comment_status":"open","ping_status":"open","sticky":false,"template":"","format":"standard","meta":[],"categories":[51,53,49,50],"tags":[4917,67843,52674,67839,52259,1972,1635,53157,67840,67835,67837,19971,67836,53282,67842,67841,67834,67838,16550,25578,32138,31711],"views":198,"_links":{"self":[{"href":"https:\/\/www.enerjigazetesi.ist\/en\/wp-json\/wp\/v2\/posts\/109307"}],"collection":[{"href":"https:\/\/www.enerjigazetesi.ist\/en\/wp-json\/wp\/v2\/posts"}],"about":[{"href":"https:\/\/www.enerjigazetesi.ist\/en\/wp-json\/wp\/v2\/types\/post"}],"author":[{"embeddable":true,"href":"https:\/\/www.enerjigazetesi.ist\/en\/wp-json\/wp\/v2\/users\/1"}],"replies":[{"embeddable":true,"href":"https:\/\/www.enerjigazetesi.ist\/en\/wp-json\/wp\/v2\/comments?post=109307"}],"version-history":[{"count":0,"href":"https:\/\/www.enerjigazetesi.ist\/en\/wp-json\/wp\/v2\/posts\/109307\/revisions"}],"wp:featuredmedia":[{"embeddable":true,"href":"https:\/\/www.enerjigazetesi.ist\/en\/wp-json\/wp\/v2\/media\/109309"}],"wp:attachment":[{"href":"https:\/\/www.enerjigazetesi.ist\/en\/wp-json\/wp\/v2\/media?parent=109307"}],"wp:term":[{"taxonomy":"category","embeddable":true,"href":"https:\/\/www.enerjigazetesi.ist\/en\/wp-json\/wp\/v2\/categories?post=109307"},{"taxonomy":"post_tag","embeddable":true,"href":"https:\/\/www.enerjigazetesi.ist\/en\/wp-json\/wp\/v2\/tags?post=109307"}],"curies":[{"name":"wp","href":"https:\/\/api.w.org\/{rel}","templated":true}]}}