{"id":109288,"date":"2020-02-27T13:22:25","date_gmt":"2020-02-27T10:22:25","guid":{"rendered":"https:\/\/www.enerjigazetesi.ist\/?p=109288"},"modified":"2020-02-27T13:22:53","modified_gmt":"2020-02-27T10:22:53","slug":"bosch-yogusmali-kombiler-sessizligi-ve-enerji-verimliligi-ile-one-cikiyor","status":"publish","type":"post","link":"https:\/\/www.enerjigazetesi.ist\/en\/bosch-yogusmali-kombiler-sessizligi-ve-enerji-verimliligi-ile-one-cikiyor\/","title":{"rendered":"(Turkish) &#8217;Bosch&#8217; Yo\u011fu\u015fmal\u0131 Kombiler Sessizli\u011fi ve Enerji Verimlili\u011fi ile \u00d6ne \u00c7\u0131k\u0131yor!"},"content":{"rendered":"<p class=\"qtranxs-available-languages-message qtranxs-available-languages-message-en\">Sorry, this entry is only available in <a href=\"https:\/\/www.enerjigazetesi.ist\/tr\/wp-json\/wp\/v2\/posts\/109288\" class=\"qtranxs-available-language-link qtranxs-available-language-link-tr\" title=\"Turkish\">Turkish<\/a>. For the sake of viewer convenience, the content is shown below in the alternative language. You may click the link to switch the active language.<\/p><p><\/p>\n<h1><strong>Yeni nesil Bosch Condens 2300i W yo\u011fu\u015fmal\u0131 kombi, \u00fcst\u00fcn teknolojisi ve 24 kW kapasitesiyle enerji verimlili\u011finde A s\u0131n\u0131f\u0131nda yer al\u0131yor. Kullan\u0131c\u0131lar\u0131na d\u00fc\u015f\u00fck ses seviyesi sunan Condens 2300i W, ayn\u0131 zamanda yenilik\u00e7i tasar\u0131m\u0131 ve estetik g\u00f6r\u00fcn\u00fcm\u00fc ile dikkat \u00e7ekiyor.<\/strong><\/h1>\n<h2><strong>Daha verimli kullan\u0131m, daha \u00e7ok enerji tasarrufu<\/strong><\/h2>\n<p>A s\u0131n\u0131f enerji verimlili\u011fine sahip <strong>yeni nesil yo\u011fu\u015fmal\u0131 duvar tipi kombi<\/strong> Condens 2300i W\u2019nin <strong>1:8 mod\u00fclasyonlu br\u00fcl\u00f6r\u00fc<\/strong>, kendisini <strong>anl\u0131k \u0131s\u0131 ihtiyac\u0131n\u0131za g\u00f6re<\/strong> otomatik olarak ayarl\u0131yor. Cihaza <img loading=\"lazy\" class=\"alignright wp-image-109290\" src=\"https:\/\/www.enerjigazetesi.ist\/wp-content\/uploads\/2020\/02\/bosch-yogusmali-kombiler-sessizligi-ve-enerji-verimliligi-ile-one-cikiyor.jpg\" alt=\"\" width=\"320\" height=\"219\" srcset=\"https:\/\/www.enerjigazetesi.ist\/wp-content\/uploads\/2020\/02\/bosch-yogusmali-kombiler-sessizligi-ve-enerji-verimliligi-ile-one-cikiyor.jpg 714w, https:\/\/www.enerjigazetesi.ist\/wp-content\/uploads\/2020\/02\/bosch-yogusmali-kombiler-sessizligi-ve-enerji-verimliligi-ile-one-cikiyor-300x205.jpg 300w, https:\/\/www.enerjigazetesi.ist\/wp-content\/uploads\/2020\/02\/bosch-yogusmali-kombiler-sessizligi-ve-enerji-verimliligi-ile-one-cikiyor-500x342.jpg 500w, https:\/\/www.enerjigazetesi.ist\/wp-content\/uploads\/2020\/02\/bosch-yogusmali-kombiler-sessizligi-ve-enerji-verimliligi-ile-one-cikiyor-73x50.jpg 73w\" sizes=\"(max-width: 320px) 100vw, 320px\" \/>ihtiya\u00e7 olmad\u0131\u011f\u0131 durumlarda, cihaz kapasitesini <strong>8\u2019de 1\u2019i kadar kendili\u011finden<\/strong> k\u0131sabiliyor. B\u00f6ylece <strong>gereksiz gaz t\u00fcketimi \u00f6nleyerek<\/strong> ekonomik bir kullan\u0131m sa\u011fl\u0131yor.<\/p>\n<h2><strong>D\u00fc\u015f\u00fck ses seviyesiyle k\u00fct\u00fcphane sessizli\u011finde \u00e7al\u0131\u015fma<\/strong><\/h2>\n<p><strong>Condens 2300i W<\/strong> m\u00fckemmel izolasyonu sayesinde, <strong>24 kW maksimum \u0131s\u0131tma kapasitesinde<\/strong> sadece <strong>44 db(A) ses g\u00fcc\u00fcyle<\/strong> \u00e7al\u0131\u015f\u0131yor (ErP taraf\u0131ndan \u00f6l\u00e7\u00fclen ses de\u011feri).<\/p>\n<h2><strong>Mod\u00fclasyonlu oda kumandas\u0131 ile kullan\u0131mda A+ enerji verimlili\u011fi<\/strong><\/h2>\n<p><strong>ErP (Enerji ili\u015fkili \u00fcr\u00fcnler) y\u00f6netmeli\u011fine<\/strong> g\u00f6re <strong>Condens 2300i W<\/strong>\u2019nin nominal kapasitesi <strong>24 kW<\/strong>, mahal \u0131s\u0131tma verimlili\u011fi ise %94\u2019t\u00fcr. A s\u0131n\u0131f\u0131 yeni nesil yo\u011fu\u015fmal\u0131 kombi; mod\u00fclasyonlu ve d\u0131\u015f havaya g\u00f6re \u00e7al\u0131\u015fan bir <strong>oda kumandas\u0131yla kullan\u0131ld\u0131\u011f\u0131nda<\/strong>, bu \u00f6zelliklere sahip oda kumandalar\u0131n\u0131n getirdi\u011fi ilave <strong>4 puan<\/strong> ile toplam sistem verimlili\u011fi <strong>% 98\u2019e<\/strong> \u00e7\u0131karak <strong>enerji verimlili\u011fi s\u0131n\u0131f\u0131 A+<\/strong>\u2019a ula\u015fmaktad\u0131r. Do\u011falgaz faturalar\u0131nda daha \u00e7ok verim almak i\u00e7in <strong>Bosch Termoteknik uzmanlar\u0131<\/strong> <strong>mod\u00fclasyonlu oda kumandas\u0131<\/strong> ile olu\u015fturulan sistemleri \u00f6nermektedir.<\/p>","protected":false},"excerpt":{"rendered":"<p>Sorry, this entry is only available in Turkish. For the sake of viewer convenience, the content is shown below in the alternative language. You may click the link to switch the active language. Yeni nesil Bosch Condens 2300i W yo\u011fu\u015fmal\u0131 kombi, \u00fcst\u00fcn teknolojisi ve 24 kW kapasitesiyle enerji verimlili\u011finde A s\u0131n\u0131f\u0131nda yer al\u0131yor. Kullan\u0131c\u0131lar\u0131na d\u00fc\u015f\u00fck [&hellip;]<\/p>\n","protected":false},"author":1,"featured_media":109290,"comment_status":"open","ping_status":"open","sticky":false,"template":"","format":"standard","meta":[],"categories":[46,53,52],"tags":[67806,67802,67810,67803,54036,59734,52259,49436,26559,67808,67809,67801,67811,67805,67812,67807,793,67804,12280],"views":245,"_links":{"self":[{"href":"https:\/\/www.enerjigazetesi.ist\/en\/wp-json\/wp\/v2\/posts\/109288"}],"collection":[{"href":"https:\/\/www.enerjigazetesi.ist\/en\/wp-json\/wp\/v2\/posts"}],"about":[{"href":"https:\/\/www.enerjigazetesi.ist\/en\/wp-json\/wp\/v2\/types\/post"}],"author":[{"embeddable":true,"href":"https:\/\/www.enerjigazetesi.ist\/en\/wp-json\/wp\/v2\/users\/1"}],"replies":[{"embeddable":true,"href":"https:\/\/www.enerjigazetesi.ist\/en\/wp-json\/wp\/v2\/comments?post=109288"}],"version-history":[{"count":0,"href":"https:\/\/www.enerjigazetesi.ist\/en\/wp-json\/wp\/v2\/posts\/109288\/revisions"}],"wp:featuredmedia":[{"embeddable":true,"href":"https:\/\/www.enerjigazetesi.ist\/en\/wp-json\/wp\/v2\/media\/109290"}],"wp:attachment":[{"href":"https:\/\/www.enerjigazetesi.ist\/en\/wp-json\/wp\/v2\/media?parent=109288"}],"wp:term":[{"taxonomy":"category","embeddable":true,"href":"https:\/\/www.enerjigazetesi.ist\/en\/wp-json\/wp\/v2\/categories?post=109288"},{"taxonomy":"post_tag","embeddable":true,"href":"https:\/\/www.enerjigazetesi.ist\/en\/wp-json\/wp\/v2\/tags?post=109288"}],"curies":[{"name":"wp","href":"https:\/\/api.w.org\/{rel}","templated":true}]}}