{"id":109214,"date":"2020-02-26T13:14:35","date_gmt":"2020-02-26T10:14:35","guid":{"rendered":"https:\/\/www.enerjigazetesi.ist\/?p=109214"},"modified":"2020-02-26T13:14:35","modified_gmt":"2020-02-26T10:14:35","slug":"enerex-antalya-fuari-27-subatta-ziyaretcilerine-kapilarini-aciyor","status":"publish","type":"post","link":"https:\/\/www.enerjigazetesi.ist\/en\/enerex-antalya-fuari-27-subatta-ziyaretcilerine-kapilarini-aciyor\/","title":{"rendered":"(Turkish) &#8217;ENEREX Antalya&#8217; Fuar\u0131 27 \u015eubat\u2019ta Ziyaret\u00e7ilerine Kap\u0131lar\u0131n\u0131 A\u00e7\u0131yor!"},"content":{"rendered":"<p class=\"qtranxs-available-languages-message qtranxs-available-languages-message-en\">Sorry, this entry is only available in <a href=\"https:\/\/www.enerjigazetesi.ist\/tr\/wp-json\/wp\/v2\/posts\/109214\" class=\"qtranxs-available-language-link qtranxs-available-language-link-tr\" title=\"Turkish\">Turkish<\/a>. For the sake of viewer convenience, the content is shown below in the alternative language. You may click the link to switch the active language.<\/p><p><\/p>\n<h1><strong>Antalya\u2019n\u0131n enerji \u00fcss\u00fc olmas\u0131 hedefiyle yola \u00e7\u0131kan ENEREX Antalya Enerji Verimlili\u011fi ve D\u00f6n\u00fc\u015f\u00fcm\u00fc Fuar\u0131, 27-29 \u015eubat 2020 tarihleri aras\u0131nda ANFA\u015e Uluslararas\u0131 Fuar ve Kongre Merkezi\u2019nde ilk kez kap\u0131lar\u0131n\u0131 ziyarete a\u00e7\u0131yor. Fuara yurti\u00e7i ve yurtd\u0131\u015f\u0131ndan 10 binin \u00fczerinde ziyaret\u00e7i kat\u0131l\u0131m\u0131 beklenirken, 70\u2019den fazla firma 150\u2019nin \u00fczerinde markas\u0131n\u0131 sergileyecek. <\/strong><\/h1>\n<p><strong>Enerji verimlili\u011fi mailiyetlerini azaltarak<\/strong> ekonomik kalk\u0131nma i\u00e7in \u00f6nemli rol \u00fcstlenirken, ayn\u0131 zamanda <strong>iklim de\u011fi\u015fikli\u011fi ile m\u00fccadele<\/strong> i\u00e7in <strong>karbon ayak izimizin azalt\u0131lmas\u0131n\u0131<\/strong> sa\u011fl\u0131yor. Bacas\u0131z sanayi turizmden tar\u0131ma, madenden end\u00fcstriye kadar pek \u00e7ok alanda \u00fclke ekonomisine katk\u0131 sa\u011flayan Antalya, <strong>27-29 \u015eubat 2020<\/strong> tarihleri aras\u0131nda Antalya\u2019da ilk kez d\u00fczenlenen <strong>ENEREX Antalya Enerji Verimlili\u011fi ve D\u00f6n\u00fc\u015f\u00fcm\u00fc Fuar\u0131<\/strong> ile pek \u00e7ok sekt\u00f6re enerji verimlili\u011fi ve <img loading=\"lazy\" class=\"alignright wp-image-109216\" src=\"https:\/\/www.enerjigazetesi.ist\/wp-content\/uploads\/2020\/02\/enerex-antalya-fuari-27-subatta-ziyaretcilerine-kapilarini-aciyor-2.jpg\" alt=\"\" width=\"320\" height=\"180\" srcset=\"https:\/\/www.enerjigazetesi.ist\/wp-content\/uploads\/2020\/02\/enerex-antalya-fuari-27-subatta-ziyaretcilerine-kapilarini-aciyor-2.jpg 867w, https:\/\/www.enerjigazetesi.ist\/wp-content\/uploads\/2020\/02\/enerex-antalya-fuari-27-subatta-ziyaretcilerine-kapilarini-aciyor-2-300x169.jpg 300w, https:\/\/www.enerjigazetesi.ist\/wp-content\/uploads\/2020\/02\/enerex-antalya-fuari-27-subatta-ziyaretcilerine-kapilarini-aciyor-2-768x432.jpg 768w, https:\/\/www.enerjigazetesi.ist\/wp-content\/uploads\/2020\/02\/enerex-antalya-fuari-27-subatta-ziyaretcilerine-kapilarini-aciyor-2-500x281.jpg 500w, https:\/\/www.enerjigazetesi.ist\/wp-content\/uploads\/2020\/02\/enerex-antalya-fuari-27-subatta-ziyaretcilerine-kapilarini-aciyor-2-80x45.jpg 80w\" sizes=\"(max-width: 320px) 100vw, 320px\" \/>yenilenebilir enerji konusunda \u00e7\u00f6z\u00fcmler sunuyor.<\/p>\n<p><strong>ANFA\u015e Y\u00f6netim Kurulu Ba\u015fkan\u0131 Ali BIDI<\/strong>, ENEREX Antalya\u2019n\u0131n yenilebilir enerji kaynaklar\u0131n kullan\u0131lmas\u0131, milli, yerli enerji \u00fcretimin yap\u0131lmas\u0131 ve enerji verimlili\u011finin sa\u011flanmas\u0131na \u00f6nc\u00fcl\u00fck edece\u011fini ve kenti enerji \u00fcss\u00fc konumuna ta\u015f\u0131yaca\u011f\u0131n\u0131 s\u00f6yledi. <strong>40\u2019tan fazla<\/strong> markan\u0131n <strong>150\u2019nin \u00fczerinde<\/strong> markas\u0131na dair \u00fcr\u00fcn ve hizmetleri ENEREX Antalya\u2019n\u0131n <strong>3 g\u00fcn s\u00fcreyle<\/strong> tan\u0131taca\u011f\u0131n\u0131 belirten <strong>Ali B\u0131d\u0131<\/strong>, kat\u0131l\u0131mc\u0131 profilinin <strong>g\u00fcne\u015f, r\u00fczgar, hidrolik, biyok\u00fctle, n\u00fckleer enerji ve enerji verimlilik sistemlerinden enerji verimlili\u011fi dan\u0131\u015fmanl\u0131k<\/strong> ile<strong> s\u0131f\u0131r bina enerji, yal\u0131t\u0131m-mantolama, \u0131s\u0131 pompa, do\u011falgaz sistemleri, perakende elektrik sat\u0131\u015f, finans ve sigorta kurulu\u015flar\u0131<\/strong> gibi \u00e7ok geni\u015f yelpazede sekt\u00f6r\u00fc kucaklad\u0131\u011f\u0131n\u0131 ifade etti. <strong>B\u0131d\u0131<\/strong>, ENEREX Antalya\u2019n\u0131n hayata ge\u00e7mesi i\u00e7in destek veren <strong>t\u00fcm kurum, kurulu\u015flar ile bas\u0131na<\/strong> te\u015fekk\u00fcr etti.<\/p>\n<h2><strong>Enerji Sekt\u00f6r\u00fc ENEREX Antalya\u2019y\u0131 destekliyor\u2026<\/strong><\/h2>\n<p>ENEREX Antalya Fuar\u0131, <em>Enerji Verimlili\u011fi ve Y\u00f6netimi Derne\u011fi (EYODER),G\u00fcne\u015f Enerjisi Sanayicileri ve End\u00fcstrisi Derne\u011fi (GENSED), Uluslararas\u0131 G\u00fcne\u015f Enerjisi Toplulu\u011fu T\u00fcrkiye B\u00f6l\u00fcm\u00fc (G\u00dcNDER)<\/em> gibi enerji sekt\u00f6r\u00fcn\u00fcn \u00f6nde gelen <strong>sivil toplum kurulu\u015flar\u0131<\/strong> taraf\u0131ndan destekleniyor. Fuarda, <strong>enerji verimlili\u011fi ile enerji d\u00f6n\u00fc\u015f\u00fcm\u00fcne ve yenilenebilir enerji kaynaklar\u0131n\u0131n kullan\u0131m\u0131na<\/strong> y\u00f6nelik <span style=\"text-decoration: underline;\">\u00e7al\u0131\u015fmalar\u0131n yan\u0131 s\u0131ra<\/span>; <strong>end\u00fcstriyel, tar\u0131m ve turizm sekt\u00f6r\u00fcn\u00fcn artan enerji maliyetleri<\/strong> de masaya yat\u0131r\u0131lacak. Fuara kat\u0131lanlar, <strong>maliyetlerin en aza indirilmesi<\/strong> i\u00e7in neler yap\u0131lmas\u0131 gerekti\u011fini de <strong>birlikte tart\u0131\u015fma f\u0131rsat\u0131<\/strong> yakalayacaklar.<\/p>\n<h2><strong>Enerji sekt\u00f6r\u00fcn\u00fc liderleri ENEREX Antalya Enerji Oturumlar\u0131\u2019nda Konu\u015facak\u2026<\/strong><\/h2>\n<p>ENEREX Antalya Fuar\u0131, sekt\u00f6rle ilgili pek \u00e7ok yenilik ve geli\u015fmenin g\u00fcndeme getirilece\u011fi ENEREX Enerji Oturumlar\u0131na ev sahipli\u011fi yapacak. <strong>27 \u015eubat Per\u015fembe<\/strong> g\u00fcn\u00fc ilk olarak <strong>Yeni Aray\u0131\u015flar Giri\u015fimi Platformu Derne\u011fi\u2019nin (YAPDER)<\/strong> d\u00fczenledi\u011fi ve <strong>Ekonomi Gazetecileri Derne\u011fi\u2019nin (EGD)<\/strong> destekledi\u011fi <strong>\u2018\u2019Enerji Depola Gelece\u011fini Kurtar\u2019\u2019 mottosuyla<\/strong> bir yuvarlak masa toplant\u0131s\u0131 d\u00fczenlenecek. Etkinlik <strong>13:00-15:00<\/strong> saatleri aras\u0131nda aras\u0131 Papatya Salon\u2019da ger\u00e7ekle\u015fecek. <strong>G\u00fcne\u015f Enerjisi Sanayicileri ve End\u00fcstrisi Derne\u011fi GENSED<\/strong> taraf\u0131ndan <strong>14:00-15:30<\/strong> saatleri aras\u0131nda Hall 2 Etkinlik Alan\u0131nda GENSED Genel Sekreteri <strong>Hakan Erkan<\/strong>\u2019\u0131n moderat\u00f6rl\u00fc\u011f\u00fcn\u00fc \u00fcstlendi\u011fi GENSED Oturumu yap\u0131lacak. <strong>16:00-17:30<\/strong> saatleri aras\u0131nda ise Antalya OSB Ba\u015fkan\u0131 <strong>Ali Bahar<\/strong>\u2019\u0131n moderat\u00f6rl\u00fc\u011f\u00fcnde <strong>Antalya Organize Sanayi B\u00f6lgesi Oturumu<\/strong>, ENEREX kat\u0131l\u0131mc\u0131 ve ziyaret\u00e7ileri i\u00e7in d\u00fczenlenecek. Oturumda CW Enerji Genel M\u00fcd\u00fcr\u00fc <strong>Volkan Y\u0131lmaz<\/strong>, Vat Enerji Genel M\u00fcd\u00fcr\u00fc <strong>Altu\u011f Karata\u015f<\/strong>, Kristal End\u00fcstriyel Mutfak Genel M\u00fcd\u00fcr Yard\u0131mc\u0131s\u0131 <strong>Abdi Kilit<\/strong>, EYODER Genel Sekreteri ve Enerji Verimlili\u011fi ile Y\u00f6netim Sistemleri Uzman\u0131 Laboratuvar Sorumlusu <strong>G\u00f6khan Durukan<\/strong> konu\u015fmac\u0131 olarak yer alacak.<\/p>\n<h2><strong>G\u00fcne\u015f Enerjisinin Gelece\u011fi ve Enerji Hukukundaki Son Geli\u015fmeler ENEREX Antalya\u2019da\u2026<\/strong><\/h2>\n<p>Fuar\u0131n <strong>2&#8217;inci<\/strong> g\u00fcn\u00fc <strong>28 \u015eubat\u2019ta<\/strong> toplam <strong>4 oturum<\/strong> yap\u0131lacak. <strong>11:00-12:30 saatleri<\/strong> aras\u0131nda <strong>Hall-2 Etkinlik Alan\u0131\u2019nda<\/strong> yap\u0131lacak. G\u00fcne\u015f Enerjisi\u2019nin Gelece\u011fi <strong>Solarbaba \u00d6zel Oturumu<\/strong> Solarbaba Dijital \u0130\u00e7erik Y\u00f6neticisi <strong>Gizem Ball\u0131<\/strong>\u2019n\u0131n moderat\u00f6rl\u00fc\u011f\u00fcnde ger\u00e7ekle\u015fecek. Oturumda <strong>Projexsolar<\/strong> Kurucusu S\u00fcleyman Bedelo\u011flu, <strong>Foton Energy<\/strong> Kurucu Orta\u011f\u0131 Can Arslan, <strong>Solarbaba<\/strong> Kurucusu Ate\u015f U\u011furel ve <strong>Solarian<\/strong> Kurucusu Or\u00e7un Ba\u015fak konu\u015fmac\u0131 olarak kat\u0131lacak. ENEREX Antalya, <strong>11:00-14:00<\/strong> saatleri aras\u0131nda <strong>B\u00fcy\u00fck Salon<\/strong>\u2019da <strong>Alman-T\u00fcrk Ticaret ve Sanayi Odas\u0131<\/strong> taraf\u0131ndan d\u00fczenlenen \u201c\u0130\u015f Hukukunda G\u00fcncel Geli\u015fmeler ve \u0130\u015fverenin \u00c7al\u0131\u015fan\u0131na Kar\u015f\u0131 KVKK\u2019dan Dolay\u0131 Sorumluluklar\u0131\u201d ba\u015fl\u0131kl\u0131 oturuma ev sahipli\u011fi yapacak. Etkinlikte, <strong>\u2018Enerji Hukuku\u2019<\/strong> ve<strong> \u20187194 Say\u0131l\u0131 Dijital Hizmet Vergisi ile Baz\u0131 Kanunlarda<\/strong> ve <strong>375 say\u0131l\u0131 Kanun H\u00fckm\u00fcnde Kararnamede Yap\u0131lan De\u011fi\u015fikliklerin Vergisel Etkileri ve Vergi Hukukundaki En Son Geli\u015fmeler<\/strong>\u2019 konular i\u015fleyecek.<\/p>\n<h2><strong>Enerji Verimlili\u011finin Faydalar\u0131 Masaya Yat\u0131r\u0131lacak\u2026<\/strong><\/h2>\n<p><strong>EYODER<\/strong> Y\u00f6netim Kurulu Ba\u015fkan Yard\u0131mc\u0131s\u0131 <strong>Naci I\u015f\u0131kl\u0131<\/strong>\u2019n\u0131n moderat\u00f6rl\u00fc\u011f\u00fcn\u00fc \u00fcstlendi\u011fi <strong>End\u00fcstriyel Tesislerde ve Binalarda Enerji Verimlili\u011fi<\/strong> ba\u015fl\u0131kl\u0131 EYODER Oturumu <strong>14:00-15:45<\/strong> saatleri aras\u0131nda Hall-2 Etkinlik Alan\u0131\u2019nda<strong> VET Enerji<\/strong> CEO\u2019su <strong>Tevfik Sporcu<\/strong>, Climotion Germany Genel M\u00fcd\u00fcr\u00fc <strong>Ayd\u0131n Tun\u00e7<\/strong>, AKTOB Y\u00f6netim Kurulu \u00dcyesi <strong>Sel\u00e7uk Ak\u0131ltopu<\/strong>, Vat Enerji Sat\u0131\u015f Pazarlama M\u00fcd\u00fcr\u00fc <strong>G\u00f6kay \u00c7omo\u011flu<\/strong>, Uluslar aras\u0131 Tesis Teknik M\u00fcd\u00fcr\u00fc Dernek Ba\u015fkan\u0131<strong> Kemal Evcio\u011flu<\/strong> ile Fipron Genel M\u00fcd\u00fcr\u00fc <strong>Ali G\u00f6k\u00e7elik<\/strong>\u2019in kat\u0131l\u0131mlar\u0131yla yap\u0131lacak.<\/p>\n<h2><strong>Yenilenebilir Enerjiler ve Karbon Ayakizimizi Azaltma Konular\u0131 G\u00fcndeme Ta\u015f\u0131nacak\u2026<\/strong><\/h2>\n<p><strong>ATSO<\/strong> \u00c7evre ve Enerji Meslek Komitesi Ba\u015fkan\u0131 <strong>Ayhan \u00c7ak\u0131r<\/strong>\u2019\u0131n y\u00f6netece\u011fi Antalya Ticaret ve Sanayi Odas\u0131 Oturumu ise <strong>16:00-18:00<\/strong> saatleri aras\u0131nda <strong>Hall-2 Etkinlik Alan\u0131<\/strong>\u2019nda yap\u0131lacak. <strong>\u201cYenilenebilir Enerji ve Enerji Sekt\u00f6r\u00fc T\u00fcrk Kad\u0131nlar\u0131\u201d<\/strong> Grubu TWRE taraf\u0131ndan ger\u00e7ekle\u015ftirilecek <strong>TWRE &#8211; Uzman Kad\u0131nlar\u0131n G\u00f6z\u00fcnden Enerji De\u011fi\u015fimi ve D\u00f6n\u00fc\u015f\u00fcm\u00fc<\/strong> ba\u015fl\u0131kl\u0131 Oturum ise <strong>ANFA\u015e B\u00fcy\u00fck Salon<\/strong>\u2019da TWRE Ba\u015fkan\u0131<strong> Sedef Budak<\/strong>\u2019\u0131n moderat\u00f6rl\u00fc\u011f\u00fcnde ger\u00e7ekle\u015fecek.<\/p>\n<h2><strong>T\u00fcrkiye, 2033 y\u0131l\u0131na kadar 30,2 milyar dolar enerji tasarrufu sa\u011flanmas\u0131n\u0131 \u00f6ng\u00f6r\u00fcyor\u2026<\/strong><\/h2>\n<p>D\u00fcnya genelinde enerji talebi, \u00f6n\u00fcm\u00fczdeki <strong>40 y\u0131l<\/strong> i\u00e7inde <strong>% 50<\/strong> artacak. K\u00fcresel \u0131s\u0131nmay\u0131 2 derecenin alt\u0131nda tutmak ve s\u00fcrd\u00fcr\u00fclebilir bir gelecek vaat etmek i\u00e7in emisyonlar\u0131n <strong>yar\u0131 yar\u0131ya azalt\u0131lmas\u0131<\/strong> ve <strong>\u015fehirlerde kirlili\u011fin<\/strong> \u00f6nemli \u00f6l\u00e7\u00fcde <strong>azalt\u0131lmas\u0131<\/strong> gerekiyor. Bu paradoksun \u00e7\u00f6z\u00fcm\u00fc ise enerji verimlili\u011fini <strong>3 kat art\u0131rmaktan<\/strong> ge\u00e7iyor. \u00dclkemiz, <strong>Ulusal Enerji Verimlili\u011fi Eylem Plan\u0131<\/strong> kapsam\u0131nda milli gelir ba\u015f\u0131na t\u00fcketilen enerjinin <strong>2023 y\u0131l\u0131na<\/strong> kadar, <strong>2011 y\u0131l\u0131na<\/strong> g\u00f6re en az <strong>% 20<\/strong> azalt\u0131lmas\u0131n\u0131 hedefliyor. 6 farkl\u0131 sekt\u00f6rde bulunan <strong>55 adet eylemin<\/strong> hayata ge\u00e7irilmesi ile <strong>2023 y\u0131l\u0131na<\/strong> kadar <strong>10,9 milyar ABD Dolar\u0131 yat\u0131r\u0131m<\/strong> ile k\u00fcm\u00fclatif olarak <strong>23,9 milyon ton e\u015fde\u011fer petrol (MTEP)<\/strong> enerji tasarrufu sa\u011flanmas\u0131 \u00f6ng\u00f6r\u00fcl\u00fcyor. <strong>2033 y\u0131l\u0131na<\/strong> kadar sa\u011flanmas\u0131 beklenen tasarruf kar\u015f\u0131l\u0131\u011f\u0131 ise<strong> 30,2 milyar Dolar<\/strong>.<\/p>","protected":false},"excerpt":{"rendered":"<p>Sorry, this entry is only available in Turkish. For the sake of viewer convenience, the content is shown below in the alternative language. You may click the link to switch the active language. Antalya\u2019n\u0131n enerji \u00fcss\u00fc olmas\u0131 hedefiyle yola \u00e7\u0131kan ENEREX Antalya Enerji Verimlili\u011fi ve D\u00f6n\u00fc\u015f\u00fcm\u00fc Fuar\u0131, 27-29 \u015eubat 2020 tarihleri aras\u0131nda ANFA\u015e Uluslararas\u0131 Fuar [&hellip;]<\/p>\n","protected":false},"author":1,"featured_media":109217,"comment_status":"open","ping_status":"open","sticky":false,"template":"","format":"standard","meta":[],"categories":[51,53,52],"tags":[62858,67732,67735,67733,52259,67734,58103,55404,4531,44358,24245],"views":133,"_links":{"self":[{"href":"https:\/\/www.enerjigazetesi.ist\/en\/wp-json\/wp\/v2\/posts\/109214"}],"collection":[{"href":"https:\/\/www.enerjigazetesi.ist\/en\/wp-json\/wp\/v2\/posts"}],"about":[{"href":"https:\/\/www.enerjigazetesi.ist\/en\/wp-json\/wp\/v2\/types\/post"}],"author":[{"embeddable":true,"href":"https:\/\/www.enerjigazetesi.ist\/en\/wp-json\/wp\/v2\/users\/1"}],"replies":[{"embeddable":true,"href":"https:\/\/www.enerjigazetesi.ist\/en\/wp-json\/wp\/v2\/comments?post=109214"}],"version-history":[{"count":0,"href":"https:\/\/www.enerjigazetesi.ist\/en\/wp-json\/wp\/v2\/posts\/109214\/revisions"}],"wp:featuredmedia":[{"embeddable":true,"href":"https:\/\/www.enerjigazetesi.ist\/en\/wp-json\/wp\/v2\/media\/109217"}],"wp:attachment":[{"href":"https:\/\/www.enerjigazetesi.ist\/en\/wp-json\/wp\/v2\/media?parent=109214"}],"wp:term":[{"taxonomy":"category","embeddable":true,"href":"https:\/\/www.enerjigazetesi.ist\/en\/wp-json\/wp\/v2\/categories?post=109214"},{"taxonomy":"post_tag","embeddable":true,"href":"https:\/\/www.enerjigazetesi.ist\/en\/wp-json\/wp\/v2\/tags?post=109214"}],"curies":[{"name":"wp","href":"https:\/\/api.w.org\/{rel}","templated":true}]}}