{"id":10919,"date":"2013-05-15T09:54:47","date_gmt":"2013-05-15T06:54:47","guid":{"rendered":"https:\/\/www.enerjigazetesi.ist\/?p=10919"},"modified":"2013-05-15T09:54:47","modified_gmt":"2013-05-15T06:54:47","slug":"enerjiye-10-milyar-arap-yatirimi-geliyor","status":"publish","type":"post","link":"https:\/\/www.enerjigazetesi.ist\/en\/enerjiye-10-milyar-arap-yatirimi-geliyor\/","title":{"rendered":"(Turkish) Enerjiye 10 Milyar $ Arap Yat\u0131r\u0131m\u0131 Geliyor&#8230;"},"content":{"rendered":"<p class=\"qtranxs-available-languages-message qtranxs-available-languages-message-en\">Sorry, this entry is only available in <a href=\"https:\/\/www.enerjigazetesi.ist\/tr\/wp-json\/wp\/v2\/posts\/10919\" class=\"qtranxs-available-language-link qtranxs-available-language-link-tr\" title=\"Turkish\">Turkish<\/a>. For the sake of viewer convenience, the content is shown below in the alternative language. You may click the link to switch the active language.<\/p><p><strong>Mineks \u0130nternational\u2019\u0131n kurucusu B\u00fclent G\u00f6ktuna, sadece bu y\u0131l 10 milyar dolarl\u0131k Arap sermayesinin enerji i\u00e7in gelece\u011fini s\u00f6yledi. Perakende sekt\u00f6r\u00fcnde de hareketlilik bekleyen G\u00f6ktuna, uzun s\u00fcredir sat\u0131\u015f\u0131 tart\u0131\u015f\u0131lan Migros\u2019u da Araplar\u0131n alaca\u011f\u0131n\u0131 iddia etti.<\/strong><\/p>\n<p><a href=\"https:\/\/www.enerjigazetesi.ist\/wp-content\/uploads\/2013\/05\/enerjiye-10-milyar-arap-yatirimi-enerji-yatirim-katar-birlesik-arap-emirlikleri-korfez.jpg\"><img loading=\"lazy\" class=\"alignright size-medium wp-image-10920\" title=\"enerjiye-10-milyar-arap-yatirimi-enerji-yatirim-katar-birlesik-arap-emirlikleri-korfez\" src=\"https:\/\/www.enerjigazetesi.ist\/wp-content\/uploads\/2013\/05\/enerjiye-10-milyar-arap-yatirimi-enerji-yatirim-katar-birlesik-arap-emirlikleri-korfez-300x168.jpg\" alt=\"\" width=\"300\" height=\"168\" srcset=\"https:\/\/www.enerjigazetesi.ist\/wp-content\/uploads\/2013\/05\/enerjiye-10-milyar-arap-yatirimi-enerji-yatirim-katar-birlesik-arap-emirlikleri-korfez-300x168.jpg 300w, https:\/\/www.enerjigazetesi.ist\/wp-content\/uploads\/2013\/05\/enerjiye-10-milyar-arap-yatirimi-enerji-yatirim-katar-birlesik-arap-emirlikleri-korfez-500x281.jpg 500w, https:\/\/www.enerjigazetesi.ist\/wp-content\/uploads\/2013\/05\/enerjiye-10-milyar-arap-yatirimi-enerji-yatirim-katar-birlesik-arap-emirlikleri-korfez-80x44.jpg 80w, https:\/\/www.enerjigazetesi.ist\/wp-content\/uploads\/2013\/05\/enerjiye-10-milyar-arap-yatirimi-enerji-yatirim-katar-birlesik-arap-emirlikleri-korfez.jpg 505w\" sizes=\"(max-width: 300px) 100vw, 300px\" \/><\/a>2008 y\u0131l\u0131ndan beri Mineks International\u2019\u0131n organizat\u00f6rl\u00fc\u011f\u00fcnde National Golf Kul\u00fcb\u00fc\u2019nde ger\u00e7ekle\u015fen \u2018Turkish Airlines Ladies Open 2013\u2032 etkinli\u011fi s\u0131ras\u0131nda bas\u0131n mensuplar\u0131 ile bir araya gelen B\u00fclent G\u00f6ktuna, \u00e7\u00f6z\u00fcm s\u00fcrecinin ba\u015far\u0131ya ula\u015fmas\u0131 ve \u00f6n\u00fcm\u00fczdeki d\u00f6nem beklenen not art\u0131\u015flar\u0131n\u0131n da gelmesi halinde T\u00fcrkiye\u2019nin b\u00fcy\u00fcmede u\u00e7u\u015fa ge\u00e7ece\u011fini s\u00f6yledi.<\/p>\n<p>G\u00f6ktuna, \u015f\u00f6yle konu\u015ftu: \u201cBiz Mineks \u0130nternational olarak 10 y\u0131l\u0131 a\u015fan bir s\u00fcrede 10 milyar dolar\u0131n \u00fcst\u00fcnde yabanc\u0131 yat\u0131r\u0131mc\u0131n\u0131n T\u00fcrkiye\u2019ye gelmesine arac\u0131 olduk. Bunlardan biri de Vodafone\u2019du. K\u00f6rfez \u00fclkeleri de T\u00fcrkiye\u2019ye odakland\u0131. Buralardaki fonlar\u0131 getirmeye \u00e7al\u0131\u015f\u0131yoruz. B\u00fcy\u00fck yat\u0131r\u0131mlar bekliyoruz. \u015eimdi AB\u2019den de\u011fil Ortado\u011fu\u2019dan yat\u0131r\u0131m gelecek. AB\u2019den gelen yat\u0131r\u0131m da Arap fonlar\u0131.\u201d<\/p>\n<p>Enerjide yabanc\u0131lar\u0131n \u00f6zelle\u015ftirmelerdeki zorluklardan dolay\u0131 hisse al\u0131m\u0131 ile T\u00fcrkiye\u2019ye yat\u0131r\u0131m yapacaklar\u0131n\u0131 dile getiren B\u00fclent G\u00f6ktuna, \u00f6zelle\u015ftirme s\u00fcrecinde enerjiye ili\u015fkin ihalelere girmeyeceklerini, bu arada Milli Piyango ile ilgilendiklerini s\u00f6yledi. G\u00f6ktuna, tar\u0131m sekt\u00f6r\u00fcne y\u00f6nelik de bir tak\u0131m yat\u0131r\u0131mlar\u0131n\u0131n ger\u00e7ekle\u015ftirilebilece\u011fini de kaydetti.<\/p>\n<p>Kaynak: <a href=\"http:\/\/enerjienstitusu.com\/2013\/05\/14\/enerjiye-10-milyar-arap-yatirimi-geliyor\" target=\"_blank\">Enerji Enstit\u00fcs\u00fc<\/a><\/p>","protected":false},"excerpt":{"rendered":"<p>Sorry, this entry is only available in Turkish. For the sake of viewer convenience, the content is shown below in the alternative language. You may click the link to switch the active language.Mineks \u0130nternational\u2019\u0131n kurucusu B\u00fclent G\u00f6ktuna, sadece bu y\u0131l 10 milyar dolarl\u0131k Arap sermayesinin enerji i\u00e7in gelece\u011fini s\u00f6yledi. Perakende sekt\u00f6r\u00fcnde de hareketlilik bekleyen G\u00f6ktuna, [&hellip;]<\/p>\n","protected":false},"author":1,"featured_media":10920,"comment_status":"open","ping_status":"open","sticky":false,"template":"","format":"standard","meta":[],"categories":[53],"tags":[5315,5314,63,67,165,532,5313],"views":631,"_links":{"self":[{"href":"https:\/\/www.enerjigazetesi.ist\/en\/wp-json\/wp\/v2\/posts\/10919"}],"collection":[{"href":"https:\/\/www.enerjigazetesi.ist\/en\/wp-json\/wp\/v2\/posts"}],"about":[{"href":"https:\/\/www.enerjigazetesi.ist\/en\/wp-json\/wp\/v2\/types\/post"}],"author":[{"embeddable":true,"href":"https:\/\/www.enerjigazetesi.ist\/en\/wp-json\/wp\/v2\/users\/1"}],"replies":[{"embeddable":true,"href":"https:\/\/www.enerjigazetesi.ist\/en\/wp-json\/wp\/v2\/comments?post=10919"}],"version-history":[{"count":2,"href":"https:\/\/www.enerjigazetesi.ist\/en\/wp-json\/wp\/v2\/posts\/10919\/revisions"}],"predecessor-version":[{"id":10922,"href":"https:\/\/www.enerjigazetesi.ist\/en\/wp-json\/wp\/v2\/posts\/10919\/revisions\/10922"}],"wp:featuredmedia":[{"embeddable":true,"href":"https:\/\/www.enerjigazetesi.ist\/en\/wp-json\/wp\/v2\/media\/10920"}],"wp:attachment":[{"href":"https:\/\/www.enerjigazetesi.ist\/en\/wp-json\/wp\/v2\/media?parent=10919"}],"wp:term":[{"taxonomy":"category","embeddable":true,"href":"https:\/\/www.enerjigazetesi.ist\/en\/wp-json\/wp\/v2\/categories?post=10919"},{"taxonomy":"post_tag","embeddable":true,"href":"https:\/\/www.enerjigazetesi.ist\/en\/wp-json\/wp\/v2\/tags?post=10919"}],"curies":[{"name":"wp","href":"https:\/\/api.w.org\/{rel}","templated":true}]}}